{"id":87329,"date":"2025-06-06T10:53:44","date_gmt":"2025-06-06T13:53:44","guid":{"rendered":"https:\/\/vocesparalelas.com.ar\/sitio\/?p=87329"},"modified":"2025-06-06T10:53:44","modified_gmt":"2025-06-06T13:53:44","slug":"i-jornada-regional-sobre-gestion-ambiental-impulsada-por-el-cfi-en-san-juan","status":"publish","type":"post","link":"https:\/\/vocesparalelas.com.ar\/sitio\/i-jornada-regional-sobre-gestion-ambiental-impulsada-por-el-cfi-en-san-juan\/","title":{"rendered":"I Jornada Regional sobre Gesti\u00f3n Ambiental impulsada por el CFI en San Juan"},"content":{"rendered":"<p>El Jueves, 5 de Junio, San Juan se convirti\u00f3 en sede de la I Jornada de Integraci\u00f3n Regional del Programa de Gesti\u00f3n Ambiental, una iniciativa impulsada por el\u00a0Consejo Federal de Inversiones (CFI)\u00a0con la participaci\u00f3n activa de la provincia.<\/p>\n<p>El evento, en el que participaron representantes de las provincias de La Rioja, Mendoza, San Luis, Catamarca y Buenos Aires, coincidi\u00f3 con la conmemoraci\u00f3n del D\u00eda Mundial del Ambiente y tuvo como eje principal el fortalecimiento de capacidades para definir y aplicar pol\u00edticas p\u00fablicas ambientales en los niveles regionales y locales.<\/p>\n<p>El programa tiene como objetivo brindar herramientas te\u00f3ricas y pr\u00e1cticas que permitan incorporar la dimensi\u00f3n ambiental como un factor estrat\u00e9gico para el desarrollo sostenible.<\/p>\n<p>Adem\u00e1s, busca impulsar la transversalizaci\u00f3n de esta perspectiva en las pol\u00edticas p\u00fablicas provinciales, m\u00e1s all\u00e1 de las \u00e1reas gubernamentales espec\u00edficamente ambientales.<\/p>\n<p>Durante el acto de apertura, como participante y anfitri\u00f3n,\u00a0el ministro de Econom\u00eda, Finanzas y Hacienda del Gobierno de San Juan, CPN Roberto Guti\u00e9rrez, destac\u00f3 que \u00abla relevancia del encuentro es otorgar capacidades, habilidades y experiencias entre provincias para abordar de manera integral las tem\u00e1ticas ambientales. Los funcionarios que participan de estas jornadas obtendr\u00e1n herramientas concretas para dise\u00f1ar e implementar mejores pol\u00edticas p\u00fablicas ambientales en sus territorios\u00bb.<\/p>\n<p>Por su parte, el subsecretario de Residuos, Santiago Ceballos, subray\u00f3 que \u00abla experiencia de San Juan en conservaci\u00f3n ambiental donde comparte su trabajo en la protecci\u00f3n de la flora y fauna local, as\u00ed como en la gesti\u00f3n de residuos domiciliarios a trav\u00e9s del programa San Juan Suma, que promueve la separaci\u00f3n en origen y la econom\u00eda circular\u00bb.<\/p>\n<p>El evento de dos d\u00edas, comprendi\u00f3 en primer lugar, disertaciones de los participantes de las diferentes provincias, sobre Miner\u00eda, Agroecosistemas, Gesti\u00f3n del Recurso H\u00eddrico y Degradaci\u00f3n de tierras. Posteriormente, en la segunda jornada se realiz\u00f3 una visita t\u00e9cnica al Centro Ambiental Anchipurac, donde pudieron conocer de primera mano los procesos que lleva adelante la provincia para el cuidado del ambiente.<\/p>\n<p><span style=\"color: #008000;\"><strong>Objetivos<\/strong><\/span><\/p>\n<ul>\n<li>Transmitir conceptos clave para la gesti\u00f3n de los bienes comunes.<\/li>\n<li>Difundir herramientas pr\u00e1cticas de gesti\u00f3n ambiental y su implementaci\u00f3n territorial.<\/li>\n<li>Capacitar a funcionarios\/as de distintas \u00e1reas para integrar el enfoque ambiental en sus planes de trabajo.<\/li>\n<li>Promover el intercambio de experiencias entre regiones y sectores t\u00e9cnicos.<\/li>\n<\/ul>\n<p>Esta jornada marca un paso clave en el camino hacia un enfoque colaborativo y federal en materia de pol\u00edticas ambientales, apostando a la capacitaci\u00f3n, la acci\u00f3n conjunta y el compromiso con un desarrollo m\u00e1s sostenible.<\/p>\n<p><img loading=\"lazy\" decoding=\"async\" class=\"alignnone size-full wp-image-87333\" src=\"https:\/\/vocesparalelas.com.ar\/sitio\/wp-content\/uploads\/2025\/06\/SAN-JUAN-AMBIENTAL-02.jpg\" alt=\"\" width=\"800\" height=\"540\" srcset=\"https:\/\/vocesparalelas.com.ar\/sitio\/wp-content\/uploads\/2025\/06\/SAN-JUAN-AMBIENTAL-02.jpg 800w, https:\/\/vocesparalelas.com.ar\/sitio\/wp-content\/uploads\/2025\/06\/SAN-JUAN-AMBIENTAL-02-300x203.jpg 300w, https:\/\/vocesparalelas.com.ar\/sitio\/wp-content\/uploads\/2025\/06\/SAN-JUAN-AMBIENTAL-02-768x518.jpg 768w\" sizes=\"auto, (max-width: 800px) 100vw, 800px\" \/><\/p>\n<p>&nbsp;<\/p>\n","protected":false},"excerpt":{"rendered":"<p>El Jueves, 5 de Junio, San Juan se convirti\u00f3 en sede de la I Jornada de Integraci\u00f3n Regional del Programa<\/p>\n","protected":false},"author":3,"featured_media":87332,"comment_status":"closed","ping_status":"closed","sticky":false,"template":"","format":"standard","meta":{"_acf_changed":false,"_seopress_robots_primary_cat":"none","_seopress_titles_title":"","_seopress_titles_desc":"","_seopress_robots_index":"","colormag_page_container_layout":"default_layout","colormag_page_sidebar_layout":"default_layout","footnotes":""},"categories":[1],"tags":[],"class_list":["post-87329","post","type-post","status-publish","format-standard","has-post-thumbnail","hentry","category-destacadas"],"acf":[],"_links":{"self":[{"href":"https:\/\/vocesparalelas.com.ar\/sitio\/wp-json\/wp\/v2\/posts\/87329","targetHints":{"allow":["GET"]}}],"collection":[{"href":"https:\/\/vocesparalelas.com.ar\/sitio\/wp-json\/wp\/v2\/posts"}],"about":[{"href":"https:\/\/vocesparalelas.com.ar\/sitio\/wp-json\/wp\/v2\/types\/post"}],"author":[{"embeddable":true,"href":"https:\/\/vocesparalelas.com.ar\/sitio\/wp-json\/wp\/v2\/users\/3"}],"replies":[{"embeddable":true,"href":"https:\/\/vocesparalelas.com.ar\/sitio\/wp-json\/wp\/v2\/comments?post=87329"}],"version-history":[{"count":1,"href":"https:\/\/vocesparalelas.com.ar\/sitio\/wp-json\/wp\/v2\/posts\/87329\/revisions"}],"predecessor-version":[{"id":87334,"href":"https:\/\/vocesparalelas.com.ar\/sitio\/wp-json\/wp\/v2\/posts\/87329\/revisions\/87334"}],"wp:featuredmedia":[{"embeddable":true,"href":"https:\/\/vocesparalelas.com.ar\/sitio\/wp-json\/wp\/v2\/media\/87332"}],"wp:attachment":[{"href":"https:\/\/vocesparalelas.com.ar\/sitio\/wp-json\/wp\/v2\/media?parent=87329"}],"wp:term":[{"taxonomy":"category","embeddable":true,"href":"https:\/\/vocesparalelas.com.ar\/sitio\/wp-json\/wp\/v2\/categories?post=87329"},{"taxonomy":"post_tag","embeddable":true,"href":"https:\/\/vocesparalelas.com.ar\/sitio\/wp-json\/wp\/v2\/tags?post=87329"}],"curies":[{"name":"wp","href":"https:\/\/api.w.org\/{rel}","templated":true}]}}