{"id":87325,"date":"2025-06-06T10:13:47","date_gmt":"2025-06-06T13:13:47","guid":{"rendered":"https:\/\/vocesparalelas.com.ar\/sitio\/?p=87325"},"modified":"2025-06-07T22:02:33","modified_gmt":"2025-06-08T01:02:33","slug":"cronograma-para-el-sorteo-de-viviendas-del-ipv-san-juan-2025","status":"publish","type":"post","link":"https:\/\/vocesparalelas.com.ar\/sitio\/cronograma-para-el-sorteo-de-viviendas-del-ipv-san-juan-2025\/","title":{"rendered":"Cronograma para el Sorteo de viviendas del IPV \u00abSan Juan 2025\u00bb"},"content":{"rendered":"<p>El Instituto Provincial de la Vivienda &#8211; IPV &#8211; informa el cronograma oficial para participar del Sorteo Provincial de Viviendas \u00abSan Juan 2025\u00bb, correspondiente a unidades habitacionales que no hab\u00edan sido adjudicadas anteriormente. El sorteo es el 23 de Julio de 2025 y existen 219 familias beneficiadas.<\/p>\n<p><strong><span style=\"color: #ff6600;\">Cronograma<\/span><\/strong><\/p>\n<p><strong><span style=\"color: #ff6600;\">Del 23 de junio al 9 de julio de 2025<\/span><\/strong><\/p>\n<ul>\n<li>Elecci\u00f3n de barrio a trav\u00e9s de la web oficial del IPV\u00a0<a href=\"https:\/\/ipv.sanjuan.gob.ar\">https:\/\/ipv.sanjuan.gob.ar<\/a><\/li>\n<\/ul>\n<p><strong><span style=\"color: #ff6600;\">Del 10 al 13 de julio de 2025<\/span><\/strong><\/p>\n<ul>\n<li>Carga, publicaci\u00f3n y consulta de padrones provisorios por barrio, a trav\u00e9s de la web oficial del IPV<\/li>\n<\/ul>\n<p><strong><span style=\"color: #ff6600;\">14, 15 y 16 de julio de 2025<\/span><\/strong><\/p>\n<ul>\n<li>Per\u00edodo de ajustes y correcciones de padrones (tr\u00e1mite personal en el IPV \u2013 Centro C\u00edvico)<\/li>\n<\/ul>\n<p><strong><span style=\"color: #ff6600;\">17 de julio de 2025<\/span><\/strong><\/p>\n<ul>\n<li>Cierre de padrones<\/li>\n<\/ul>\n<p><strong><span style=\"color: #ff6600;\">Del 18 al 22 de julio de 2025<\/span><\/strong><\/p>\n<ul>\n<li>Publicaci\u00f3n de padrones definitivos por barrio en la web oficial del IPV<\/li>\n<\/ul>\n<p><strong><span style=\"color: #ff6600;\">23 de julio de 2025<\/span><\/strong><\/p>\n<ul>\n<li>Realizaci\u00f3n del sorteo en la Caja de Acci\u00f3n Social de la Provincia<\/li>\n<\/ul>\n<p><span style=\"color: #ff6600;\"><strong>El sorteo<\/strong><\/span><\/p>\n<p>El\u00a0 23 de julio se sortear\u00e1n 219 viviendas, que est\u00e1n distribuidas en seis departamentos: Capital, Rawson, Chimbas, Ullum, J\u00e1chal y 9 de Julio.<\/p>\n<p>Cada grupo familiar puede participar en un solo sorteo, eligiendo un \u00fanico barrio, y cumpliendo los requisitos establecidos por el IPV y puede postularse personas con domicilio en Capital, Rawson, Rivadavia, Chimbas, Santa Luc\u00eda, Ullum, J\u00e1chal y 9 de Julio.<\/p>\n<p>&nbsp;<\/p>\n<p><img loading=\"lazy\" decoding=\"async\" class=\"alignnone size-full wp-image-65642\" src=\"https:\/\/vocesparalelas.com.ar\/sitio\/wp-content\/uploads\/2023\/11\/GOBIERNO-SAN-JUAN.jpg\" alt=\"\" width=\"800\" height=\"600\" srcset=\"https:\/\/vocesparalelas.com.ar\/sitio\/wp-content\/uploads\/2023\/11\/GOBIERNO-SAN-JUAN.jpg 800w, https:\/\/vocesparalelas.com.ar\/sitio\/wp-content\/uploads\/2023\/11\/GOBIERNO-SAN-JUAN-300x225.jpg 300w, https:\/\/vocesparalelas.com.ar\/sitio\/wp-content\/uploads\/2023\/11\/GOBIERNO-SAN-JUAN-768x576.jpg 768w\" sizes=\"auto, (max-width: 800px) 100vw, 800px\" \/><\/p>\n","protected":false},"excerpt":{"rendered":"<p>El Instituto Provincial de la Vivienda &#8211; IPV &#8211; informa el cronograma oficial para participar del Sorteo Provincial de Viviendas<\/p>\n","protected":false},"author":3,"featured_media":54194,"comment_status":"closed","ping_status":"closed","sticky":false,"template":"","format":"standard","meta":{"_acf_changed":false,"_seopress_robots_primary_cat":"none","_seopress_titles_title":"","_seopress_titles_desc":"","_seopress_robots_index":"","colormag_page_container_layout":"default_layout","colormag_page_sidebar_layout":"default_layout","footnotes":""},"categories":[6],"tags":[],"class_list":["post-87325","post","type-post","status-publish","format-standard","has-post-thumbnail","hentry","category-eventos"],"acf":[],"_links":{"self":[{"href":"https:\/\/vocesparalelas.com.ar\/sitio\/wp-json\/wp\/v2\/posts\/87325","targetHints":{"allow":["GET"]}}],"collection":[{"href":"https:\/\/vocesparalelas.com.ar\/sitio\/wp-json\/wp\/v2\/posts"}],"about":[{"href":"https:\/\/vocesparalelas.com.ar\/sitio\/wp-json\/wp\/v2\/types\/post"}],"author":[{"embeddable":true,"href":"https:\/\/vocesparalelas.com.ar\/sitio\/wp-json\/wp\/v2\/users\/3"}],"replies":[{"embeddable":true,"href":"https:\/\/vocesparalelas.com.ar\/sitio\/wp-json\/wp\/v2\/comments?post=87325"}],"version-history":[{"count":1,"href":"https:\/\/vocesparalelas.com.ar\/sitio\/wp-json\/wp\/v2\/posts\/87325\/revisions"}],"predecessor-version":[{"id":87328,"href":"https:\/\/vocesparalelas.com.ar\/sitio\/wp-json\/wp\/v2\/posts\/87325\/revisions\/87328"}],"wp:featuredmedia":[{"embeddable":true,"href":"https:\/\/vocesparalelas.com.ar\/sitio\/wp-json\/wp\/v2\/media\/54194"}],"wp:attachment":[{"href":"https:\/\/vocesparalelas.com.ar\/sitio\/wp-json\/wp\/v2\/media?parent=87325"}],"wp:term":[{"taxonomy":"category","embeddable":true,"href":"https:\/\/vocesparalelas.com.ar\/sitio\/wp-json\/wp\/v2\/categories?post=87325"},{"taxonomy":"post_tag","embeddable":true,"href":"https:\/\/vocesparalelas.com.ar\/sitio\/wp-json\/wp\/v2\/tags?post=87325"}],"curies":[{"name":"wp","href":"https:\/\/api.w.org\/{rel}","templated":true}]}}