{"id":87309,"date":"2025-06-05T19:59:08","date_gmt":"2025-06-05T22:59:08","guid":{"rendered":"https:\/\/vocesparalelas.com.ar\/sitio\/?p=87309"},"modified":"2025-06-05T19:59:08","modified_gmt":"2025-06-05T22:59:08","slug":"la-camara-de-diputados-implemento-el-dispositivo-del-area-de-genero-en-san-juan","status":"publish","type":"post","link":"https:\/\/vocesparalelas.com.ar\/sitio\/la-camara-de-diputados-implemento-el-dispositivo-del-area-de-genero-en-san-juan\/","title":{"rendered":"La C\u00e1mara de Diputados implement\u00f3 el Dispositivo del \u00c1rea de G\u00e9nero\u00a0en San Juan"},"content":{"rendered":"<p>Con el objeto implementar el Dispositivo del \u00c1rea Genero, a efectos de promover en territorio de la Provincia de San Juan la aplicaci\u00f3n de pol\u00edticas p\u00fablicas activas con perspectivas de g\u00e9nero y diversidad, la C\u00e1mara de Diputados de San Juan ratific\u00f3 los convenios de Cooperaci\u00f3n celebrados entre los diecinueve Municipios de la Provincia y el Ministerio de Familia y Desarrollo Humano del Gobierno de San Juan.<\/p>\n<p>Por otro lado, aprob\u00f3 el Convenio de Cooperaci\u00f3n en el marco del Programa de Unidad Municipal de los Consumo Problem\u00e1ticos (UMCOP). Asimismo, ratific\u00f3 Acuerdo con la Organizaci\u00f3n Panamericana de la Salud.<\/p>\n<p>De la misma forma, otorg\u00f3 acuerdo a otros convenios: uno de cooperaci\u00f3n firmado entre el Ministerio de Salud y el Instituto Superior Cuyano; otro por el Plan Nacional Argentina contra el hambre; un tercero para brindar asistencia a personas en situaci\u00f3n de vulnerabilidad; y un cuarto convenio firmado con la Cruz Roja Argentina Filial San Juan.<\/p>\n<p>Tambi\u00e9n, el cuerpo Legislativo aprob\u00f3 la imposici\u00f3n de nombre a dos establecimientos educativos y la modificaci\u00f3n de la Ley 2730- I.<\/p>\n<p>Adem\u00e1s, resolvi\u00f3 declarar de inter\u00e9s una serie de actividades<strong>:\u00a0<\/strong>el 100 aniversario de Radio Sarmiento; \u201cLa Ruta del Emprendedor, Podcast Sanjuanino\u00bb; el Proyecto audiovisual titulado \u201cMe llamaron Pancha\u201d; \u00a0el Torneo de Voleibol Copa Italia 2025; la Jornada de Concientizaci\u00f3n, en conmemoraci\u00f3n del D\u00eda Mundial del Donante de Sangre; la exposici\u00f3n La Miner\u00eda y la Gente 2025; el libro: G\u00e9nesis y Proyecci\u00f3n del Neoliberalismo; la Charla sobre Estrategias Motivacionales ante Competencias Deportivas (miedos y frustra &#8216;dones)\u00bb.<\/p>\n<p>Por \u00faltimo, la Legislatura aprob\u00f3 la declaraci\u00f3n que<em>\u00a0expresa su m\u00e1s firme respaldo al INTA como pol\u00edtica de Estado.<\/em><\/p>\n<p><span style=\"color: #800080;\"><strong>Convenios para la implementaci\u00f3n del Dispositivo del \u00c1rea de G\u00e9nero\u00a0<\/strong><\/span><\/p>\n<p>Tras los fundamentos brindados por la diputada Mar\u00eda Lascano, la C\u00e1mara de Diputados ratific\u00f3 los\u00a0Convenios de Cooperaci\u00f3n para la implementaci\u00f3n del Dispositivo del \u00c1rea de G\u00e9nero, celebrados entre los diecinueve Municipios de la Provincia\u00a0y el Ministerio de Familia y Desarrollo Humano de la provincia de San Juan.<\/p>\n<p><iframe loading=\"lazy\" title=\"Diputada Mar\u00eda Rita Lascano - Convenio de cooperaci\u00f3n para la implementaci\u00f3n de las \u00c1reas de G\u00e9nero\" width=\"800\" height=\"450\" src=\"https:\/\/www.youtube.com\/embed\/YwrLmp_7P4M?feature=oembed\" frameborder=\"0\" allow=\"accelerometer; autoplay; clipboard-write; encrypted-media; gyroscope; picture-in-picture; web-share\" referrerpolicy=\"strict-origin-when-cross-origin\" allowfullscreen><\/iframe><\/p>\n<p>El objetivo es la implementaci\u00f3n del Dispositivo del \u00c1rea Genero, a efectos de promover en todo en territorio provincial la aplicaci\u00f3n de pol\u00edticas p\u00fablicas activas con perspectivas de g\u00e9nero y diversidad, que favorezcan el desarrollo de la autonom\u00eda personal, econ\u00f3mica, social, pol\u00edtica y cultural de las mujeres y poblaci\u00f3n LGQTQ+. As\u00ed tambi\u00e9n, dichas pol\u00edticas deber\u00e1n accionar para Prevenci\u00f3n, Asistencia y Erradicaci\u00f3n de la violencia por motivos de g\u00e9nero contra mujeres y poblaci\u00f3n LGQTQ+, seg\u00fan criterios de integralidad territorial e interdisciplinariedad con organismos pertenecientes a los tres Poderes del Estado y con organizaciones sociales, propiciando el respeto por la pluralidad, diversidad, igualdad y fomento de los valores democr\u00e1ticos.<\/p>\n<p><span style=\"color: #800080;\"><strong>Convenio para la prevenci\u00f3n de los consumos problem\u00e1ticos<\/strong><\/span><\/p>\n<p>La C\u00e1mara de Diputados ratific\u00f3 el\u00a0Convenio de Cooperaci\u00f3n celebrado entre los 19 municipios y el Ministerio de Familia y Desarrollo Humano, en el marco del Programa de Unidad Municipal de los Consumo Problem\u00e1ticos (UMCOP).<\/p>\n<p>En la ocasi\u00f3n, habl\u00f3 la diputada M\u00f3nica Gonz\u00e1lez, quien se\u00f1al\u00f3 que el objeto de este acuerdo es la inversi\u00f3n social en el mencionado programa a efectos de profundizar las pol\u00edticas p\u00fablicas tendientes a promover el fortalecimiento de la prevenci\u00f3n de los Consumos Problem\u00e1ticos, tratamiento, rehabilitaci\u00f3n y reintegraci\u00f3n a la sociedad de personas que la padecen, mediante la articulaci\u00f3n entre la Direcci\u00f3n de Prevenci\u00f3n y Asistencia de los Consumos Problem\u00e1ticos y el Municipio.<\/p>\n<p><span style=\"color: #800080;\"><strong>Acuerdo con la Organizaci\u00f3n Panamericana de la Salud\u00a0<\/strong><\/span><\/p>\n<p>Tambi\u00e9n, la Legislatura aprob\u00f3 el\u00a0Ap\u00e9ndice N\u00ba 23 al Acuerdo entre el Gobierno de la Rep\u00fablica Argentina y la Organizaci\u00f3n Panamericana de la Salud (OPS)\u00a0para la participaci\u00f3n del Ministerio en el Fondo Rotatorio Regional para la adquisici\u00f3n de Productos estrat\u00e9gicos de Salud P\u00fablica. En la ocasi\u00f3n, habl\u00f3 el diputado Gustavo N\u00fa\u00f1ez como miembro informante.<\/p>\n<p>Cabe se\u00f1alar que los Fondos Rotatorios Regionales (FRR) de la OPS son mecanismos de cooperaci\u00f3n t\u00e9cnica que permiten a los pa\u00edses de las Am\u00e9ricas acceder a vacunas de calidad, medicamentos esenciales y suministros de salud p\u00fablica a precios asequibles de manera oportuna y transparente.<\/p>\n<p><span style=\"color: #800080;\"><strong>Convenio con el Instituto Superior Cuyano<\/strong><\/span><\/p>\n<p>Los legisladores ratificaron unconvenio celebrado entre el Ministerio de Salud de la provincia de San Juan y el Instituto Superior Cuyano.\u00a0En la oportunidad, habl\u00f3 el diputado Gustavo N\u00fa\u00f1ez.<\/p>\n<p>La finalidad es establecer las bases de una mutua cooperaci\u00f3n entre las instituciones para la realizaci\u00f3n de actividades de investigaci\u00f3n, acad\u00e9micas, docentes, de difusi\u00f3n de la cultura y extensi\u00f3n de servicios en todas aquellas \u00e1reas de inter\u00e9s rec\u00edproco, propios de sus objetivos y funciones, con miras al logro de sus fines y el aprovechamiento racional de sus recursos.<\/p>\n<p><span style=\"color: #800080;\"><strong>Convenio sobre el Plan Nacional Argentina contra el hambre\u00a0<\/strong><\/span><\/p>\n<p>Luego, el cuerpo Legislativo ratific\u00f3 el\u00a0convenio celebrado entre el Ministerio de la Familia y Desarrollo Humano de la provincia de San Juan y la Secretar\u00eda Nacional de Ni\u00f1ez, Adolescencia y Familia del Ministerio de Capital Humano de la Naci\u00f3n.\u00a0\u00a0Este punto del orden del d\u00eda fue fundamentado por la diputada Marcela Quiroga.<\/p>\n<p>El objeto consiste en establecer los mecanismos para que las partes coordinen la distribuci\u00f3n y utilizaci\u00f3n de los alimentos a ser entregados, con el fin de garantizar la seguridad alimentaria de los habitantes de la Provincia frente a situaciones de emergencia, en el marco del Plan Nacional \u00abArgentina Contra el Hambre\u00bb y la Emergencia Alimentaria Nacional.<\/p>\n<p><span style=\"color: #800080;\"><strong>Convenio para asistencia a personas en situaci\u00f3n de vulnerabilidad\u00a0<\/strong><\/span><\/p>\n<p>Tras los argumentos brindados por la diputada Marcela Quiroga, la Legislatura aprob\u00f3 el\u00a0Convenio de Colaboraci\u00f3n suscripto entre la Secretar\u00eda Nacional de Ni\u00f1ez, Adolescencia y Familia del Ministerio del Capital Humano y el Ministerio de Familia y Desarrollo Humano de la provincia.<\/p>\n<p>El objeto consiste en establecer mecanismos para que las partes coordinen la distribuci\u00f3n y utilizaci\u00f3n de las frazadas que ser\u00e1n entregadas a las personas en situaci\u00f3n de vulnerabilidad con el fin de garantizar la asistencia a poblaciones afectadas por emergencia sobreviniente en el territorio provincial.<\/p>\n<p><span style=\"color: #800080;\"><strong>Convenio con la Cruz Roja Argentina Filial San Juan<\/strong><\/span><\/p>\n<p>Asimismo, la Legislatura aprob\u00f3 un convenio\u00a0celebrado entre el Ministerio de Familia y Desarrollo Humano y la Cruz Roja Argentina Filial San Juan. En esta oportunidad, el diputado Gustavo N\u00fa\u00f1ez brind\u00f3 los fundamentos como miembro informante.<\/p>\n<p>El objeto es establecer las bases de colaboraci\u00f3n en \u00e1reas de inter\u00e9s mutuo, con el fin de llevar a cabo acciones conjuntas que beneficien a la comunidad y contribuyan al desarrollo humano integral.<\/p>\n<p><span style=\"color: #800080;\"><strong>Imposici\u00f3n de nombres a escuelas<\/strong><\/span><\/p>\n<p>Por otro lado, la Legislatura aprob\u00f3 dos proyectos de Ley remitidos por el Poder Ejecutivo que propone la imposici\u00f3n de los siguientes nombres:<\/p>\n<ul>\n<li><strong>Escuela Barrio Huaziul\u00a0<\/strong>a la Escuela Coornelio Saavedra del Departamento Rivadavia. (Diputado Juan de la Cruz C\u00f3rdoba)<\/li>\n<li><strong>Escuela Primaria Arturo Frondizi\u00a0<\/strong>a la Escuela de Educaci\u00f3n Primaria del Barrio Frondizi.(Diputada M\u00f3nica Gonz\u00e1lez)<\/li>\n<\/ul>\n<p><span style=\"color: #800080;\"><strong>Modificaci\u00f3n de la Ley N\u00ba 2730-I<\/strong><\/span><\/p>\n<p>Sobre tablas, el cuerpo Legislativo modific\u00f3 la Ley N\u00ba 2730-I, para incorporar en el inciso 2) del art\u00edculo 44, los sub incisos 15 al 19, a continuaci\u00f3n del sub inciso 14:<\/p>\n<p>15- Sarmiento $35.600<\/p>\n<p>16- Calingasta $33.200<\/p>\n<p>17- Iglesia $26.400<\/p>\n<p>18- J\u00e1chal $33.000<\/p>\n<p>19- Valle F\u00e9rtil $16.900<\/p>\n<p>Este punto del orden del d\u00eda fue fundamentado por el diputado Carlos Jaime Quiroga.\u00a0<strong>\u00a0<\/strong><\/p>\n<p><span style=\"color: #800080;\"><strong>Declaraci\u00f3n de apoyo al INTA<\/strong><\/span><\/p>\n<p><img loading=\"lazy\" decoding=\"async\" class=\"alignnone size-full wp-image-87313\" src=\"https:\/\/vocesparalelas.com.ar\/sitio\/wp-content\/uploads\/2025\/06\/CDSJ-INTA.jpg\" alt=\"\" width=\"800\" height=\"536\" srcset=\"https:\/\/vocesparalelas.com.ar\/sitio\/wp-content\/uploads\/2025\/06\/CDSJ-INTA.jpg 800w, https:\/\/vocesparalelas.com.ar\/sitio\/wp-content\/uploads\/2025\/06\/CDSJ-INTA-300x201.jpg 300w, https:\/\/vocesparalelas.com.ar\/sitio\/wp-content\/uploads\/2025\/06\/CDSJ-INTA-768x515.jpg 768w\" sizes=\"auto, (max-width: 800px) 100vw, 800px\" \/><\/p>\n<p>Por otro lado, la Legislatura aprob\u00f3 con 35 votos positivos y uno negativo (diputado Fernando Patinella) la declaraci\u00f3n que expresa lo siguiente:<\/p>\n<p>\u201cEsta C\u00e1mara de Diputados de la Provincia de San Juan expresa su m\u00e1s firme respaldo al INTA como pol\u00edtica de Estado. Solicita al Poder Ejecutivo Nacional que no se despida personal del INTA, que no se modifique su ley de creaci\u00f3n, ni su modelo de gobernanza, que se garantice la continuidad territorial de sus agencias en la Provincia, y que se asegure la ejecuci\u00f3n sostenida de los programas y proyectos que benefician a cientos de familias rurales sanjuaninas. Se les comunica a los representantes de la provincia de San Juan en el Honorable Congreso de la Naci\u00f3n, y en los Concejos Deliberantes de la Provincia, invit\u00e1ndolos a brindar su apoyo y acompa\u00f1amiento mediante acciones concretas\u201d.<\/p>\n<p>En la ocasi\u00f3n, habl\u00f3 la diputada Stella Caparr\u00f3s como miembro informante. Tambi\u00e9n expresaron su manifestaci\u00f3n de apoyo los legisladores Pedro Albagli, Luis Rueda, Cristina L\u00f3pez, Juan de la Cruz C\u00f3rdoba, Emilio Escudero, Mario Herrero, Franco Aranda, Sonia Ferreyra, Fernanda Paredes, Juan Carlos Quiroga Moyano. Por su parte el diputado Fernando Patinella fundament\u00f3 por qu\u00e9 no acompa\u00f1\u00f3 esta iniciativa.<\/p>\n<p><span style=\"color: #800080;\"><strong>Rechazo a la declaraci\u00f3n de D\u00eda No Laborable a los d\u00edas de fundaci\u00f3n de los departamentos\u00a0<\/strong><\/span><\/p>\n<p>Por otra parte, con 19 votos negativos y 16 positivos, la Legislatura rechaz\u00f3 la aprobaci\u00f3n del expediente 1139, proyecto de Ley que propone \u201cDecl\u00e1rese D\u00eda No Laborable el d\u00eda de fundaci\u00f3n o creaci\u00f3n de cada uno de los departamentos de la provincia de San Juan para todos los organismos y reparticiones de la jurisdicci\u00f3n del Poder Ejecutivo de la provincia con sede efectiva en cada uno de los departamentos, siempre que el municipio respectivo lo declare el asueto municipal correspondiente para tal fecha\u201d.<\/p>\n<p>En esta oportunidad, fundament\u00f3 el asunto el diputado Miguel Vega. Hizo sus aportes tambi\u00e9n el legislador Mario Herrero. Mientras que los diputados Juan de la Cruz C\u00f3rdoba, Fernando Patinella y Luis Rueda argumentaron por qu\u00e9 no acompa\u00f1aron juntos con sus bloques la aprobaci\u00f3n del proyecto.<\/p>\n<p><span style=\"color: #800080;\"><strong>Resoluciones<\/strong><\/span><\/p>\n<p>Por \u00faltimo, el cuerpo Legislativo declar\u00f3 de inter\u00e9s:<\/p>\n<ul>\n<li>Cultural, el 100 aniversario de Radio Sarmiento, de trayectoria ininterrumpida a cumplirse el 11 de septiembre de 2025. (Interbloque Cambia San Juan)<\/li>\n<li>Cultural, econ\u00f3mico y social: \u00abLa Ruta del Emprendedor, Podcast Sanjuanino\u00bb, de Mg. Bernardo S\u00e1nchez Bataller y del C.P.N Facundo Cereceda. (Interbloque Cambia San Juan)<\/li>\n<li>Cultural, el Proyecto audiovisual titulado \u201cMe llamaron Pancha\u201d. (Interbloque Cambia San Juan)<\/li>\n<li>Social y deportivo el Torneo de Voleibol Copa Italia 2025, a llevarse a cabo los d\u00edas 6, 7 y 8 de junio del corriente a\u00f1o, organizado por el Club Ausonia de la provincia de San Juan. (Interbloque Cambia San Juan)<\/li>\n<li>Social y sanitario, la Jornada de Concientizaci\u00f3n, en conmemoraci\u00f3n del D\u00eda Mundial del Donante de Sangre, organizada por el Instituto Provincial de Hemoterapia (IPHEM), a realizarse el d\u00eda s\u00e1bado 14 de junio del corriente a\u00f1o, en el Parque de Mayo. (Interbloque Cambia San Juan)<\/li>\n<li>Social, productivo, econ\u00f3mico, industrial y acad\u00e9mico, la exposici\u00f3n La Miner\u00eda y la Gente 2025, que se lleva a cabo desde el 16 hasta el 18 de julio, en el Auditorio Eloy Pr\u00f3spero Camus. (Interbloque Cambia San Juan)<\/li>\n<li>Social y educativo el libro: G\u00e9nesis y Proyecci\u00f3n del Neoliberalismo, de autor\u00eda del Licenciado y profesor \u00c1lvaro Olmedo. (Interbloque Cambia San Juan)<\/li>\n<li>Educativo, social y deportivo, a la Charla sobre Estrategias Motivacionales ante Competencias Deportivas (miedos y frustra &#8216;dones)\u00bb, organizada por la Municipalidad de Albard\u00e1n y que se realiza el d\u00eda 9 de junio, en la Casa de la Historia y la Cultura de Albard\u00e1n. (Bloque Justicialista)<\/li>\n<\/ul>\n<figure id=\"attachment_37951\" aria-describedby=\"caption-attachment-37951\" style=\"width: 800px\" class=\"wp-caption alignnone\"><img loading=\"lazy\" decoding=\"async\" class=\"size-full wp-image-37951\" src=\"https:\/\/vocesparalelas.com.ar\/sitio\/wp-content\/uploads\/2021\/05\/CAMARA-EDIFICIO.jpg\" alt=\"\" width=\"800\" height=\"515\" srcset=\"https:\/\/vocesparalelas.com.ar\/sitio\/wp-content\/uploads\/2021\/05\/CAMARA-EDIFICIO.jpg 800w, https:\/\/vocesparalelas.com.ar\/sitio\/wp-content\/uploads\/2021\/05\/CAMARA-EDIFICIO-300x193.jpg 300w, https:\/\/vocesparalelas.com.ar\/sitio\/wp-content\/uploads\/2021\/05\/CAMARA-EDIFICIO-768x494.jpg 768w\" sizes=\"auto, (max-width: 800px) 100vw, 800px\" \/><figcaption id=\"caption-attachment-37951\" class=\"wp-caption-text\">Legislatura Provincial de San Juan, Rep\u00fablica Argentina<\/figcaption><\/figure>\n","protected":false},"excerpt":{"rendered":"<p>Con el objeto implementar el Dispositivo del \u00c1rea Genero, a efectos de promover en territorio de la Provincia de San<\/p>\n","protected":false},"author":3,"featured_media":87312,"comment_status":"closed","ping_status":"closed","sticky":false,"template":"","format":"standard","meta":{"_acf_changed":false,"_seopress_robots_primary_cat":"none","_seopress_titles_title":"","_seopress_titles_desc":"","_seopress_robots_index":"","colormag_page_container_layout":"default_layout","colormag_page_sidebar_layout":"default_layout","footnotes":""},"categories":[1],"tags":[],"class_list":["post-87309","post","type-post","status-publish","format-standard","has-post-thumbnail","hentry","category-destacadas"],"acf":[],"_links":{"self":[{"href":"https:\/\/vocesparalelas.com.ar\/sitio\/wp-json\/wp\/v2\/posts\/87309","targetHints":{"allow":["GET"]}}],"collection":[{"href":"https:\/\/vocesparalelas.com.ar\/sitio\/wp-json\/wp\/v2\/posts"}],"about":[{"href":"https:\/\/vocesparalelas.com.ar\/sitio\/wp-json\/wp\/v2\/types\/post"}],"author":[{"embeddable":true,"href":"https:\/\/vocesparalelas.com.ar\/sitio\/wp-json\/wp\/v2\/users\/3"}],"replies":[{"embeddable":true,"href":"https:\/\/vocesparalelas.com.ar\/sitio\/wp-json\/wp\/v2\/comments?post=87309"}],"version-history":[{"count":1,"href":"https:\/\/vocesparalelas.com.ar\/sitio\/wp-json\/wp\/v2\/posts\/87309\/revisions"}],"predecessor-version":[{"id":87314,"href":"https:\/\/vocesparalelas.com.ar\/sitio\/wp-json\/wp\/v2\/posts\/87309\/revisions\/87314"}],"wp:featuredmedia":[{"embeddable":true,"href":"https:\/\/vocesparalelas.com.ar\/sitio\/wp-json\/wp\/v2\/media\/87312"}],"wp:attachment":[{"href":"https:\/\/vocesparalelas.com.ar\/sitio\/wp-json\/wp\/v2\/media?parent=87309"}],"wp:term":[{"taxonomy":"category","embeddable":true,"href":"https:\/\/vocesparalelas.com.ar\/sitio\/wp-json\/wp\/v2\/categories?post=87309"},{"taxonomy":"post_tag","embeddable":true,"href":"https:\/\/vocesparalelas.com.ar\/sitio\/wp-json\/wp\/v2\/tags?post=87309"}],"curies":[{"name":"wp","href":"https:\/\/api.w.org\/{rel}","templated":true}]}}