{"id":87304,"date":"2025-06-05T19:45:36","date_gmt":"2025-06-05T22:45:36","guid":{"rendered":"https:\/\/vocesparalelas.com.ar\/sitio\/?p=87304"},"modified":"2025-06-06T20:27:47","modified_gmt":"2025-06-06T23:27:47","slug":"concierto-musica-popular-de-las-americas-en-el-auditorio-ing-juan-victoria-de-san-juan","status":"publish","type":"post","link":"https:\/\/vocesparalelas.com.ar\/sitio\/concierto-musica-popular-de-las-americas-en-el-auditorio-ing-juan-victoria-de-san-juan\/","title":{"rendered":"Concierto \u201cM\u00fasica popular de las Am\u00e9ricas\u201d en el Auditorio Ing. Juan Victoria de San Juan"},"content":{"rendered":"<p>El Viernes, 6 de Junio, a las 21:30h, en el Auditorio Ing. Juan Victoria, la Banda de M\u00fasica del Instituto de Formaci\u00f3n de Gendarmes \u201cGendarme F\u00e9lix Manifior\u201d brinda un espect\u00e1culo de \u201cM\u00fasica popular de las Am\u00e9ricas\u201d, inspirados por el mes de la bandera. Ser\u00e1n part\u00edcipes de la temporada N\u00b051 del Centro de Creaci\u00f3n Art\u00edstica Orquestal de la Facultad de Filosof\u00eda, Humanidades y Artes (FFHA) de la Universidad Nacional de San Juan (UNSJ).<\/p>\n<p>Interpreta un repertorio de m\u00fasica folcl\u00f3rica latinoamericana; adem\u00e1s, g\u00e9neros como el jazz y el rock.<\/p>\n<p>El Instituto fue creado el 25 de mayo de 2014, con la intenci\u00f3n de elevar la moral de los integrantes de la fuerza intermedia, contribuir a elevar el sentimiento nacional y demostrar\u00a0el esp\u00edritu y vocaci\u00f3n de servicio del cuerpo. Est\u00e1n ubicados en la localidad de Barreal, del departamento de Calingasta\u00a0y, revisando sus 11 a\u00f1os de historia, este concierto ser\u00e1 el primero que tendr\u00e1 en la Ciudad de San Juan.<\/p>\n<figure id=\"attachment_61468\" aria-describedby=\"caption-attachment-61468\" style=\"width: 800px\" class=\"wp-caption alignnone\"><img loading=\"lazy\" decoding=\"async\" class=\"size-full wp-image-61468\" src=\"https:\/\/vocesparalelas.com.ar\/sitio\/wp-content\/uploads\/2023\/07\/AUDITORIO-EDIFICIO.jpg\" alt=\"\" width=\"800\" height=\"533\" srcset=\"https:\/\/vocesparalelas.com.ar\/sitio\/wp-content\/uploads\/2023\/07\/AUDITORIO-EDIFICIO.jpg 800w, https:\/\/vocesparalelas.com.ar\/sitio\/wp-content\/uploads\/2023\/07\/AUDITORIO-EDIFICIO-300x200.jpg 300w, https:\/\/vocesparalelas.com.ar\/sitio\/wp-content\/uploads\/2023\/07\/AUDITORIO-EDIFICIO-768x512.jpg 768w\" sizes=\"auto, (max-width: 800px) 100vw, 800px\" \/><figcaption id=\"caption-attachment-61468\" class=\"wp-caption-text\">Auditorio Ing. Juan Victoria, Departamento Capital, Provincia San Juan, Rep\u00fablica Argentita<\/figcaption><\/figure>\n","protected":false},"excerpt":{"rendered":"<p>El Viernes, 6 de Junio, a las 21:30h, en el Auditorio Ing. Juan Victoria, la Banda de M\u00fasica del Instituto<\/p>\n","protected":false},"author":3,"featured_media":87307,"comment_status":"closed","ping_status":"closed","sticky":false,"template":"","format":"standard","meta":{"_acf_changed":false,"_seopress_robots_primary_cat":"none","_seopress_titles_title":"","_seopress_titles_desc":"","_seopress_robots_index":"","colormag_page_container_layout":"default_layout","colormag_page_sidebar_layout":"default_layout","footnotes":""},"categories":[20],"tags":[],"class_list":["post-87304","post","type-post","status-publish","format-standard","has-post-thumbnail","hentry","category-cartelera"],"acf":[],"_links":{"self":[{"href":"https:\/\/vocesparalelas.com.ar\/sitio\/wp-json\/wp\/v2\/posts\/87304","targetHints":{"allow":["GET"]}}],"collection":[{"href":"https:\/\/vocesparalelas.com.ar\/sitio\/wp-json\/wp\/v2\/posts"}],"about":[{"href":"https:\/\/vocesparalelas.com.ar\/sitio\/wp-json\/wp\/v2\/types\/post"}],"author":[{"embeddable":true,"href":"https:\/\/vocesparalelas.com.ar\/sitio\/wp-json\/wp\/v2\/users\/3"}],"replies":[{"embeddable":true,"href":"https:\/\/vocesparalelas.com.ar\/sitio\/wp-json\/wp\/v2\/comments?post=87304"}],"version-history":[{"count":1,"href":"https:\/\/vocesparalelas.com.ar\/sitio\/wp-json\/wp\/v2\/posts\/87304\/revisions"}],"predecessor-version":[{"id":87308,"href":"https:\/\/vocesparalelas.com.ar\/sitio\/wp-json\/wp\/v2\/posts\/87304\/revisions\/87308"}],"wp:featuredmedia":[{"embeddable":true,"href":"https:\/\/vocesparalelas.com.ar\/sitio\/wp-json\/wp\/v2\/media\/87307"}],"wp:attachment":[{"href":"https:\/\/vocesparalelas.com.ar\/sitio\/wp-json\/wp\/v2\/media?parent=87304"}],"wp:term":[{"taxonomy":"category","embeddable":true,"href":"https:\/\/vocesparalelas.com.ar\/sitio\/wp-json\/wp\/v2\/categories?post=87304"},{"taxonomy":"post_tag","embeddable":true,"href":"https:\/\/vocesparalelas.com.ar\/sitio\/wp-json\/wp\/v2\/tags?post=87304"}],"curies":[{"name":"wp","href":"https:\/\/api.w.org\/{rel}","templated":true}]}}