{"id":87299,"date":"2025-06-05T19:31:13","date_gmt":"2025-06-05T22:31:13","guid":{"rendered":"https:\/\/vocesparalelas.com.ar\/sitio\/?p=87299"},"modified":"2025-06-05T19:31:13","modified_gmt":"2025-06-05T22:31:13","slug":"se-implemento-el-plan-de-simulacros-de-prevencion-sismica-en-las-escuelas-de-san-juan","status":"publish","type":"post","link":"https:\/\/vocesparalelas.com.ar\/sitio\/se-implemento-el-plan-de-simulacros-de-prevencion-sismica-en-las-escuelas-de-san-juan\/","title":{"rendered":"Se implement\u00f3 el Plan de Simulacros de Prevenci\u00f3n S\u00edsmica en las Escuelas de San Juan"},"content":{"rendered":"<p>El Ministerio de Educaci\u00f3n le dio inicio al Plan de Evacuaci\u00f3n de Escuelas, con el desarrollo de jornadas de capacitaci\u00f3n en prevenci\u00f3n s\u00edsmica y un simulacro de evacuaci\u00f3n institucional como cierre de actividades. El plan se enmarca en el programa Impulso Educativo y forma parte del Programa Provincial de Prevenci\u00f3n y Concientizaci\u00f3n S\u00edsmica en el \u00c1mbito Educativo, con capacitaciones destinadas a directivos y docentes de todos los niveles y modalidades educativas.<\/p>\n<p>La iniciativa, que surgi\u00f3 tras una propuesta de la ministra de Educaci\u00f3n, Silvia Fuentes, tiene como finalidad brindar herramientas te\u00f3ricas y pr\u00e1cticas para la elaboraci\u00f3n de proyectos de simulacro de evacuaci\u00f3n institucional, promoviendo la concientizaci\u00f3n y la preparaci\u00f3n ante eventuales sismos. De esta manera, el objetivo es que cada escuela tenga su propio protocolo.<\/p>\n<p>Adem\u00e1s, el Plan busca crear una base de datos a nivel ministerial con cada uno de estos protocolos de acci\u00f3n; como tambi\u00e9n mantener un canal de comunicaci\u00f3n provincial inmediato (ministerio-escuela) post siniestro, que permita evaluar estado, da\u00f1os o p\u00e9rdidas, entre otros aspectos.<\/p>\n<p>Ahora se est\u00e1 desarrollando la instancia de capacitaci\u00f3n, con encuentros en el auditorio Eloy Camus destinados a docentes del Gran San Juan y departamentos aleda\u00f1os; mientras que continuar\u00e1 en Calingasta, J\u00e1chal, Iglesia y Valle F\u00e9rtil.<\/p>\n<p>Luego de esta fase, se realizar\u00e1 un simulacro provincial de evacuaci\u00f3n, con la participaci\u00f3n de las escuelas y en distintos turnos (ma\u00f1ana, tarde, vespertino y nocturno). El ejercicio permitir\u00e1 poner en pr\u00e1ctica los planes de simulacro elaborados por cada instituci\u00f3n y reforzar los aprendizajes adquiridos durante la capacitaci\u00f3n.<\/p>\n<p>El simulacro se desarrollar\u00e1 en coincidencia con el D\u00eda Internacional para la Reducci\u00f3n de Desastres, que es el 13 de octubre.<\/p>\n<p>Las capacitaciones cuentan con resoluci\u00f3n ministerial y son consideradas de Inter\u00e9s Educativo Provincial, otorgando certificaci\u00f3n de 200 horas reloj de actualizaci\u00f3n acad\u00e9mica, lo que representa puntaje para el legajo docente y una valiosa instancia de formaci\u00f3n profesional.<\/p>\n<p>&nbsp;<\/p>\n<p><img loading=\"lazy\" decoding=\"async\" class=\"alignnone size-large wp-image-7132\" src=\"https:\/\/vocesparalelas.com.ar\/sitio\/wp-content\/uploads\/2017\/11\/ENSS-11-800x534.jpg\" alt=\"\" width=\"800\" height=\"534\" srcset=\"https:\/\/vocesparalelas.com.ar\/sitio\/wp-content\/uploads\/2017\/11\/ENSS-11-800x534.jpg 800w, https:\/\/vocesparalelas.com.ar\/sitio\/wp-content\/uploads\/2017\/11\/ENSS-11-300x200.jpg 300w, https:\/\/vocesparalelas.com.ar\/sitio\/wp-content\/uploads\/2017\/11\/ENSS-11-768x512.jpg 768w, https:\/\/vocesparalelas.com.ar\/sitio\/wp-content\/uploads\/2017\/11\/ENSS-11.jpg 1000w\" sizes=\"auto, (max-width: 800px) 100vw, 800px\" \/><\/p>\n","protected":false},"excerpt":{"rendered":"<p>El Ministerio de Educaci\u00f3n le dio inicio al Plan de Evacuaci\u00f3n de Escuelas, con el desarrollo de jornadas de capacitaci\u00f3n<\/p>\n","protected":false},"author":3,"featured_media":87302,"comment_status":"closed","ping_status":"closed","sticky":false,"template":"","format":"standard","meta":{"_acf_changed":false,"_seopress_robots_primary_cat":"none","_seopress_titles_title":"","_seopress_titles_desc":"","_seopress_robots_index":"","colormag_page_container_layout":"default_layout","colormag_page_sidebar_layout":"default_layout","footnotes":""},"categories":[1],"tags":[],"class_list":["post-87299","post","type-post","status-publish","format-standard","has-post-thumbnail","hentry","category-destacadas"],"acf":[],"_links":{"self":[{"href":"https:\/\/vocesparalelas.com.ar\/sitio\/wp-json\/wp\/v2\/posts\/87299","targetHints":{"allow":["GET"]}}],"collection":[{"href":"https:\/\/vocesparalelas.com.ar\/sitio\/wp-json\/wp\/v2\/posts"}],"about":[{"href":"https:\/\/vocesparalelas.com.ar\/sitio\/wp-json\/wp\/v2\/types\/post"}],"author":[{"embeddable":true,"href":"https:\/\/vocesparalelas.com.ar\/sitio\/wp-json\/wp\/v2\/users\/3"}],"replies":[{"embeddable":true,"href":"https:\/\/vocesparalelas.com.ar\/sitio\/wp-json\/wp\/v2\/comments?post=87299"}],"version-history":[{"count":1,"href":"https:\/\/vocesparalelas.com.ar\/sitio\/wp-json\/wp\/v2\/posts\/87299\/revisions"}],"predecessor-version":[{"id":87303,"href":"https:\/\/vocesparalelas.com.ar\/sitio\/wp-json\/wp\/v2\/posts\/87299\/revisions\/87303"}],"wp:featuredmedia":[{"embeddable":true,"href":"https:\/\/vocesparalelas.com.ar\/sitio\/wp-json\/wp\/v2\/media\/87302"}],"wp:attachment":[{"href":"https:\/\/vocesparalelas.com.ar\/sitio\/wp-json\/wp\/v2\/media?parent=87299"}],"wp:term":[{"taxonomy":"category","embeddable":true,"href":"https:\/\/vocesparalelas.com.ar\/sitio\/wp-json\/wp\/v2\/categories?post=87299"},{"taxonomy":"post_tag","embeddable":true,"href":"https:\/\/vocesparalelas.com.ar\/sitio\/wp-json\/wp\/v2\/tags?post=87299"}],"curies":[{"name":"wp","href":"https:\/\/api.w.org\/{rel}","templated":true}]}}