{"id":87295,"date":"2025-06-05T19:24:16","date_gmt":"2025-06-05T22:24:16","guid":{"rendered":"https:\/\/vocesparalelas.com.ar\/sitio\/?p=87295"},"modified":"2025-06-06T14:49:40","modified_gmt":"2025-06-06T17:49:40","slug":"convocatoria-2025-para-el-programa-de-forestacion-provincial-de-san-juan","status":"publish","type":"post","link":"https:\/\/vocesparalelas.com.ar\/sitio\/convocatoria-2025-para-el-programa-de-forestacion-provincial-de-san-juan\/","title":{"rendered":"Convocatoria 2025 para el Programa de Forestaci\u00f3n Provincial de San Juan"},"content":{"rendered":"<p>El Programa de Forestaci\u00f3n Provincial, perteneciente a la Secretar\u00eda de Ambiente y Desarrollo Sustentable del Gobierno de San Juan, abre una nueva etapa de trabajo con la convocatoria 2025, que est\u00e1 disponible a partir de Junio.<\/p>\n<p>Pueden participar municipalidades e instituciones con proyectos de forestaci\u00f3n, prioriz\u00e1ndose aquellos que garanticen el riego y el cuidado necesario para asegurar la supervivencia de los ejemplares entregados.<\/p>\n<p>La planificaci\u00f3n para este nuevo a\u00f1o contempla un aumento progresivo en la cantidad de \u00e1rboles afectados por cada proyecto, en l\u00ednea con los buenos resultados obtenidos durante la edici\u00f3n anterior. El objetivo es continuar fortaleciendo los espacios verdes en todo el territorio provincial, con un enfoque sustentable y a largo plazo.<\/p>\n<p>Durante 2024, el programa recepcion\u00f3 y evalu\u00f3 las propuestas presentadas, lo que permiti\u00f3 realizar una primera entrega de ejemplares arb\u00f3reos. Posteriormente, se realiz\u00f3 un seguimiento t\u00e9cnico de esas plantaciones, y a partir de sus resultados se definieron nuevas entregas, priorizando los proyectos con mayor compromiso ambiental.<\/p>\n<p>En total, se distribuyeron 5.753 \u00e1rboles a distintos municipios y 264 forestales a instituciones, marcando un fuerte avance en la estrategia provincial de reforestaci\u00f3n. Este esfuerzo conjunto entre el Estado y los actores locales refuerza el compromiso con la restauraci\u00f3n ambiental y la mejora de la calidad de vida en las comunidades.<\/p>\n<p><img loading=\"lazy\" decoding=\"async\" class=\"alignnone size-large wp-image-18375\" src=\"https:\/\/vocesparalelas.com.ar\/sitio\/wp-content\/uploads\/2019\/01\/AMBIENTE-CARTEL-800x496.jpg\" alt=\"\" width=\"800\" height=\"496\" srcset=\"https:\/\/vocesparalelas.com.ar\/sitio\/wp-content\/uploads\/2019\/01\/AMBIENTE-CARTEL-800x496.jpg 800w, https:\/\/vocesparalelas.com.ar\/sitio\/wp-content\/uploads\/2019\/01\/AMBIENTE-CARTEL-300x186.jpg 300w, https:\/\/vocesparalelas.com.ar\/sitio\/wp-content\/uploads\/2019\/01\/AMBIENTE-CARTEL-768x476.jpg 768w, https:\/\/vocesparalelas.com.ar\/sitio\/wp-content\/uploads\/2019\/01\/AMBIENTE-CARTEL.jpg 1000w\" sizes=\"auto, (max-width: 800px) 100vw, 800px\" \/><\/p>\n","protected":false},"excerpt":{"rendered":"<p>El Programa de Forestaci\u00f3n Provincial, perteneciente a la Secretar\u00eda de Ambiente y Desarrollo Sustentable del Gobierno de San Juan, abre<\/p>\n","protected":false},"author":3,"featured_media":25833,"comment_status":"closed","ping_status":"closed","sticky":false,"template":"","format":"standard","meta":{"_acf_changed":false,"_seopress_robots_primary_cat":"none","_seopress_titles_title":"","_seopress_titles_desc":"","_seopress_robots_index":"","colormag_page_container_layout":"default_layout","colormag_page_sidebar_layout":"default_layout","footnotes":""},"categories":[2],"tags":[],"class_list":["post-87295","post","type-post","status-publish","format-standard","has-post-thumbnail","hentry","category-convocatorias"],"acf":[],"_links":{"self":[{"href":"https:\/\/vocesparalelas.com.ar\/sitio\/wp-json\/wp\/v2\/posts\/87295","targetHints":{"allow":["GET"]}}],"collection":[{"href":"https:\/\/vocesparalelas.com.ar\/sitio\/wp-json\/wp\/v2\/posts"}],"about":[{"href":"https:\/\/vocesparalelas.com.ar\/sitio\/wp-json\/wp\/v2\/types\/post"}],"author":[{"embeddable":true,"href":"https:\/\/vocesparalelas.com.ar\/sitio\/wp-json\/wp\/v2\/users\/3"}],"replies":[{"embeddable":true,"href":"https:\/\/vocesparalelas.com.ar\/sitio\/wp-json\/wp\/v2\/comments?post=87295"}],"version-history":[{"count":1,"href":"https:\/\/vocesparalelas.com.ar\/sitio\/wp-json\/wp\/v2\/posts\/87295\/revisions"}],"predecessor-version":[{"id":87298,"href":"https:\/\/vocesparalelas.com.ar\/sitio\/wp-json\/wp\/v2\/posts\/87295\/revisions\/87298"}],"wp:featuredmedia":[{"embeddable":true,"href":"https:\/\/vocesparalelas.com.ar\/sitio\/wp-json\/wp\/v2\/media\/25833"}],"wp:attachment":[{"href":"https:\/\/vocesparalelas.com.ar\/sitio\/wp-json\/wp\/v2\/media?parent=87295"}],"wp:term":[{"taxonomy":"category","embeddable":true,"href":"https:\/\/vocesparalelas.com.ar\/sitio\/wp-json\/wp\/v2\/categories?post=87295"},{"taxonomy":"post_tag","embeddable":true,"href":"https:\/\/vocesparalelas.com.ar\/sitio\/wp-json\/wp\/v2\/tags?post=87295"}],"curies":[{"name":"wp","href":"https:\/\/api.w.org\/{rel}","templated":true}]}}