{"id":87289,"date":"2025-06-05T19:16:07","date_gmt":"2025-06-05T22:16:07","guid":{"rendered":"https:\/\/vocesparalelas.com.ar\/sitio\/?p=87289"},"modified":"2025-06-05T19:20:09","modified_gmt":"2025-06-05T22:20:09","slug":"nueva-entrega-de-audifonos-anteojos-y-subsidios-para-implantes-cocleares-en-san-juan","status":"publish","type":"post","link":"https:\/\/vocesparalelas.com.ar\/sitio\/nueva-entrega-de-audifonos-anteojos-y-subsidios-para-implantes-cocleares-en-san-juan\/","title":{"rendered":"Nueva entrega de aud\u00edfonos, anteojos y subsidios para implantes cocleares en San Juan"},"content":{"rendered":"<p>El gobernador de San Juan, Dr. Marcelo Orrego particip\u00f3 en la entrega de aud\u00edfonos, anteojos y subsidios para implantes cocleares, en el marco de la pol\u00edtica provincial de equidad en salud que lleva adelante el Ministerio de Familia y Desarrollo Humano.<\/p>\n<p>Estuvo acompa\u00f1ado por el ministro, Prof. Carlos Platero, secretario de Promoci\u00f3n Social, Lic. Ramiro Pavone y dem\u00e1s autoridades, en Casa de Gobierno.<\/p>\n<p>Durante el acto entregaron 116 aud\u00edfonos para 71 pacientes, 52 anteojos a 45 personas y otorgaron dos subsidios integrales para implantes cocleares Liliana Fern\u00e1ndez y Mar\u00eda Jos\u00e9 Fontechia.<\/p>\n<p>Durante la entrega, Orrego dijo: \u201cGobernar hoy San Juan es hacerlo sin las herramientas que tuvieron gestiones anteriores: no contamos con transferencias discrecionales, subsidios al transporte, obras ni programas nacionales. El esfuerzo lo hacemos entre todos los sanjuaninos. Nunca dejamos de estar al lado de la gente, sobre todo en los momentos m\u00e1s delicados. Para eso debemos ser austeros y disciplinados con nuestras cuentas, porque as\u00ed llegamos a cada sanjuanino. Estos programas cambian vidas: lo viv\u00ed como intendente. Un ni\u00f1o con anteojos aprende mejor; una persona que puede o\u00edr bien se siente m\u00e1s plena. Hoy entregamos implantes cocleares para adolescentes y eso tambi\u00e9n transforma realidades\u201d.<\/p>\n<p>Mientras que Platero agreg\u00f3 que \u201cquiero destacar el compromiso y la dedicaci\u00f3n con que trabajan, tanto los profesionales como el personal administrativo. Esta Direcci\u00f3n es muy cercana a m\u00ed; compartimos el trabajo diario y s\u00e9 del esfuerzo que hacen. Son parte fundamental del equipo del Ministerio\u201d.<\/p>\n<p><strong><span style=\"color: #ff6600;\">Una pol\u00edtica que transforma vidas<\/span><\/strong><\/p>\n<p>Desde el inicio de la gesti\u00f3n hasta junio de 2025, esta l\u00ednea de acci\u00f3n ha impactado directamente a 6.562 sanjuaninos, a trav\u00e9s de:<\/p>\n<ul>\n<li>La entrega de 587 aud\u00edfonos para 542 personas.<\/li>\n<li>La entrega de 3.590 pares de anteojos para 3.555 personas.<\/li>\n<li>La provisi\u00f3n de 2.462 elementos ortop\u00e9dicos y quir\u00fargicos.<\/li>\n<li>La asignaci\u00f3n de 2 subsidios para implantes cocleares.<\/li>\n<li>La entrega de 1 silla postural especializada.<\/li>\n<\/ul>\n<p>A esto se suma el impacto indirecto que reciben las familias de cada beneficiario, estimado en tres personas por cada caso, lo que ampl\u00eda el alcance de esta pol\u00edtica p\u00fablica.<\/p>\n<p><img loading=\"lazy\" decoding=\"async\" class=\"alignnone size-full wp-image-87293\" src=\"https:\/\/vocesparalelas.com.ar\/sitio\/wp-content\/uploads\/2025\/06\/SAN-JUAN-PROTESIS-02.jpg\" alt=\"\" width=\"800\" height=\"533\" srcset=\"https:\/\/vocesparalelas.com.ar\/sitio\/wp-content\/uploads\/2025\/06\/SAN-JUAN-PROTESIS-02.jpg 800w, https:\/\/vocesparalelas.com.ar\/sitio\/wp-content\/uploads\/2025\/06\/SAN-JUAN-PROTESIS-02-300x200.jpg 300w, https:\/\/vocesparalelas.com.ar\/sitio\/wp-content\/uploads\/2025\/06\/SAN-JUAN-PROTESIS-02-768x512.jpg 768w\" sizes=\"auto, (max-width: 800px) 100vw, 800px\" \/><\/p>\n","protected":false},"excerpt":{"rendered":"<p>El gobernador de San Juan, Dr. Marcelo Orrego particip\u00f3 en la entrega de aud\u00edfonos, anteojos y subsidios para implantes cocleares,<\/p>\n","protected":false},"author":3,"featured_media":87292,"comment_status":"closed","ping_status":"closed","sticky":false,"template":"","format":"standard","meta":{"_acf_changed":false,"_seopress_robots_primary_cat":"none","_seopress_titles_title":"","_seopress_titles_desc":"","_seopress_robots_index":"","colormag_page_container_layout":"default_layout","colormag_page_sidebar_layout":"default_layout","footnotes":""},"categories":[1],"tags":[],"class_list":["post-87289","post","type-post","status-publish","format-standard","has-post-thumbnail","hentry","category-destacadas"],"acf":[],"_links":{"self":[{"href":"https:\/\/vocesparalelas.com.ar\/sitio\/wp-json\/wp\/v2\/posts\/87289","targetHints":{"allow":["GET"]}}],"collection":[{"href":"https:\/\/vocesparalelas.com.ar\/sitio\/wp-json\/wp\/v2\/posts"}],"about":[{"href":"https:\/\/vocesparalelas.com.ar\/sitio\/wp-json\/wp\/v2\/types\/post"}],"author":[{"embeddable":true,"href":"https:\/\/vocesparalelas.com.ar\/sitio\/wp-json\/wp\/v2\/users\/3"}],"replies":[{"embeddable":true,"href":"https:\/\/vocesparalelas.com.ar\/sitio\/wp-json\/wp\/v2\/comments?post=87289"}],"version-history":[{"count":1,"href":"https:\/\/vocesparalelas.com.ar\/sitio\/wp-json\/wp\/v2\/posts\/87289\/revisions"}],"predecessor-version":[{"id":87294,"href":"https:\/\/vocesparalelas.com.ar\/sitio\/wp-json\/wp\/v2\/posts\/87289\/revisions\/87294"}],"wp:featuredmedia":[{"embeddable":true,"href":"https:\/\/vocesparalelas.com.ar\/sitio\/wp-json\/wp\/v2\/media\/87292"}],"wp:attachment":[{"href":"https:\/\/vocesparalelas.com.ar\/sitio\/wp-json\/wp\/v2\/media?parent=87289"}],"wp:term":[{"taxonomy":"category","embeddable":true,"href":"https:\/\/vocesparalelas.com.ar\/sitio\/wp-json\/wp\/v2\/categories?post=87289"},{"taxonomy":"post_tag","embeddable":true,"href":"https:\/\/vocesparalelas.com.ar\/sitio\/wp-json\/wp\/v2\/tags?post=87289"}],"curies":[{"name":"wp","href":"https:\/\/api.w.org\/{rel}","templated":true}]}}