{"id":87266,"date":"2025-06-04T20:34:38","date_gmt":"2025-06-04T23:34:38","guid":{"rendered":"https:\/\/vocesparalelas.com.ar\/sitio\/?p=87266"},"modified":"2025-06-05T21:09:04","modified_gmt":"2025-06-06T00:09:04","slug":"agenda-junio-2025-de-la-casa-natal-de-sarmiento-en-san-juan","status":"publish","type":"post","link":"https:\/\/vocesparalelas.com.ar\/sitio\/agenda-junio-2025-de-la-casa-natal-de-sarmiento-en-san-juan\/","title":{"rendered":"Agenda \u00abJunio 2025\u00bb de la Casa Natal de Sarmiento en San Juan"},"content":{"rendered":"<p>La Casa Natal de Sarmiento prepar\u00f3 numerosas actividades para desarrollar durante Junio de 2025 para disfrutar.<\/p>\n<p>Cronograma<\/p>\n<ul>\n<li>Jueves 05; 12; 19 y 26 de Junio, a las 16 hs.; Visiyas Guiadas por la casa Hist\u00f3rica.<\/li>\n<li>Viernes, 6 de Junio, a las 9:15 hs.; Circuito Tur\u00edstico Cultural \u201cCaminos de la Educaci\u00f3n\u201d con consultas e inscripci\u00f3n al 2646317574<\/li>\n<li>S\u00e1bado, 07 de Junio, de 14 a 18 hs.; Feria de Artesanos frente al museo con el Mercado Artesanal Tradicional Luisa Escudero.<\/li>\n<li>S\u00e1bado, 07 a Jueves, 12 de Junio, en horario de apertura, Exposici\u00f3n por el D\u00eda del Periodista<\/li>\n<li>Lunes, 09 de Junio, de 17:30 a 19:30 hs.; Aula Taller: Mil Maneras de conocer a Sarmiento para docentes de Nivel Inicial.<\/li>\n<li>Martes, 10; 17 y 24 de Junio, de 17 a 19 hs.; Club de Lectura Ratones de Biblioteca en Casa Natal<\/li>\n<li>Jueves, 12 de Junio, a las 16 hs.; Inauguraci\u00f3n del ciclo de exposiciones temporarias Objeto \u00danico: \u201cJufr\u00e9, el Fundador&#8230;\u201d<\/li>\n<li>Viernes, 13 de Junio, en horario de apertura, Instalaci\u00f3n por el D\u00eda del Escritor y el D\u00eda del Libro<\/li>\n<li>Viernes, 13 a Martes 17 de Junio, de 10 a 14 hs.; Feria de Artesanos en el Carrascal<\/li>\n<li>S\u00e1bado, 14 de Junio, a las 11 hs.; Entrega de premios del Concurso Fotogr\u00e1fico \u201cAprendiendo a descubrir. El mejor legado de Sarmiento\u201d<\/li>\n<li>Viernes, 20; S\u00e1bado, 21 y Domingo, 22 de Junio, de 11: 30 hs.; 11 hs; 11 hs.; respectivamente, Ma\u00f1anas corales en la Casa Hist\u00f3rica<\/li>\n<li>Viernes, 27 de Junio, Horario a confirmar, Circuito Tur\u00edstico Cultural \u201cCaminos de la Educaci\u00f3n\u201d con Consultas e inscripci\u00f3n al 2646317574<\/li>\n<li>S\u00e1bado, 28 de Junio, Horario a confirmar, Presentaci\u00f3n de libro \u201cLas Mujeres de Sarmiento\u201d de Cesar H. Guerrero<\/li>\n<li>S\u00e1bado, 28 de Junio, de 20 a 21 hs.; Una noche en el museo<\/li>\n<li>Fines de semana , B\u00fasqueda del tesoro. Esta es una actividad pensada para que grandes y chicos recorran los espacios de la Casa Natal de Sarmiento de una manera distinta.<\/li>\n<li>Fines de Semana de Junio, Mate y Lectura en el Patio de Parras<\/li>\n<li>Por todo Junio, Exposici\u00f3n temporaria \u201cLa Casa cuenta su historia. Sus patios\u201d<\/li>\n<\/ul>\n<p>Conoc\u00e9 la agenda completa con m\u00e1s detalles:<\/p>\n<p><a href=\"https:\/\/casanatalsarmiento.cultura.gob.ar\/noticia\/agenda-de-junio-en-casa-natal\/\">https:\/\/casanatalsarmiento.cultura.gob.ar\/noticia\/agenda-de-junio-en-casa-natal\/<\/a><\/p>\n<p>&nbsp;<\/p>\n<p><img loading=\"lazy\" decoding=\"async\" class=\"alignnone size-large wp-image-25888\" src=\"https:\/\/vocesparalelas.com.ar\/sitio\/wp-content\/uploads\/2019\/12\/CASA-SARMIENTO-20-800x600.jpg\" alt=\"\" width=\"800\" height=\"600\" srcset=\"https:\/\/vocesparalelas.com.ar\/sitio\/wp-content\/uploads\/2019\/12\/CASA-SARMIENTO-20.jpg 800w, https:\/\/vocesparalelas.com.ar\/sitio\/wp-content\/uploads\/2019\/12\/CASA-SARMIENTO-20-300x225.jpg 300w, https:\/\/vocesparalelas.com.ar\/sitio\/wp-content\/uploads\/2019\/12\/CASA-SARMIENTO-20-768x576.jpg 768w\" sizes=\"auto, (max-width: 800px) 100vw, 800px\" \/><\/p>\n","protected":false},"excerpt":{"rendered":"<p>La Casa Natal de Sarmiento prepar\u00f3 numerosas actividades para desarrollar durante Junio de 2025 para disfrutar. Cronograma Jueves 05; 12;<\/p>\n","protected":false},"author":3,"featured_media":83173,"comment_status":"closed","ping_status":"closed","sticky":false,"template":"","format":"standard","meta":{"_acf_changed":false,"_seopress_robots_primary_cat":"none","_seopress_titles_title":"","_seopress_titles_desc":"","_seopress_robots_index":"","colormag_page_container_layout":"default_layout","colormag_page_sidebar_layout":"default_layout","footnotes":""},"categories":[20],"tags":[],"class_list":["post-87266","post","type-post","status-publish","format-standard","has-post-thumbnail","hentry","category-cartelera"],"acf":[],"_links":{"self":[{"href":"https:\/\/vocesparalelas.com.ar\/sitio\/wp-json\/wp\/v2\/posts\/87266","targetHints":{"allow":["GET"]}}],"collection":[{"href":"https:\/\/vocesparalelas.com.ar\/sitio\/wp-json\/wp\/v2\/posts"}],"about":[{"href":"https:\/\/vocesparalelas.com.ar\/sitio\/wp-json\/wp\/v2\/types\/post"}],"author":[{"embeddable":true,"href":"https:\/\/vocesparalelas.com.ar\/sitio\/wp-json\/wp\/v2\/users\/3"}],"replies":[{"embeddable":true,"href":"https:\/\/vocesparalelas.com.ar\/sitio\/wp-json\/wp\/v2\/comments?post=87266"}],"version-history":[{"count":1,"href":"https:\/\/vocesparalelas.com.ar\/sitio\/wp-json\/wp\/v2\/posts\/87266\/revisions"}],"predecessor-version":[{"id":87269,"href":"https:\/\/vocesparalelas.com.ar\/sitio\/wp-json\/wp\/v2\/posts\/87266\/revisions\/87269"}],"wp:featuredmedia":[{"embeddable":true,"href":"https:\/\/vocesparalelas.com.ar\/sitio\/wp-json\/wp\/v2\/media\/83173"}],"wp:attachment":[{"href":"https:\/\/vocesparalelas.com.ar\/sitio\/wp-json\/wp\/v2\/media?parent=87266"}],"wp:term":[{"taxonomy":"category","embeddable":true,"href":"https:\/\/vocesparalelas.com.ar\/sitio\/wp-json\/wp\/v2\/categories?post=87266"},{"taxonomy":"post_tag","embeddable":true,"href":"https:\/\/vocesparalelas.com.ar\/sitio\/wp-json\/wp\/v2\/tags?post=87266"}],"curies":[{"name":"wp","href":"https:\/\/api.w.org\/{rel}","templated":true}]}}