{"id":87260,"date":"2025-06-04T23:06:57","date_gmt":"2025-06-05T02:06:57","guid":{"rendered":"https:\/\/vocesparalelas.com.ar\/sitio\/?p=87260"},"modified":"2025-06-05T21:07:11","modified_gmt":"2025-06-06T00:07:11","slug":"la-ministra-de-educacion-de-san-juan-lic-silvia-fuentes-en-el-ccumm-de-la-unsj","status":"publish","type":"post","link":"https:\/\/vocesparalelas.com.ar\/sitio\/la-ministra-de-educacion-de-san-juan-lic-silvia-fuentes-en-el-ccumm-de-la-unsj\/","title":{"rendered":"La ministra de Educaci\u00f3n de San Juan, Lic. Silvia Fuentes en el CCUMM de la UNSJ"},"content":{"rendered":"<p style=\"font-weight: 500;\">El Instituto Preuniversitario Colegio Central Universitario Mariano Moreno de la Universidad Nacional de San Juan, recibi\u00f3 la visita de la ministra de Educaci\u00f3n del Gobierno de San Juan, Lic. Silvia Fuentes, en el marco del Proyecto institucional desarrollado desde hace cuatro a\u00f1os por la asignatura Pedagog\u00eda, correspondiente al quinto a\u00f1o de la modalidad de Ciencias Sociales.<\/p>\n<p style=\"font-weight: 500;\">Es una iniciativa pedag\u00f3gica que busca conectar a los estudiantes con las pol\u00edticas educativas desde la voz de sus protagonistas.<\/p>\n<p style=\"font-weight: 500;\">El encuentro fue organizado por la profesora Florencia Wortman, quien coordina el proyecto de forma integral. El mismo contempla un trabajo previo de an\u00e1lisis y elaboraci\u00f3n de preguntas por parte de los estudiantes, quienes, durante la entrevista, sostuvieron un di\u00e1logo cr\u00edtico y reflexivo con la ministra, superando el esquema tradicional de pregunta-respuesta para construir una conversaci\u00f3n con sentido pedag\u00f3gico.<\/p>\n<p style=\"font-weight: 500;\">Durante la jornada, se abordaron tem\u00e1ticas de gran relevancia y actualidad, como los recortes presupuestarios nacionales, la falta de docentes en \u00e1reas cr\u00edticas como Matem\u00e1ticas, Lengua y Literatura, Ingl\u00e9s, Biolog\u00eda y Geograf\u00eda, as\u00ed como la problem\u00e1tica educativa en departamentos alejados. Tambi\u00e9n se discuti\u00f3 el uso de la tecnolog\u00eda y los celulares en el aula.<\/p>\n<p style=\"font-weight: 500;\">En este marco, la directora del CCUMM de la UNSJ,\u00a0 Dra. Ana Mar\u00eda Graffigna puntualiz\u00f3 que \u00abuna cosa es analizar la norma sola y otra, es comprenderla desde los esfuerzos que cada persona hace para desarrollar una acci\u00f3n y una pol\u00edtica. Estos intercambios son sustantivos. Quedan en la memoria de nuestros estudiantes, les permiten pensar la educaci\u00f3n como un objeto vivo que se encarna en todos los personajes que participan del proceso educativo. Constituyen una experiencia inolvidable que fortalece el pensamiento cr\u00edtico\u201d.<\/p>\n<p>Luego, la ministra de Educaci\u00f3n del Gobierno de San Juan, Lic. Silvia Fuentes enfatiz\u00f3 que \u00abes la segunda vez que me invitan. Los y las estudiantes han elaborado preguntas maravillosas, muy bien pensadas, que abarcaron desde mi tarea como docente hasta mi rol como ministra. Me encanta tener este acercamiento con ellos, conocer sus inquietudes y dudas\u201d.<\/p>\n<p><img loading=\"lazy\" decoding=\"async\" class=\"alignnone size-large wp-image-87264\" src=\"https:\/\/vocesparalelas.com.ar\/sitio\/wp-content\/uploads\/2025\/06\/UNSJ-CENTRAL-UNIVERSITARIO-MINISTRA-02.jpg\" alt=\"\" width=\"800\" height=\"466\" srcset=\"https:\/\/vocesparalelas.com.ar\/sitio\/wp-content\/uploads\/2025\/06\/UNSJ-CENTRAL-UNIVERSITARIO-MINISTRA-02.jpg 800w, https:\/\/vocesparalelas.com.ar\/sitio\/wp-content\/uploads\/2025\/06\/UNSJ-CENTRAL-UNIVERSITARIO-MINISTRA-02-300x175.jpg 300w, https:\/\/vocesparalelas.com.ar\/sitio\/wp-content\/uploads\/2025\/06\/UNSJ-CENTRAL-UNIVERSITARIO-MINISTRA-02-768x447.jpg 768w\" sizes=\"auto, (max-width: 800px) 100vw, 800px\" \/><\/p>\n<p style=\"font-weight: 500;\">La jornada se consolid\u00f3 como una valiosa experiencia pedag\u00f3gica, en la que los estudiantes no solo aprendieron sobre pol\u00edticas p\u00fablicas, sino tambi\u00e9n sobre el compromiso c\u00edvico y la importancia del di\u00e1logo informado en la construcci\u00f3n de una sociedad m\u00e1s justa y participativa.<\/p>\n<p>&nbsp;<\/p>\n<p><img loading=\"lazy\" decoding=\"async\" class=\"alignnone size-large wp-image-26639\" src=\"https:\/\/vocesparalelas.com.ar\/sitio\/wp-content\/uploads\/2020\/02\/UNSJ-CENTRAL-800x450.jpg\" alt=\"\" width=\"800\" height=\"450\" srcset=\"https:\/\/vocesparalelas.com.ar\/sitio\/wp-content\/uploads\/2020\/02\/UNSJ-CENTRAL.jpg 800w, https:\/\/vocesparalelas.com.ar\/sitio\/wp-content\/uploads\/2020\/02\/UNSJ-CENTRAL-300x169.jpg 300w, https:\/\/vocesparalelas.com.ar\/sitio\/wp-content\/uploads\/2020\/02\/UNSJ-CENTRAL-768x432.jpg 768w\" sizes=\"auto, (max-width: 800px) 100vw, 800px\" \/><\/p>\n","protected":false},"excerpt":{"rendered":"<p>El Instituto Preuniversitario Colegio Central Universitario Mariano Moreno de la Universidad Nacional de San Juan, recibi\u00f3 la visita de la<\/p>\n","protected":false},"author":3,"featured_media":87263,"comment_status":"closed","ping_status":"closed","sticky":false,"template":"","format":"standard","meta":{"_acf_changed":false,"_seopress_robots_primary_cat":"none","_seopress_titles_title":"","_seopress_titles_desc":"","_seopress_robots_index":"","colormag_page_container_layout":"default_layout","colormag_page_sidebar_layout":"default_layout","footnotes":""},"categories":[5],"tags":[],"class_list":["post-87260","post","type-post","status-publish","format-standard","has-post-thumbnail","hentry","category-ofrecimientos"],"acf":[],"_links":{"self":[{"href":"https:\/\/vocesparalelas.com.ar\/sitio\/wp-json\/wp\/v2\/posts\/87260","targetHints":{"allow":["GET"]}}],"collection":[{"href":"https:\/\/vocesparalelas.com.ar\/sitio\/wp-json\/wp\/v2\/posts"}],"about":[{"href":"https:\/\/vocesparalelas.com.ar\/sitio\/wp-json\/wp\/v2\/types\/post"}],"author":[{"embeddable":true,"href":"https:\/\/vocesparalelas.com.ar\/sitio\/wp-json\/wp\/v2\/users\/3"}],"replies":[{"embeddable":true,"href":"https:\/\/vocesparalelas.com.ar\/sitio\/wp-json\/wp\/v2\/comments?post=87260"}],"version-history":[{"count":1,"href":"https:\/\/vocesparalelas.com.ar\/sitio\/wp-json\/wp\/v2\/posts\/87260\/revisions"}],"predecessor-version":[{"id":87265,"href":"https:\/\/vocesparalelas.com.ar\/sitio\/wp-json\/wp\/v2\/posts\/87260\/revisions\/87265"}],"wp:featuredmedia":[{"embeddable":true,"href":"https:\/\/vocesparalelas.com.ar\/sitio\/wp-json\/wp\/v2\/media\/87263"}],"wp:attachment":[{"href":"https:\/\/vocesparalelas.com.ar\/sitio\/wp-json\/wp\/v2\/media?parent=87260"}],"wp:term":[{"taxonomy":"category","embeddable":true,"href":"https:\/\/vocesparalelas.com.ar\/sitio\/wp-json\/wp\/v2\/categories?post=87260"},{"taxonomy":"post_tag","embeddable":true,"href":"https:\/\/vocesparalelas.com.ar\/sitio\/wp-json\/wp\/v2\/tags?post=87260"}],"curies":[{"name":"wp","href":"https:\/\/api.w.org\/{rel}","templated":true}]}}