{"id":87247,"date":"2025-06-04T20:20:55","date_gmt":"2025-06-04T23:20:55","guid":{"rendered":"https:\/\/vocesparalelas.com.ar\/sitio\/?p=87247"},"modified":"2025-06-05T21:11:06","modified_gmt":"2025-06-06T00:11:06","slug":"la-empresa-de-san-juan-zlato-responsable-de-las-obras-de-mantenimiento-de-un-tramo-clave-del-camino-en-el-departamento-iglesia-en-san-juan","status":"publish","type":"post","link":"https:\/\/vocesparalelas.com.ar\/sitio\/la-empresa-de-san-juan-zlato-responsable-de-las-obras-de-mantenimiento-de-un-tramo-clave-del-camino-en-el-departamento-iglesia-en-san-juan\/","title":{"rendered":"La Empresa de San Juan\u00a0Zlato responsable de las obras de mantenimiento de un tramo clave del camino en el Departamento Iglesia en San Juan"},"content":{"rendered":"<p>En una decisi\u00f3n que refuerza el compromiso con el desarrollo local, el proyecto integrado Vicu\u00f1a adjudic\u00f3 a la empresa de San Juan\u00a0 Zlato, las obras de mantenimiento de un tramo clave del camino del departamento Iglesia que conduce al Proyecto Minero Josemar\u00eda.<\/p>\n<p>Se trata de 170 kil\u00f3metros de camino que se extienden desde Angualasto hasta La Majadita, atravesando parajes como Malim\u00e1n, La Chigua, El Chinguillo y La Junta de La Palca, en direcci\u00f3n al ingreso Norte del Parque Nacional San Guillermo.<\/p>\n<p>La adjudicaci\u00f3n representa un paso firme hacia la reactivaci\u00f3n de la econom\u00eda local, no solo por la elecci\u00f3n de una firma radicada en la Provincia de San Juan, sino tambi\u00e9n por el impacto que tendr\u00e1 en la generaci\u00f3n de empleo. Se estima que alrededor de 100 personas, entre puestos directos e indirectos, trabajar\u00e1n durante los 13 meses que demandar\u00e1n las obras.<\/p>\n<p>La empresa implementar\u00e1 un sistema de rotaci\u00f3n por turnos y contar\u00e1 con un campamento especialmente dispuesto para la ejecuci\u00f3n del proyecto.<\/p>\n<p><img loading=\"lazy\" decoding=\"async\" class=\"alignnone size-full wp-image-75215\" src=\"https:\/\/vocesparalelas.com.ar\/sitio\/wp-content\/uploads\/2024\/07\/MINERIA-JOSEMARIA.jpg\" alt=\"\" width=\"800\" height=\"600\" srcset=\"https:\/\/vocesparalelas.com.ar\/sitio\/wp-content\/uploads\/2024\/07\/MINERIA-JOSEMARIA.jpg 800w, https:\/\/vocesparalelas.com.ar\/sitio\/wp-content\/uploads\/2024\/07\/MINERIA-JOSEMARIA-300x225.jpg 300w, https:\/\/vocesparalelas.com.ar\/sitio\/wp-content\/uploads\/2024\/07\/MINERIA-JOSEMARIA-768x576.jpg 768w\" sizes=\"auto, (max-width: 800px) 100vw, 800px\" \/><\/p>\n<p>Los trabajos, que cuentan con la autorizaci\u00f3n de la Direcci\u00f3n de Vialidad Provincia de San Juan, contemplan tareas de mantenimiento de baja a mediana complejidad. Entre las intervenciones previstas se destacan: nivelaci\u00f3n y acondicionamiento de la huella actual, mejoras en curvas y pendientes, encauzamiento de cauces hacia alcantarillas, reemplazo e instalaci\u00f3n de nuevas alcantarillas con estructuras de hormig\u00f3n armado, colocaci\u00f3n de gaviones, ensanche de calzada, control de polvo, bermas de seguridad y mantenimiento de badenes en zonas de cauces temporales, entre otras.<\/p>\n<p>El mejoramiento del camino permitir\u00e1 mantener operativa una v\u00eda clave para el tr\u00e1nsito y la log\u00edstica del proyecto. Adem\u00e1s de facilitar la circulaci\u00f3n del personal t\u00e9cnico, contribuir\u00e1 en el futuro al transporte de combustible, veh\u00edculos livianos y suministros cr\u00edticos, posicion\u00e1ndose como una alternativa segura al acceso actual por Guandacol, en la provincia de La Rioja.<\/p>\n<p>A largo plazo, este camino mejorado brindar\u00e1 tambi\u00e9n un acceso m\u00e1s seguro y confiable al Parque Nacional San Guillermo, potenciando as\u00ed el desarrollo regional y el turismo sustentable en el norte sanjuanino.<\/p>\n<p>&nbsp;<\/p>\n<p><img loading=\"lazy\" decoding=\"async\" class=\"alignnone size-full wp-image-87251\" src=\"https:\/\/vocesparalelas.com.ar\/sitio\/wp-content\/uploads\/2025\/06\/PARQUE-NACIONAL-SAN-GUILLERMO.jpg\" alt=\"\" width=\"800\" height=\"601\" srcset=\"https:\/\/vocesparalelas.com.ar\/sitio\/wp-content\/uploads\/2025\/06\/PARQUE-NACIONAL-SAN-GUILLERMO.jpg 800w, https:\/\/vocesparalelas.com.ar\/sitio\/wp-content\/uploads\/2025\/06\/PARQUE-NACIONAL-SAN-GUILLERMO-300x225.jpg 300w, https:\/\/vocesparalelas.com.ar\/sitio\/wp-content\/uploads\/2025\/06\/PARQUE-NACIONAL-SAN-GUILLERMO-768x577.jpg 768w\" sizes=\"auto, (max-width: 800px) 100vw, 800px\" \/><\/p>\n","protected":false},"excerpt":{"rendered":"<p>En una decisi\u00f3n que refuerza el compromiso con el desarrollo local, el proyecto integrado Vicu\u00f1a adjudic\u00f3 a la empresa de<\/p>\n","protected":false},"author":3,"featured_media":87250,"comment_status":"closed","ping_status":"closed","sticky":false,"template":"","format":"standard","meta":{"_acf_changed":false,"_seopress_robots_primary_cat":"none","_seopress_titles_title":"","_seopress_titles_desc":"","_seopress_robots_index":"","colormag_page_container_layout":"default_layout","colormag_page_sidebar_layout":"default_layout","footnotes":""},"categories":[6],"tags":[],"class_list":["post-87247","post","type-post","status-publish","format-standard","has-post-thumbnail","hentry","category-eventos"],"acf":[],"_links":{"self":[{"href":"https:\/\/vocesparalelas.com.ar\/sitio\/wp-json\/wp\/v2\/posts\/87247","targetHints":{"allow":["GET"]}}],"collection":[{"href":"https:\/\/vocesparalelas.com.ar\/sitio\/wp-json\/wp\/v2\/posts"}],"about":[{"href":"https:\/\/vocesparalelas.com.ar\/sitio\/wp-json\/wp\/v2\/types\/post"}],"author":[{"embeddable":true,"href":"https:\/\/vocesparalelas.com.ar\/sitio\/wp-json\/wp\/v2\/users\/3"}],"replies":[{"embeddable":true,"href":"https:\/\/vocesparalelas.com.ar\/sitio\/wp-json\/wp\/v2\/comments?post=87247"}],"version-history":[{"count":2,"href":"https:\/\/vocesparalelas.com.ar\/sitio\/wp-json\/wp\/v2\/posts\/87247\/revisions"}],"predecessor-version":[{"id":87253,"href":"https:\/\/vocesparalelas.com.ar\/sitio\/wp-json\/wp\/v2\/posts\/87247\/revisions\/87253"}],"wp:featuredmedia":[{"embeddable":true,"href":"https:\/\/vocesparalelas.com.ar\/sitio\/wp-json\/wp\/v2\/media\/87250"}],"wp:attachment":[{"href":"https:\/\/vocesparalelas.com.ar\/sitio\/wp-json\/wp\/v2\/media?parent=87247"}],"wp:term":[{"taxonomy":"category","embeddable":true,"href":"https:\/\/vocesparalelas.com.ar\/sitio\/wp-json\/wp\/v2\/categories?post=87247"},{"taxonomy":"post_tag","embeddable":true,"href":"https:\/\/vocesparalelas.com.ar\/sitio\/wp-json\/wp\/v2\/tags?post=87247"}],"curies":[{"name":"wp","href":"https:\/\/api.w.org\/{rel}","templated":true}]}}