{"id":87242,"date":"2025-06-04T15:13:25","date_gmt":"2025-06-04T18:13:25","guid":{"rendered":"https:\/\/vocesparalelas.com.ar\/sitio\/?p=87242"},"modified":"2025-06-05T21:06:14","modified_gmt":"2025-06-06T00:06:14","slug":"firma-la-solicitud-declaracion-de-patrimonio-cultural-de-la-ex-iglesia-de-trinidad-en-san-juan","status":"publish","type":"post","link":"https:\/\/vocesparalelas.com.ar\/sitio\/firma-la-solicitud-declaracion-de-patrimonio-cultural-de-la-ex-iglesia-de-trinidad-en-san-juan\/","title":{"rendered":"Firma la solicitud Declaraci\u00f3n de Patrimonio Cultural de la ex Iglesia de Trinidad en San Juan"},"content":{"rendered":"<p>Como nativos de San Juan, la ex Iglesia de Trinidad y el Hogar de Ancianos tienen un lugar especial en nuestros corazones. Muchos de nuestros abuelos contrajeron matrimonio en esta instituci\u00f3n, asoci\u00e1ndola con recuerdos y emociones invaluables. Adem\u00e1s, esta ex iglesia y asilo de ancianos han sido pilares para ayudar a los sanjuaninos en situaciones de vulnerabilidad.<\/p>\n<p>Por lo tanto, creemos que es esencial preservar estos valiosos edificios y lo que representan para nuestra comunidad. Solicitamos a nuestras autoridades y legisladores que declaren la ex Iglesia de la Trinidad y el Hogar de Ancianos como Patrimonio Cultural, con el objetivo de convertirse en museos. Creemos que la transformaci\u00f3n de estos edificios en museos no solo proteger\u00e1 su legado sino que tambi\u00e9n servir\u00e1 para educar a las nuevas generaciones sobre nuestra rica historia y cultura.<\/p>\n<p>Las estad\u00edsticas muestran que la preservaci\u00f3n del patrimonio cultural puede tener impactos positivos en el turismo local, lo que a su vez apoya la econom\u00eda (Fuente: OMT, 2014).<\/p>\n<p><a class=\"corgi-1ns4ej6\" href=\"https:\/\/evemuseografia.com\/2017\/01\/11\/museos-y-su-impacto-en-el-turismo\/\" target=\"_blank\" rel=\"nofollow noopener noreferrer\">https:\/\/evemuseografia.com\/2017\/01\/11\/museos-y-su-impacto-en-el-turismo\/<\/a><\/p>\n<p>Queremos que San Juan se beneficie de manera similar.<\/p>\n<p>Por favor, unanse a nosotros en este esfuerzo para preservar y promover nuestro preciado patrimonio cultural.<\/p>\n<p>Firma la petici\u00f3n.<\/p>\n<p><a href=\"https:\/\/chng.it\/H885zY8fMR\">https:\/\/chng.it\/H885zY8fMR<\/a><\/p>\n<p><img loading=\"lazy\" decoding=\"async\" class=\"alignnone size-large wp-image-1815\" src=\"https:\/\/vocesparalelas.com.ar\/sitio\/wp-content\/uploads\/2017\/06\/SAN-JUAN-CIUDAD-01-7-800x531.jpg\" alt=\"\" width=\"800\" height=\"531\" srcset=\"https:\/\/vocesparalelas.com.ar\/sitio\/wp-content\/uploads\/2017\/06\/SAN-JUAN-CIUDAD-01-7.jpg 800w, https:\/\/vocesparalelas.com.ar\/sitio\/wp-content\/uploads\/2017\/06\/SAN-JUAN-CIUDAD-01-7-300x199.jpg 300w, https:\/\/vocesparalelas.com.ar\/sitio\/wp-content\/uploads\/2017\/06\/SAN-JUAN-CIUDAD-01-7-768x510.jpg 768w\" sizes=\"auto, (max-width: 800px) 100vw, 800px\" \/><\/p>\n","protected":false},"excerpt":{"rendered":"<p>Como nativos de San Juan, la ex Iglesia de Trinidad y el Hogar de Ancianos tienen un lugar especial en<\/p>\n","protected":false},"author":3,"featured_media":87259,"comment_status":"closed","ping_status":"closed","sticky":false,"template":"","format":"standard","meta":{"_acf_changed":false,"_seopress_robots_primary_cat":"none","_seopress_titles_title":"","_seopress_titles_desc":"","_seopress_robots_index":"","colormag_page_container_layout":"default_layout","colormag_page_sidebar_layout":"default_layout","footnotes":""},"categories":[2],"tags":[],"class_list":["post-87242","post","type-post","status-publish","format-standard","has-post-thumbnail","hentry","category-convocatorias"],"acf":[],"_links":{"self":[{"href":"https:\/\/vocesparalelas.com.ar\/sitio\/wp-json\/wp\/v2\/posts\/87242","targetHints":{"allow":["GET"]}}],"collection":[{"href":"https:\/\/vocesparalelas.com.ar\/sitio\/wp-json\/wp\/v2\/posts"}],"about":[{"href":"https:\/\/vocesparalelas.com.ar\/sitio\/wp-json\/wp\/v2\/types\/post"}],"author":[{"embeddable":true,"href":"https:\/\/vocesparalelas.com.ar\/sitio\/wp-json\/wp\/v2\/users\/3"}],"replies":[{"embeddable":true,"href":"https:\/\/vocesparalelas.com.ar\/sitio\/wp-json\/wp\/v2\/comments?post=87242"}],"version-history":[{"count":1,"href":"https:\/\/vocesparalelas.com.ar\/sitio\/wp-json\/wp\/v2\/posts\/87242\/revisions"}],"predecessor-version":[{"id":87246,"href":"https:\/\/vocesparalelas.com.ar\/sitio\/wp-json\/wp\/v2\/posts\/87242\/revisions\/87246"}],"wp:featuredmedia":[{"embeddable":true,"href":"https:\/\/vocesparalelas.com.ar\/sitio\/wp-json\/wp\/v2\/media\/87259"}],"wp:attachment":[{"href":"https:\/\/vocesparalelas.com.ar\/sitio\/wp-json\/wp\/v2\/media?parent=87242"}],"wp:term":[{"taxonomy":"category","embeddable":true,"href":"https:\/\/vocesparalelas.com.ar\/sitio\/wp-json\/wp\/v2\/categories?post=87242"},{"taxonomy":"post_tag","embeddable":true,"href":"https:\/\/vocesparalelas.com.ar\/sitio\/wp-json\/wp\/v2\/tags?post=87242"}],"curies":[{"name":"wp","href":"https:\/\/api.w.org\/{rel}","templated":true}]}}