{"id":87238,"date":"2025-06-04T13:14:41","date_gmt":"2025-06-04T16:14:41","guid":{"rendered":"https:\/\/vocesparalelas.com.ar\/sitio\/?p=87238"},"modified":"2025-06-04T13:14:41","modified_gmt":"2025-06-04T16:14:41","slug":"se-desarrolla-la-cuarta-sesion-del-periodo-ordinario-de-la-camara-de-diputados-de-san-juan-2","status":"publish","type":"post","link":"https:\/\/vocesparalelas.com.ar\/sitio\/se-desarrolla-la-cuarta-sesion-del-periodo-ordinario-de-la-camara-de-diputados-de-san-juan-2\/","title":{"rendered":"Se desarrolla la Cuarta Sesi\u00f3n del per\u00edodo ordinario de la C\u00e1mara de Diputados de San Juan"},"content":{"rendered":"<p>La C\u00e1mara de Diputados de San Juan desarrolla el Jueves, 5 de Junio, a las 9.30 horas, la Cuarta Sesi\u00f3n del per\u00edodo ordinario. Podes seguir la transmisi\u00f3n en vivo por el canal oficial de YouTube (<a href=\"https:\/\/youtube.com\/live\/yztHAcQ87c8?feature=share\">link aqu\u00ed<\/a>). En la ocasi\u00f3n, el cuerpo Legislativo pondr\u00e1 a consideraci\u00f3n la ratificaci\u00f3n de siete convenios con diversas instituciones, y dos proyectos de Ley de imposici\u00f3n de nombre a establecimientos educativos.<\/p>\n<p>A continuaci\u00f3n, se detallan los asuntos a tratar:<\/p>\n<p><span style=\"color: #800080;\"><strong>Convenio con el Instituto Superior Cuyano<\/strong><\/span><\/p>\n<p>Con despacho de las comisiones de Legislaci\u00f3n y Asuntos Constitucionales y Salud y Discapacidad, los legisladores tratan en el recinto un convenio celebrado entre el Ministerio de Salud del Gobierno de San Juan y el Instituto Superior Cuyano.<\/p>\n<p>La finalidad es establecer las bases de una mutua cooperaci\u00f3n entre las instituciones para la realizaci\u00f3n de actividades de investigaci\u00f3n, acad\u00e9micas, docentes, de difusi\u00f3n de la cultura y extensi\u00f3n de servicios en todas aquellas \u00e1reas de inter\u00e9s rec\u00edproco, propios de sus objetivos y funciones, con miras al logro de sus fines y el aprovechamiento racional de sus recursos.<\/p>\n<p><span style=\"color: #800080;\"><strong>Convenio sobre el Plan Nacional Argentina contra el hambre<\/strong><strong>\u00a0<\/strong><\/span><\/p>\n<p>Con despacho favorable de las comisiones de Legislaci\u00f3n y Asuntos Constitucionales, y Desarrollo Humano y Laboral, el cuerpo Legislativo tratar\u00e1 el\u00a0convenio celebrado entre el Ministerio de la Familia y Desarrollo Humano de la provincia de San Juan y la Secretar\u00eda Nacional de Ni\u00f1ez, Adolescencia y Familia del Ministerio de Capital Humano de la Naci\u00f3n.<\/p>\n<p>El objeto consiste en establecer los mecanismos para que las partes coordinen la distribuci\u00f3n y utilizaci\u00f3n de los alimentos a ser entregados, con el fin de garantizar la seguridad alimentaria de los habitantes de la Provincia frente a situaciones de emergencia, en el marco del Plan Nacional \u00abArgentina Contra el Hambre\u00bb y la Emergencia Alimentaria Nacional.<\/p>\n<p><span style=\"color: #800080;\"><strong>Convenio para asistencia a personas en situaci\u00f3n de vulnerabilidad<\/strong><strong>\u00a0<\/strong><\/span><\/p>\n<p>Tras despacho favorable de las comisiones de Legislaci\u00f3n y Asuntos Constitucionales, y Desarrollo Humano y Laboral, la Legislatura pondr\u00e1 a consideraci\u00f3n la aprobaci\u00f3n el\u00a0Convenio de Colaboraci\u00f3n suscripto entre la Secretar\u00eda Nacional de Ni\u00f1ez, Adolescencia y Familia del Ministerio del Capital Humano y el Ministerio de Familia y Desarrollo Humano de la provincia<strong>.<\/strong><\/p>\n<p>El objeto consiste en establecer mecanismos para que las partes coordinen la distribuci\u00f3n y utilizaci\u00f3n de las frazadas que ser\u00e1n entregadas a las personas en situaci\u00f3n de vulnerabilidad con el fin de garantizar la asistencia a poblaciones afectadas por emergencia sobreviniente en el territorio provincial.<\/p>\n<p><span style=\"color: #800080;\"><strong>Convenio con la Cruz Roja Argentina Filial San Juan<\/strong><\/span><\/p>\n<p>Asimismo, con despacho de las comisiones de Legislaci\u00f3n y Asuntos Constitucionales, y Desarrollo Humano y Laboral, los Diputados tratan un convenio celebrado entre el Ministerio de Familia y Desarrollo Humano y la Cruz Roja Argentina Filial San Juan.<\/p>\n<p>El objeto es establecer las bases de colaboraci\u00f3n en \u00e1reas de inter\u00e9s mutuo, con el fin de llevar a cabo acciones conjuntas que beneficien a la comunidad y contribuyan al desarrollo humano integral.<\/p>\n<p><span style=\"color: #800080;\"><strong>Convenio para la prevenci\u00f3n de los consumos problem\u00e1ticos<\/strong><\/span><\/p>\n<p>Con despacho de las comisiones de Legislaci\u00f3n y Asuntos Constitucionales, y Desarrollo Humano y Laboral y Sistema Municipal, los diputados someten a votaci\u00f3n la aprobaci\u00f3n del Convenio de Cooperaci\u00f3n celebrado entre los 19 municipios y el Ministerio de Familia y Desarrollo Humano, en el marco del Programa de Unidad Municipal de los Consumo Problem\u00e1ticos &#8211; UMCOP.<\/p>\n<p>El objeto es la inversi\u00f3n social en el mencionado programa a efectos de profundizar las pol\u00edticas p\u00fablicas tendientes a promover el fortalecimiento de la prevenci\u00f3n de los Consumos Problem\u00e1ticos, tratamiento, rehabilitaci\u00f3n y reintegraci\u00f3n a la sociedad de personas que la padecen, mediante la articulaci\u00f3n entre la Direcci\u00f3n de Prevenci\u00f3n y Asistencia de los Consumos Problem\u00e1ticos y el Municipio.<\/p>\n<p><span style=\"color: #800080;\"><strong>Convenios para la implementaci\u00f3n del Dispositivo del \u00c1rea de G\u00e9nero<\/strong><strong>\u00a0<\/strong><\/span><\/p>\n<p>Tras despacho de las comisiones de Legislaci\u00f3n y Asuntos Constitucionales, Mujer y G\u00e9nero, y Sistema Municipal, tambi\u00e9n ponen a consideraci\u00f3n la aprobaci\u00f3n de los Convenios de Cooperaci\u00f3n para la implementaci\u00f3n del Dispositivo del \u00c1rea de G\u00e9nero, celebrados entre los diecinueve Municipios de la Provincia\u00a0y el Ministerio de Familia y Desarrollo Humano de la provincia de San Juan.<\/p>\n<p>El objetivo es la implementaci\u00f3n del Dispositivo del \u00c1rea Genero, a efectos de promover en todo en territorio provincial la aplicaci\u00f3n de pol\u00edticas p\u00fablicas activas con perspectivas de g\u00e9nero y diversidad, que favorezcan el desarrollo de la autonom\u00eda personal, econ\u00f3mica, social, pol\u00edtica y cultural de las mujeres y poblaci\u00f3n LGQTQ+. As\u00ed tambi\u00e9n, dichas pol\u00edticas deber\u00e1n accionar para Prevenci\u00f3n, Asistencia y Erradicaci\u00f3n de la violencia por motivos de g\u00e9nero contra mujeres y poblaci\u00f3n LGQTQ+, seg\u00fan criterios de integralidad territorial e interdisciplinariedad con organismos pertenecientes a los tres Poderes del Estado y con organizaciones sociales, propiciando el respeto por la pluralidad, diversidad, igualdad y fomento de los valores democr\u00e1ticos.<\/p>\n<p><span style=\"color: #800080;\"><strong>Acuerdo con la Organizaci\u00f3n Panamericana de la Salud<\/strong><strong>\u00a0<\/strong><\/span><\/p>\n<p>Tambi\u00e9n, con despacho de las comisiones de Legislaci\u00f3n y Asuntos Constitucionales, Salud y Discapacidad, Hacienda y Presupuesto, la Legislatura pondr\u00e1 a consideraci\u00f3n la aprobaci\u00f3n del\u00a0Ap\u00e9ndice N\u00ba 23 al Acuerdo entre el Gobierno de la Rep\u00fablica Argentina y la Organizaci\u00f3n Panamericana de la Salud (OPS)\u00a0para la participaci\u00f3n del Ministerio en el Fondo Rotatorio Regional para la adquisici\u00f3n de Productos estrat\u00e9gicos de Salud P\u00fablica.<\/p>\n<p>Cabe se\u00f1alar que los Fondos Rotatorios Regionales (FRR) de la OPS son mecanismos de cooperaci\u00f3n t\u00e9cnica que permiten a los pa\u00edses de las Am\u00e9ricas acceder a vacunas de calidad, medicamentos esenciales y suministros de salud p\u00fablica a precios asequibles de manera oportuna y transparente.<\/p>\n<p><span style=\"color: #800080;\"><strong>Imposici\u00f3n de nombres a escuelas<\/strong><\/span><\/p>\n<p>Por otro lado, con despacho de las comisiones de Educaci\u00f3n, Ciencia, T\u00e9cnica y Cultura y Peticiones y Poderes, la Legislatura tratar\u00e1 dos proyectos de Ley remitidos por el Poder Ejecutivo que propone la imposici\u00f3n de los siguientes nombres:<\/p>\n<ul>\n<li>Escuela Barrio Huaziul\u00a0a la Escuela Coornelio Saavedra del Departamento Rivadavia.<\/li>\n<li>Escuela Primaria Arturo Frondizi\u00a0a la Escuela de Educaci\u00f3n Primaria del Barrio Frondizi.<strong>\u00a0<\/strong><\/li>\n<\/ul>\n<p><span style=\"color: #800080;\"><strong>Modificaci\u00f3n de la Ley N\u00ba 2730-I<\/strong><\/span><\/p>\n<p>Sobre tablas, el cuerpo Legislativo trata el proyecto que propone modificar la Ley N\u00ba 2730-I, para incorporar en el inciso 2) del art\u00edculo 44, los sub incisos 15 al 19, a continuaci\u00f3n del sub inciso 14:<\/p>\n<p>15- Sarmiento $35.600<\/p>\n<p>16- Calingasta $33.200<\/p>\n<p>17- Iglesia $26.400<\/p>\n<p>18- J\u00e1chal $33.000<\/p>\n<p>19- Valle F\u00e9rtil $16.900<\/p>\n<p><span style=\"color: #800080;\"><strong>Proyectos de Resoluci\u00f3n<\/strong><\/span><\/p>\n<p>Asimismo, el cuerpo Legislativo pondr\u00e1 a consideraci\u00f3n los siguientes proyectos de Resoluci\u00f3n, que proponen declarar de inter\u00e9s:<\/p>\n<ul>\n<li>Cultural, el 100 aniversario de Radio Sarmiento, de trayectoria ininterrumpida a cumplirse el 11 de septiembre de 2025. (Interbloque Cambia San Juan)<\/li>\n<li>Cultural, econ\u00f3mico y social: \u00abLa Ruta del Emprendedor, Podcast Sanjuanino\u00bb, de Mg. Bernardo S\u00e1nchez Bataller y del C.P.N Facundo Cereceda. (Interbloque Cambia San Juan)<\/li>\n<li>Cultural, el Proyecto audiovisual titulado \u201cMe llamaron Pancha\u201d. (Interbloque Cambia San Juan)<\/li>\n<li>Social y deportivo el Torneo de Voleibol Copa Italia 2025, a llevarse a cabo los d\u00edas 6, 7 y 8 de junio del corriente a\u00f1o, organizado por el Club Ausonia de la provincia de San Juan. (Interbloque Cambia San Juan)<\/li>\n<li>Social y sanitario, la Jornada de Concientizaci\u00f3n, en conmemoraci\u00f3n del D\u00eda Mundial del Donante de Sangre, organizada por el Instituto Provincial de Hemoterapia (IPHEM), a realizarse el d\u00eda s\u00e1bado 14 de junio del corriente a\u00f1o, en el Parque de Mayo. (Interbloque Cambia San Juan)<\/li>\n<li>Social, productivo, econ\u00f3mico, industrial y acad\u00e9mico, la exposici\u00f3n La Miner\u00eda y la Gente 2025, que se lleva a cabo desde el 16 hasta el 18 de julio, en el Auditorio Eloy Pr\u00f3spero Camus. (Interbloque Cambia San Juan)<\/li>\n<li>Social y educativo el libro: G\u00e9nesis y Proyecci\u00f3n del Neoliberalismo, de autor\u00eda del Licenciado y profesor \u00c1lvaro Olmedo. (Interbloque Cambia San Juan)<\/li>\n<li>Educativo, social y deportivo, a la Charla sobre Estrategias Motivacionales ante Competencias Deportivas (miedos y frustra &#8216;dones)\u00bb, organizada por la Municipalidad de Albard\u00e1n y que se realiza el d\u00eda 9 de junio, en la Casa de la Historia y la Cultura de Albard\u00e1n. (Bloque Justicialista)<\/li>\n<\/ul>\n<p>Por otro lado, la Legislatura tratar\u00e1 un proyecto de Declaraci\u00f3n que tiene despacho favorable de la comisi\u00f3n de Agricultura y Ganader\u00eda, mediante el cual exprese su m\u00e1s firme respaldo al INTA como pol\u00edtica de Estado.<\/p>\n<p><span style=\"color: #800080;\"><strong>Proyectos que ingresan a comisiones<\/strong><\/span><\/p>\n<p>En la Cuarta Sesi\u00f3n del periodo ordinario, tomar\u00e1 estado parlamentario los siguientes proyectos de Ley que proponen:<\/p>\n<ul>\n<li>Aprobar el Convenio Interinstitucional: Programa de Justicia Juvenil Restaurativa, celebrado entre el Poder Ejecutivo, el Poder Judicial y los municipios de los Departamentos de la Ciudad de San Juan, Santa Luc\u00eda, Rawson y J\u00e1chal. (Autor: Poder Ejecutivo. Comisiones: Legislaci\u00f3n y Asuntos Constitucionales\/ Justicia y Seguridad).<\/li>\n<li>Ratificar el Convenio Marco de Colaboraci\u00f3n y Cooperaci\u00f3n Mutua, suscripto entre el Ministerio de Salud, Ministerio de Miner\u00eda de la Provincia y la Empresa Minera Andina del Sol SRL y Barrick Exploraciones Argentina S.A. (Autor: Poder Ejecutivo. Comisiones: Legislaci\u00f3n y Asuntos Constitucionales\/Miner\u00eda y Energ\u00eda)<\/li>\n<li>Aprobar el Convenio Marco de Colaboraci\u00f3n suscripto entre el Ministerio de Gobierno y el Consulado General de Italia en Mendoza. (Autor: Poder Ejecutivo. Comisiones: Legislaci\u00f3n y Asuntos Constitucionales\/Justicia y Seguridad\/ Relaciones Interlegislativas e Internacionales)<\/li>\n<li>Crear el Programa Aunar Familia San Juan. (Autor: bloque Justicialista. Comisiones: Legislaci\u00f3n y Asuntos Constitucionales\/ Desarrollo Humano y Laboral\/ Hacienda y Presupuesto)<\/li>\n<li>Inhabilitar para ejercer cargos p\u00fablicos y participar de licitaciones provinciales a deudores alimentarios y personas condenadas por violencia intrafamiliar o de g\u00e9nero. (Autor: bloque Mejor Nosotros. Comisiones: a su antecedente)<\/li>\n<li>Establecer un curso b\u00e1sico obligatorio de primeros auxilios neonatales y pedi\u00e1tricos para personas gestantes. (Autor: bloque Mejor Nosotros. Comisiones: Legislaci\u00f3n y Asuntos Constitucionales\/ Salud y Discapacidad)<\/li>\n<\/ul>\n<p>Tambi\u00e9n, ingresan a sus respectivas comisiones los siguientes proyectos de Resoluci\u00f3n que proponen declarar de inter\u00e9s las siguientes actividades:<\/p>\n<ul>\n<li>La II Conferencia Internacional Argentina Cobre. (Autor: Interbloque Cambia San Juan. Comisi\u00f3n: Educaci\u00f3n, Ciencia, T\u00e9cnica y Cultura).<\/li>\n<li>El Programa Construyendo Valores. (Autor: Interbloque Cambia San Juan. Comisi\u00f3n: Educaci\u00f3n, Ciencia, T\u00e9cnica y Cultura).<\/li>\n<li>El VI Congreso Argentino de Asociaci\u00f3n Argentina de Hemofilia y Des\u00f3rdenes Asociados (AAHDA). (Autor: Interbloque Cambia San Juan. Comisi\u00f3n: Salud y Discapacidad)<\/li>\n<\/ul>\n<p>Asimismo, toman estado parlamentario los siguientes proyectos de Comunicaci\u00f3n que solicitan:<\/p>\n<ul>\n<li>\u00a0Al Poder Ejecutivo, a trav\u00e9s del Ministerio de Salud, informe sobre la aplicaci\u00f3n de la Ley N\u00ba 1626-S, regulatoria del funcionamiento de las Residencias Geri\u00e1tricas en todo el territorio de la Provincia de San Juan. (Autor: bloque Justicialista. Comisi\u00f3n: Salud y Discapacidad).<\/li>\n<li>Al Poder Ejecutivo, la implementaci\u00f3n de un Plan Integral de Calefacci\u00f3n en todos los establecimientos educativos. (Autor: bloque Crecer. Comisi\u00f3n: Obras y Servicios P\u00fablicos\/ Educaci\u00f3n, Ciencia, T\u00e9cnica y Cultura).<\/li>\n<li>Al Poder Ejecutivo que arbitre los medios necesarios para la finalizaci\u00f3n de la obra de pavimentaci\u00f3n de la Ruta Provincial N\u00b0 54 del Departamento Ullum. (Autor: bloque Mejor Nosotros. Comisi\u00f3n: Obras y Servicios P\u00fablicos).<\/li>\n<li>Al Poder Ejecutivo se nombre a la Ruta Provincial N\u00b0 54 como Ruta Papa Francisco. (Autor: bloque Mejor Nosotros. Comisi\u00f3n: Obras y Servicios P\u00fablicos).<\/li>\n<li>Al Poder Ejecutivo la reactivaci\u00f3n y finalizaci\u00f3n de la obra de construcci\u00f3n del Penal de Ullum. (Autor: bloque Mejor Nosotros. Comisi\u00f3n: Obras y Servicios P\u00fablicos).<\/li>\n<li>Al Poder Ejecutivo informe sobre la situaci\u00f3n actual del Convenio entre la provincia de San Juan y Fly Bondi L\u00edneas A\u00e9reas S.A. (Autor: bloque La Libertad Avanza. Comisi\u00f3n: Deporte y Turismo)<\/li>\n<li>Al Poder Ejecutivo que informe sobre la paralizaci\u00f3n de la obra Acueducto Gran Tulum. (Autor: interbloque Cambia San Juan. Comisi\u00f3n: Obras y Servicios P\u00fablicos)<\/li>\n<li>Al Poder Ejecutivo informe en torno a las posibles irregularidades detectadas en la tramitaci\u00f3n de los subsidios al transporte otorgados por el Gobierno Provincial a las empresas de transporte, nucleadas en A.T.A.P, en los meses de octubre a noviembre del a\u00f1o 2023. (Autor: interbloque Cambia San Juan. Comisi\u00f3n: Obras y Servicios P\u00fablicos)<\/li>\n<li>Al Poder Ejecutivo, por intermedio del Ministerio de Familia y Desarrollo Humano, brinde informaci\u00f3n sobre las causas judiciales iniciadas contra la provincia de San Juan. (Autor: interbloque Cambia San Juan. Comisi\u00f3n: Desarrollo Humano)<\/li>\n<li>Al Poder Ejecutivo que, a trav\u00e9s de la Secretar\u00eda General de la Gobernaci\u00f3n, informe sobre contrataciones directa de publicidad, mediante el sistema de contrataci\u00f3n directa a empresas proveedoras del mismo grupo econ\u00f3mico y\/o mismo propietario y\/o administrador sin antecedentes de idoneidad m\u00ednimos en el rubro. (Autor: Interbloque Cambia San Juan. Comisi\u00f3n: Hacienda y Presupuesto)<\/li>\n<li>Al Poder Ejecutivo, a trav\u00e9s del Ministerio de Salud, eval\u00fae la posibilidad de instalar una sala de atenci\u00f3n de salud con caracter\u00edsticas similares a un microhospital. (Autor: bloque Mejor Nosotros. Comisi\u00f3n: Salud y Discapacidad)<\/li>\n<li>Al Poder Ejecutivo, que, a trav\u00e9s del Ministerio de Gobierno, informe detalle completo de resoluciones administrativas, mediante las cuales se dispuso la intervenci\u00f3n o normalizaci\u00f3n de las entidades deportivas y asociaciones civiles de la Provincia. (Autor: interbloque Justicialista. Comisi\u00f3n: Peticiones y Poderes)<\/li>\n<li>Al Poder Ejecutivo, a trav\u00e9s del Ministerio de Familia y Desarrollo Humano, informe sobre la contrataci\u00f3n directa por la compra de kits escolares. (Autor: interbloque Justicialista. Comisi\u00f3n: a su antecedente)<\/li>\n<li>Al Poder Ejecutivo, que, a trav\u00e9s del Ministerio de Turismo, Cultura y Deporte, informe sobre un apoyo financiero a la empresa Fly Bondi L\u00edneas A\u00e9reas S.A. (Autor: interbloque Justicialista. Comisi\u00f3n: a su antecedente)<\/li>\n<\/ul>\n<p>Por \u00faltimo, la Legislatura toma conocimiento de las siguientes comunicaciones particulares remitidas por:<\/p>\n<ul>\n<li>Johana Isabel D\u00edaz, por la que se presenta anteproyecto sobre la incorporaci\u00f3n del docente de apoyo a la inclusi\u00f3n (DAI), en la provincia de San Juan.<\/li>\n<li>Los estudiantes de la carrera en Licenciatura en Archiv\u00edstica, por la que se solicita se trate el proyecto de modificaci\u00f3n de la Ley N\u00b0 279-A.<\/li>\n<li>Leonardo P\u00e9rez, por la que se eleva anteproyecto de modificaci\u00f3n de la Ley N\u00b0 814-A, del Servicio P\u00fablico de Transporte de Personas.<\/li>\n<\/ul>\n<p><img loading=\"lazy\" decoding=\"async\" class=\"size-full wp-image-37951\" src=\"https:\/\/vocesparalelas.com.ar\/sitio\/wp-content\/uploads\/2021\/05\/CAMARA-EDIFICIO.jpg\" alt=\"\" width=\"800\" height=\"515\" srcset=\"https:\/\/vocesparalelas.com.ar\/sitio\/wp-content\/uploads\/2021\/05\/CAMARA-EDIFICIO.jpg 800w, https:\/\/vocesparalelas.com.ar\/sitio\/wp-content\/uploads\/2021\/05\/CAMARA-EDIFICIO-300x193.jpg 300w, https:\/\/vocesparalelas.com.ar\/sitio\/wp-content\/uploads\/2021\/05\/CAMARA-EDIFICIO-768x494.jpg 768w\" sizes=\"auto, (max-width: 800px) 100vw, 800px\" \/><\/p>\n<p>Legislatura Provincial de San Juan, Rep\u00fablica Argentina<\/p>\n","protected":false},"excerpt":{"rendered":"<p>La C\u00e1mara de Diputados de San Juan desarrolla el Jueves, 5 de Junio, a las 9.30 horas, la Cuarta Sesi\u00f3n<\/p>\n","protected":false},"author":3,"featured_media":8062,"comment_status":"closed","ping_status":"closed","sticky":false,"template":"","format":"standard","meta":{"_acf_changed":false,"_seopress_robots_primary_cat":"none","_seopress_titles_title":"","_seopress_titles_desc":"","_seopress_robots_index":"","colormag_page_container_layout":"default_layout","colormag_page_sidebar_layout":"default_layout","footnotes":""},"categories":[1],"tags":[],"class_list":["post-87238","post","type-post","status-publish","format-standard","has-post-thumbnail","hentry","category-destacadas"],"acf":[],"_links":{"self":[{"href":"https:\/\/vocesparalelas.com.ar\/sitio\/wp-json\/wp\/v2\/posts\/87238","targetHints":{"allow":["GET"]}}],"collection":[{"href":"https:\/\/vocesparalelas.com.ar\/sitio\/wp-json\/wp\/v2\/posts"}],"about":[{"href":"https:\/\/vocesparalelas.com.ar\/sitio\/wp-json\/wp\/v2\/types\/post"}],"author":[{"embeddable":true,"href":"https:\/\/vocesparalelas.com.ar\/sitio\/wp-json\/wp\/v2\/users\/3"}],"replies":[{"embeddable":true,"href":"https:\/\/vocesparalelas.com.ar\/sitio\/wp-json\/wp\/v2\/comments?post=87238"}],"version-history":[{"count":1,"href":"https:\/\/vocesparalelas.com.ar\/sitio\/wp-json\/wp\/v2\/posts\/87238\/revisions"}],"predecessor-version":[{"id":87241,"href":"https:\/\/vocesparalelas.com.ar\/sitio\/wp-json\/wp\/v2\/posts\/87238\/revisions\/87241"}],"wp:featuredmedia":[{"embeddable":true,"href":"https:\/\/vocesparalelas.com.ar\/sitio\/wp-json\/wp\/v2\/media\/8062"}],"wp:attachment":[{"href":"https:\/\/vocesparalelas.com.ar\/sitio\/wp-json\/wp\/v2\/media?parent=87238"}],"wp:term":[{"taxonomy":"category","embeddable":true,"href":"https:\/\/vocesparalelas.com.ar\/sitio\/wp-json\/wp\/v2\/categories?post=87238"},{"taxonomy":"post_tag","embeddable":true,"href":"https:\/\/vocesparalelas.com.ar\/sitio\/wp-json\/wp\/v2\/tags?post=87238"}],"curies":[{"name":"wp","href":"https:\/\/api.w.org\/{rel}","templated":true}]}}