{"id":87215,"date":"2025-06-03T23:09:36","date_gmt":"2025-06-04T02:09:36","guid":{"rendered":"https:\/\/vocesparalelas.com.ar\/sitio\/?p=87215"},"modified":"2025-06-03T23:09:36","modified_gmt":"2025-06-04T02:09:36","slug":"definieron-el-temario-de-la-cuarta-sesion-durante-la-labor-parlamentaria-de-la-camara-de-diputados-de-san-juan","status":"publish","type":"post","link":"https:\/\/vocesparalelas.com.ar\/sitio\/definieron-el-temario-de-la-cuarta-sesion-durante-la-labor-parlamentaria-de-la-camara-de-diputados-de-san-juan\/","title":{"rendered":"Definieron el temario de la Cuarta Sesi\u00f3n durante la Labor Parlamentaria de la C\u00e1mara de Diputados de San Juan"},"content":{"rendered":"<p>El Martes, 03 de Junio, los titulares\u00a0 legisladores de los diferentes bloques que forman parte de la C\u00e1mara de Diputados de San Juan definieron el temario del Orden del D\u00eda de la Cuarta Sesi\u00f3n del per\u00edodo ordinario a realizarse el Jueves, 05 de Junio, a las 9.30 horas.<\/p>\n<p>En la ocasi\u00f3n acordaron los siguientes despachos para tratar en el recinto:<\/p>\n<ul>\n<li>Despacho de las comisiones de Legislaci\u00f3n y Asuntos Constitucionales y Salud y Discapacidad, en la Comunicaci\u00f3n Oficial remitida por el Poder Ejecutivo, mediante mensaje N\u00b0 2, por la que se env\u00eda para su aprobaci\u00f3n un\u00a0convenio celebrado entre el Ministerio de Salud de la provincia de San Juan y el Instituto Superior Cuyano\u00a0con la finalidad de establecer las bases de una mutua cooperaci\u00f3n entre las instituciones para la realizaci\u00f3n de actividades de investigaci\u00f3n, acad\u00e9micas, docentes, de difusi\u00f3n de la cultura y extensi\u00f3n de servicios en todas aquellas \u00e1reas de inter\u00e9s rec\u00edproco, propios de sus objetivos y funciones, con miras al logro de sus fines y el aprovechamiento racional de sus recursos.<\/li>\n<li>Despacho de las comisiones de Legislaci\u00f3n y Asuntos Constitucionales, y Desarrollo Humano y Laboral, en la Comunicaci\u00f3n Oficial remitida por el Poder Ejecutivo, mediante mensaje N\u00b0 4, por la que se env\u00eda para su aprobaci\u00f3n, el\u00a0convenio celebrado entre el Ministerio de la Familia y Desarrollo Humano de la provincia de San Juan y la Secretar\u00eda Nacional de Ni\u00f1ez, Adolescencia y Familia del Ministerio de Capital Humano de la Naci\u00f3n, con el objeto de establecer los mecanismos para que las partes coordinen la distribuci\u00f3n y utilizaci\u00f3n de los alimentos a ser entregados, con el fin de garantizar la seguridad alimentaria de los habitantes de la Provincia frente a situaciones de emergencia, en el marco del Plan Nacional \u00abArgentina Contra el Hambre\u00bb y la Emergencia Alimentaria Nacional.<\/li>\n<li>Despacho de las comisiones de Legislaci\u00f3n y Asuntos Constitucionales, y Desarrollo Humano y Laboral, en la Comunicaci\u00f3n Oficial remitida por el Poder Ejecutivo, mediante mensaje N\u00b0 10, por la que se env\u00eda para su aprobaci\u00f3n el\u00a0Convenio de Colaboraci\u00f3n suscripto entre la Secretar\u00eda Nacional de Ni\u00f1ez, Adolescencia y Familia del Ministerio del Capital Humano y el Ministerio de Familia y Desarrollo Humano de la provincia,\u00a0que tiene por objeto establecer mecanismos para que las partes coordinen la distribuci\u00f3n y utilizaci\u00f3n de las frazadas que ser\u00e1n entregadas a las personas en situaci\u00f3n de vulnerabilidad con el fin de garantizar la asistencia a poblaciones afectadas por emergencia sobreviniente en el territorio provincial.<\/li>\n<li>Despacho de las comisiones de Legislaci\u00f3n y Asuntos Constitucionales, y Desarrollo Humano y Laboral, en la Comunicaci\u00f3n Oficial remitida por el Poder Ejecutivo mediante mensaje N\u00b022, por la que se env\u00eda para su aprobaci\u00f3n\u00a0el celebrado entre el Ministerio de Familia y Desarrollo Humano y la Cruz Roja Argentina Filial San Juan, con el objeto establecer las bases de colaboraci\u00f3n en \u00e1reas de inter\u00e9s mutuo, con el fin de llevar a cabo acciones conjuntas que beneficien a la comunidad y contribuyan al desarrollo humano integral.<\/li>\n<li>Despacho de las comisiones de Legislaci\u00f3n y Asuntos Constitucionales, y Desarrollo Humano y Laboral y Sistema Municipal, en la Comunicaci\u00f3n Oficial remitida por el Poder Ejecutivo, mediante mensaje N\u00b0 23, por la que env\u00eda para su aprobaci\u00f3n el\u00a0Convenio de Cooperaci\u00f3n celebrado entre los 19 municipios y el Ministerio de Familia y Desarrollo Humano, en el marco del Programa de Unidad Municipal de los Consumo Problem\u00e1ticos (UMCOP). El objeto es la inversi\u00f3n social en el mencionado programa a efectos de profundizar las pol\u00edticas p\u00fablicas tendientes a promover el fortalecimiento de la prevenci\u00f3n de los Consumos Problem\u00e1ticos, tratamiento, rehabilitaci\u00f3n y reintegraci\u00f3n a la sociedad de personas que la padecen, mediante la articulaci\u00f3n entre la Direcci\u00f3n de Prevenci\u00f3n y Asistencia de los Consumos Problem\u00e1ticos y el Municipio.<\/li>\n<li>Despacho de las comisiones de Legislaci\u00f3n y Asuntos Constitucionales, Mujer y G\u00e9nero, y Sistema Municipal, Comunicaci\u00f3n Oficial remitida por el Poder Ejecutivo, mediante mensaje N\u00b0 24, por la que env\u00eda para su aprobaci\u00f3n los\u00a0Convenios de Cooperaci\u00f3n para la implementaci\u00f3n del Dispositivo del \u00c1rea de G\u00e9nero, celebrados entre los diecinueve Municipios de la Provincia\u00a0y el Ministerio de Familia y Desarrollo Humano de la provincia de San Juan.<\/li>\n<li>Despacho de las comisiones de Educaci\u00f3n, Ciencia, T\u00e9cnica y Cultura y Peticiones y Poderes, en el Proyecto de Ley remitido por el Poder Ejecutivo, mediante mensaje N\u00b0 26, por la que se\u00a0impone el nombre Escuela Barrio Huaziul a la Escuela Coornelio Saavedra del Departamento Rivadavia.<\/li>\n<li>Despacho de las comisiones de Educaci\u00f3n, Ciencia, T\u00e9cnica y Cultura y Peticiones y Poderes, en el Proyecto de Ley remitido por el Poder Ejecutivo, mediante mensaje N\u00ba 31, por la que se\u00a0impone el nombre Escuela Primaria Arturo Frondizi a la Escuela de Educaci\u00f3n Primaria del Barrio Frondizi.<\/li>\n<li>Despacho de las comisiones de Legislaci\u00f3n y Asuntos Constitucionales, Salud y Discapacidad, Hacienda y Presupuesto, en la Comunicaci\u00f3n Oficial remitida por el Poder Ejecutivo, mediante mensaje N\u00b0 34, por la que env\u00eda para su aprobaci\u00f3n el\u00a0Ap\u00e9ndice N\u00ba 23 al Acuerdo entre el Gobierno de la Rep\u00fablica Argentina y la Organizaci\u00f3n Panamericana de la Salud\u00a0para la participaci\u00f3n del Ministerio en el Fondo Rotatorio Regional para la adquisici\u00f3n de Productos estrat\u00e9gicos de Salud P\u00fablica.<\/li>\n<li>Despacho de la comisi\u00f3n de Educaci\u00f3n, Ciencia, T\u00e9cnica y Cultura, en el proyecto de Resoluci\u00f3n presentado por el interbloque Cambia San Juan por el que se\u00a0declara de inter\u00e9s el 100\u00ba aniversario de la Radio Sarmiento.<\/li>\n<li>Despacho de la comisi\u00f3n de Educaci\u00f3n, Ciencia, T\u00e9cnica y Cultura, en el Proyecto de Resoluci\u00f3n presentado por el interbloque Cambia San Juan, por el que se\u00a0declara de inter\u00e9s el podcast La Ruta del Emprendedor, Podcast Sanjuanino.<\/li>\n<li>Despacho de la comisi\u00f3n de Educaci\u00f3n, Ciencia, T\u00e9cnica y Cultura, en el Proyecto de Resoluci\u00f3n presentado por interbloque Cambia San Juan, por el que se\u00a0declara de inter\u00e9s cultural al proyecto audiovisual \u00abLa Pancha Hern\u00e1ndez\u00bb.<\/li>\n<li>Despacho de la comisi\u00f3n de Agricultura y Ganader\u00eda, en el proyecto de Declaraci\u00f3n por el que expresa su m\u00e1s firme respaldo al INTA como pol\u00edtica de Estado.<\/li>\n<\/ul>\n<p>La reuni\u00f3n tuvo lugar en la sala de reuniones del cuarto piso del edificio Anexo y estuvo encabezada por el vicepresidente primero, legislador Enzo Cornejo. Tambi\u00e9n, particip\u00f3 la vicepresidente segunda, diputada Marisa L\u00f3pez; el vicepresidente alterno, diputado Gustavo Deguer; el secretario Legislativo, Gustavo Velert; los titulares de los bloques Producci\u00f3n y Trabajo, Juan de la Cruz C\u00f3rdoba; Justicialista, Juan Carlos Quiroga Moyano; Bloquista, legislador Luis Rueda; bloque San Juan Vuelve \u2013 P.T.P., Mario Herrero; bloque UCR, Alejandra Leonardo; Actuar, legislador Gustavo Usin; bloque del Este, Marcelo Mallea; La Libertad Avanza \u2013 ADN, Fernando Patinella;\u00a0 bloque San Juan Te Quiero, diputado Gabriel S\u00e1nchez; bloque Crecer, Marta Gramajo y bloque Mejor Nosotros, Leopoldo Soler.<\/p>\n<figure id=\"attachment_37951\" aria-describedby=\"caption-attachment-37951\" style=\"width: 800px\" class=\"wp-caption alignnone\"><img loading=\"lazy\" decoding=\"async\" class=\"size-full wp-image-37951\" src=\"https:\/\/vocesparalelas.com.ar\/sitio\/wp-content\/uploads\/2021\/05\/CAMARA-EDIFICIO.jpg\" alt=\"\" width=\"800\" height=\"515\" srcset=\"https:\/\/vocesparalelas.com.ar\/sitio\/wp-content\/uploads\/2021\/05\/CAMARA-EDIFICIO.jpg 800w, https:\/\/vocesparalelas.com.ar\/sitio\/wp-content\/uploads\/2021\/05\/CAMARA-EDIFICIO-300x193.jpg 300w, https:\/\/vocesparalelas.com.ar\/sitio\/wp-content\/uploads\/2021\/05\/CAMARA-EDIFICIO-768x494.jpg 768w\" sizes=\"auto, (max-width: 800px) 100vw, 800px\" \/><figcaption id=\"caption-attachment-37951\" class=\"wp-caption-text\">Legislatura Provincial de San Juan, Rep\u00fablica Argentina<\/figcaption><\/figure>\n<p>&nbsp;<\/p>\n<p>&nbsp;<\/p>\n<p><strong>\u00a0<\/strong><\/p>\n","protected":false},"excerpt":{"rendered":"<p>El Martes, 03 de Junio, los titulares\u00a0 legisladores de los diferentes bloques que forman parte de la C\u00e1mara de Diputados<\/p>\n","protected":false},"author":3,"featured_media":87218,"comment_status":"closed","ping_status":"closed","sticky":false,"template":"","format":"standard","meta":{"_acf_changed":false,"_seopress_robots_primary_cat":"none","_seopress_titles_title":"","_seopress_titles_desc":"","_seopress_robots_index":"","colormag_page_container_layout":"default_layout","colormag_page_sidebar_layout":"default_layout","footnotes":""},"categories":[1],"tags":[],"class_list":["post-87215","post","type-post","status-publish","format-standard","has-post-thumbnail","hentry","category-destacadas"],"acf":[],"_links":{"self":[{"href":"https:\/\/vocesparalelas.com.ar\/sitio\/wp-json\/wp\/v2\/posts\/87215","targetHints":{"allow":["GET"]}}],"collection":[{"href":"https:\/\/vocesparalelas.com.ar\/sitio\/wp-json\/wp\/v2\/posts"}],"about":[{"href":"https:\/\/vocesparalelas.com.ar\/sitio\/wp-json\/wp\/v2\/types\/post"}],"author":[{"embeddable":true,"href":"https:\/\/vocesparalelas.com.ar\/sitio\/wp-json\/wp\/v2\/users\/3"}],"replies":[{"embeddable":true,"href":"https:\/\/vocesparalelas.com.ar\/sitio\/wp-json\/wp\/v2\/comments?post=87215"}],"version-history":[{"count":1,"href":"https:\/\/vocesparalelas.com.ar\/sitio\/wp-json\/wp\/v2\/posts\/87215\/revisions"}],"predecessor-version":[{"id":87219,"href":"https:\/\/vocesparalelas.com.ar\/sitio\/wp-json\/wp\/v2\/posts\/87215\/revisions\/87219"}],"wp:featuredmedia":[{"embeddable":true,"href":"https:\/\/vocesparalelas.com.ar\/sitio\/wp-json\/wp\/v2\/media\/87218"}],"wp:attachment":[{"href":"https:\/\/vocesparalelas.com.ar\/sitio\/wp-json\/wp\/v2\/media?parent=87215"}],"wp:term":[{"taxonomy":"category","embeddable":true,"href":"https:\/\/vocesparalelas.com.ar\/sitio\/wp-json\/wp\/v2\/categories?post=87215"},{"taxonomy":"post_tag","embeddable":true,"href":"https:\/\/vocesparalelas.com.ar\/sitio\/wp-json\/wp\/v2\/tags?post=87215"}],"curies":[{"name":"wp","href":"https:\/\/api.w.org\/{rel}","templated":true}]}}