{"id":87195,"date":"2025-06-03T20:38:15","date_gmt":"2025-06-03T23:38:15","guid":{"rendered":"https:\/\/vocesparalelas.com.ar\/sitio\/?p=87195"},"modified":"2025-06-04T23:36:22","modified_gmt":"2025-06-05T02:36:22","slug":"se-contrato-la-empresa-sergio-chiconi-s-r-l-para-la-colocacion-de-36-monopostes-solares-en-avenida-circunvalacion-de-san-juan","status":"publish","type":"post","link":"https:\/\/vocesparalelas.com.ar\/sitio\/se-contrato-la-empresa-sergio-chiconi-s-r-l-para-la-colocacion-de-36-monopostes-solares-en-avenida-circunvalacion-de-san-juan\/","title":{"rendered":"Se contrat\u00f3 la Empresa Sergio Chiconi S.R.L. para la colocaci\u00f3n de 36 monopostes solares en Avenida Circunvalaci\u00f3n de San Juan"},"content":{"rendered":"<p>EPSE San Juan firm\u00f3 el contrato que adjudica el inicio de obras para instalar 36 Generadores Solares Fotovoltaicos en puntos estrat\u00e9gicos de la Avenida Circunvalaci\u00f3n (Sectores I, II, III y IV).<\/p>\n<p>La empresa adjudicataria es Sergio Chiconi S.R.L.<\/p>\n<p>Este proyecto refleja una pol\u00edtica de Estado sostenida, que posiciona a San Juan como referente nacional en energ\u00edas limpias, apostando al desarrollo sustentable como eje del crecimiento econ\u00f3mico, ambiental y social.<\/p>\n<p>La firma del contrato marca un avance concreto en la transformaci\u00f3n energ\u00e9tica de la provincia, reafirmando el compromiso del Gobierno de San Juan con el futuro energ\u00e9tico del pa\u00eds.<\/p>\n<p>&nbsp;<\/p>\n<p><img loading=\"lazy\" decoding=\"async\" class=\"alignnone size-large wp-image-9554\" src=\"https:\/\/vocesparalelas.com.ar\/sitio\/wp-content\/uploads\/2018\/01\/CIRCUNVALACION-800x450.jpg\" alt=\"\" width=\"800\" height=\"450\" srcset=\"https:\/\/vocesparalelas.com.ar\/sitio\/wp-content\/uploads\/2018\/01\/CIRCUNVALACION-800x450.jpg 800w, https:\/\/vocesparalelas.com.ar\/sitio\/wp-content\/uploads\/2018\/01\/CIRCUNVALACION-300x169.jpg 300w, https:\/\/vocesparalelas.com.ar\/sitio\/wp-content\/uploads\/2018\/01\/CIRCUNVALACION-768x432.jpg 768w, https:\/\/vocesparalelas.com.ar\/sitio\/wp-content\/uploads\/2018\/01\/CIRCUNVALACION.jpg 1024w\" sizes=\"auto, (max-width: 800px) 100vw, 800px\" \/><\/p>\n","protected":false},"excerpt":{"rendered":"<p>EPSE San Juan firm\u00f3 el contrato que adjudica el inicio de obras para instalar 36 Generadores Solares Fotovoltaicos en puntos<\/p>\n","protected":false},"author":3,"featured_media":87198,"comment_status":"closed","ping_status":"closed","sticky":false,"template":"","format":"standard","meta":{"_acf_changed":false,"_seopress_robots_primary_cat":"none","_seopress_titles_title":"","_seopress_titles_desc":"","_seopress_robots_index":"","colormag_page_container_layout":"default_layout","colormag_page_sidebar_layout":"default_layout","footnotes":""},"categories":[6],"tags":[],"class_list":["post-87195","post","type-post","status-publish","format-standard","has-post-thumbnail","hentry","category-eventos"],"acf":[],"_links":{"self":[{"href":"https:\/\/vocesparalelas.com.ar\/sitio\/wp-json\/wp\/v2\/posts\/87195","targetHints":{"allow":["GET"]}}],"collection":[{"href":"https:\/\/vocesparalelas.com.ar\/sitio\/wp-json\/wp\/v2\/posts"}],"about":[{"href":"https:\/\/vocesparalelas.com.ar\/sitio\/wp-json\/wp\/v2\/types\/post"}],"author":[{"embeddable":true,"href":"https:\/\/vocesparalelas.com.ar\/sitio\/wp-json\/wp\/v2\/users\/3"}],"replies":[{"embeddable":true,"href":"https:\/\/vocesparalelas.com.ar\/sitio\/wp-json\/wp\/v2\/comments?post=87195"}],"version-history":[{"count":2,"href":"https:\/\/vocesparalelas.com.ar\/sitio\/wp-json\/wp\/v2\/posts\/87195\/revisions"}],"predecessor-version":[{"id":87200,"href":"https:\/\/vocesparalelas.com.ar\/sitio\/wp-json\/wp\/v2\/posts\/87195\/revisions\/87200"}],"wp:featuredmedia":[{"embeddable":true,"href":"https:\/\/vocesparalelas.com.ar\/sitio\/wp-json\/wp\/v2\/media\/87198"}],"wp:attachment":[{"href":"https:\/\/vocesparalelas.com.ar\/sitio\/wp-json\/wp\/v2\/media?parent=87195"}],"wp:term":[{"taxonomy":"category","embeddable":true,"href":"https:\/\/vocesparalelas.com.ar\/sitio\/wp-json\/wp\/v2\/categories?post=87195"},{"taxonomy":"post_tag","embeddable":true,"href":"https:\/\/vocesparalelas.com.ar\/sitio\/wp-json\/wp\/v2\/tags?post=87195"}],"curies":[{"name":"wp","href":"https:\/\/api.w.org\/{rel}","templated":true}]}}