{"id":87190,"date":"2025-06-03T15:38:11","date_gmt":"2025-06-03T18:38:11","guid":{"rendered":"https:\/\/vocesparalelas.com.ar\/sitio\/?p=87190"},"modified":"2025-06-04T23:36:49","modified_gmt":"2025-06-05T02:36:49","slug":"capacitacion-implementacion-de-las-impresoras-3d-en-escuelas-de-educacion-tecnica-de-san-juan","status":"publish","type":"post","link":"https:\/\/vocesparalelas.com.ar\/sitio\/capacitacion-implementacion-de-las-impresoras-3d-en-escuelas-de-educacion-tecnica-de-san-juan\/","title":{"rendered":"Capacitaci\u00f3n \u00abImplementaci\u00f3n de las impresoras 3D\u00bb en Escuelas de Educaci\u00f3n T\u00e9cnica de San Juan"},"content":{"rendered":"<p>El Ministerio de Educaci\u00f3n del Gobierno de San Juan, a trav\u00e9s de la Direcci\u00f3n de Educaci\u00f3n T\u00e9cnica y Formaci\u00f3n Profesional y con la colaboraci\u00f3n de la delegaci\u00f3n San Juan del Instituto Nacional de Educaci\u00f3n Tecnol\u00f3gica, culmin\u00f3 la capacitaci\u00f3n \u00abImplementaci\u00f3n de las impresoras 3D en instituciones de educaci\u00f3n t\u00e9cnica\u00bb. La iniciativa busc\u00f3 dotar a docentes de herramientas t\u00e9cnicas y pedag\u00f3gicas para la integraci\u00f3n de la impresi\u00f3n 3D en el \u00e1mbito educativo, promoviendo la incorporaci\u00f3n de tecnolog\u00edas emergentes.<\/p>\n<p>La capacitaci\u00f3n, dirigida a docentes de escuelas de capacitaci\u00f3n laboral, de centros de formaci\u00f3n profesional e institutos superiores t\u00e9cnicos, incluy\u00f3 dos encuentros virtuales y una jornada presencial de cierre. en el Sal\u00f3n de Usos M\u00faltiples de la EPET N\u00b05.<\/p>\n<p>Durante el encuentro presencial, los docentes pudieron realizar actividades pr\u00e1cticas con la ayuda de siete impresoras 3D. Tres de estos equipos fueron proporcionados por el equipo del INET, dos fueron cedidos por el Instituto Sagrado Coraz\u00f3n, y las dos restantes fueron facilitadas por la EPET N\u00b05.<\/p>\n<p>El objetivo principal de esta capacitaci\u00f3n fue fortalecer los conocimientos t\u00e9cnicos y did\u00e1cticos de los docentes para que puedan implementar la tecnolog\u00eda de impresi\u00f3n 3D en sus respectivas instituciones.<\/p>\n<p><img loading=\"lazy\" decoding=\"async\" class=\"alignnone size-full wp-image-28629\" src=\"https:\/\/vocesparalelas.com.ar\/sitio\/wp-content\/uploads\/2020\/05\/MINISTERIO-EDUCACION-SJ.jpg\" alt=\"\" width=\"800\" height=\"533\" srcset=\"https:\/\/vocesparalelas.com.ar\/sitio\/wp-content\/uploads\/2020\/05\/MINISTERIO-EDUCACION-SJ.jpg 800w, https:\/\/vocesparalelas.com.ar\/sitio\/wp-content\/uploads\/2020\/05\/MINISTERIO-EDUCACION-SJ-300x200.jpg 300w, https:\/\/vocesparalelas.com.ar\/sitio\/wp-content\/uploads\/2020\/05\/MINISTERIO-EDUCACION-SJ-768x512.jpg 768w\" sizes=\"auto, (max-width: 800px) 100vw, 800px\" \/><\/p>\n","protected":false},"excerpt":{"rendered":"<p>El Ministerio de Educaci\u00f3n del Gobierno de San Juan, a trav\u00e9s de la Direcci\u00f3n de Educaci\u00f3n T\u00e9cnica y Formaci\u00f3n Profesional<\/p>\n","protected":false},"author":3,"featured_media":87193,"comment_status":"closed","ping_status":"closed","sticky":false,"template":"","format":"standard","meta":{"_acf_changed":false,"_seopress_robots_primary_cat":"none","_seopress_titles_title":"","_seopress_titles_desc":"","_seopress_robots_index":"","colormag_page_container_layout":"default_layout","colormag_page_sidebar_layout":"default_layout","footnotes":""},"categories":[9],"tags":[],"class_list":["post-87190","post","type-post","status-publish","format-standard","has-post-thumbnail","hentry","category-cursos"],"acf":[],"_links":{"self":[{"href":"https:\/\/vocesparalelas.com.ar\/sitio\/wp-json\/wp\/v2\/posts\/87190","targetHints":{"allow":["GET"]}}],"collection":[{"href":"https:\/\/vocesparalelas.com.ar\/sitio\/wp-json\/wp\/v2\/posts"}],"about":[{"href":"https:\/\/vocesparalelas.com.ar\/sitio\/wp-json\/wp\/v2\/types\/post"}],"author":[{"embeddable":true,"href":"https:\/\/vocesparalelas.com.ar\/sitio\/wp-json\/wp\/v2\/users\/3"}],"replies":[{"embeddable":true,"href":"https:\/\/vocesparalelas.com.ar\/sitio\/wp-json\/wp\/v2\/comments?post=87190"}],"version-history":[{"count":1,"href":"https:\/\/vocesparalelas.com.ar\/sitio\/wp-json\/wp\/v2\/posts\/87190\/revisions"}],"predecessor-version":[{"id":87194,"href":"https:\/\/vocesparalelas.com.ar\/sitio\/wp-json\/wp\/v2\/posts\/87190\/revisions\/87194"}],"wp:featuredmedia":[{"embeddable":true,"href":"https:\/\/vocesparalelas.com.ar\/sitio\/wp-json\/wp\/v2\/media\/87193"}],"wp:attachment":[{"href":"https:\/\/vocesparalelas.com.ar\/sitio\/wp-json\/wp\/v2\/media?parent=87190"}],"wp:term":[{"taxonomy":"category","embeddable":true,"href":"https:\/\/vocesparalelas.com.ar\/sitio\/wp-json\/wp\/v2\/categories?post=87190"},{"taxonomy":"post_tag","embeddable":true,"href":"https:\/\/vocesparalelas.com.ar\/sitio\/wp-json\/wp\/v2\/tags?post=87190"}],"curies":[{"name":"wp","href":"https:\/\/api.w.org\/{rel}","templated":true}]}}