{"id":87182,"date":"2025-06-03T15:18:37","date_gmt":"2025-06-03T18:18:37","guid":{"rendered":"https:\/\/vocesparalelas.com.ar\/sitio\/?p=87182"},"modified":"2025-06-04T21:24:08","modified_gmt":"2025-06-05T00:24:08","slug":"muestra-experimental-el-plastico-como-protagonista-en-el-foyer-sur-del-auditorio-ing-juan-victoria-en-san-juan","status":"publish","type":"post","link":"https:\/\/vocesparalelas.com.ar\/sitio\/muestra-experimental-el-plastico-como-protagonista-en-el-foyer-sur-del-auditorio-ing-juan-victoria-en-san-juan\/","title":{"rendered":"Muestra Experimental \u00abEl Pl\u00e1stico\u00bb como protagonista en el Foyer Sur del Auditorio Ing. Juan Victoria en San Juan"},"content":{"rendered":"<p>Del 5 al 25 de Junio, te espera para que disfrute la Muestra Experimental \u00abEl Pl\u00e1stico\u00bb como protagonista en el Foyer Sur del Auditorio Ing. Juan Victoria en San Juan a cargo de las artistas experimentales Mar\u00eda Rosa Plana y Patricia Nicolia.<\/p>\n<p>Es importante destacar que el Jueves, 05 de Junio, a las 20:30 hs.; es el momento glorioso de inauguraci\u00f3n de la propuesta en el D\u00eda <span data-huuid=\"1985327907837943568\">Mundial del Medio Ambiente para tomar conciencia de cuidar el Paneta Tierra y del lugar donde se vive.<\/span><\/p>\n<p>Por ello, Voces Paralelas desarroll\u00f3 una entrevista period\u00edstica a la Artista Experimental, Patricia Nicolia, quien invit\u00f3 y describir el gran desaf\u00edo art\u00edstico que convoca a tomar conciencia para cuidar el ambiente \u00abRecolectar, , Reducir y Reciclar\u00bb.<\/p>\n<p><iframe loading=\"lazy\" title=\"SAN JUAN EL PLASTICO PATRICIA NICOLIA\" width=\"800\" height=\"450\" src=\"https:\/\/www.youtube.com\/embed\/fuAko9mpsaM?feature=oembed\" frameborder=\"0\" allow=\"accelerometer; autoplay; clipboard-write; encrypted-media; gyroscope; picture-in-picture; web-share\" referrerpolicy=\"strict-origin-when-cross-origin\" allowfullscreen><\/iframe><\/p>\n<p>&nbsp;<\/p>\n<p>Luego, a la artistas experimental\u00a0 Mar\u00eda Rosa Plana, quien des5tac\u00f3 la importancia de cuidar el espacio para poner conciencia a diario.<\/p>\n<p><iframe loading=\"lazy\" title=\"SAN JUAN EL PL\u00c1STICO M\u00b0 ROSA PLANA\" width=\"800\" height=\"450\" src=\"https:\/\/www.youtube.com\/embed\/BGfHB0Nyffo?feature=oembed\" frameborder=\"0\" allow=\"accelerometer; autoplay; clipboard-write; encrypted-media; gyroscope; picture-in-picture; web-share\" referrerpolicy=\"strict-origin-when-cross-origin\" allowfullscreen><\/iframe><\/p>\n<p><strong><span style=\"color: #008000;\">Otros Datos<\/span><\/strong><\/p>\n<div class=\"WaaZC\">\n<div class=\"rPeykc\" data-hveid=\"CBAQAQ\" data-ved=\"2ahUKEwiP_96P0tWNAxWYiJUCHT0bFYgQo_EKegQIEBAB\"><span data-huuid=\"1985327907837943568\">El 5 de Junio se celebra el D\u00eda Mundial del Medio Ambiente, una fecha designada por las Naciones Unidas para concienciar sobre la importancia de la proyecci\u00f3n del planeta y promover la acci\u00f3n global del medio ambiente. <\/span><span data-huuid=\"1985327907837943757\">Este d\u00eda se conmemora anualmente desde 1973, marcando una oportunidad para reflexionar sobre los desaf\u00edos ambientales y tomar medidas para un futuro m\u00e1s sostenible.<\/span><\/div>\n<div data-hveid=\"CBAQAQ\" data-ved=\"2ahUKEwiP_96P0tWNAxWYiJUCHT0bFYgQo_EKegQIEBAB\"><\/div>\n<div class=\"rPeykc\" data-hveid=\"CBAQAQ\" data-ved=\"2ahUKEwiP_96P0tWNAxWYiJUCHT0bFYgQo_EKegQIEBAB\"><span style=\"color: #008000;\"><strong>El origen del D\u00eda Mundial del Medio Ambiente<\/strong><\/span><\/div>\n<div data-hveid=\"CBAQAQ\" data-ved=\"2ahUKEwiP_96P0tWNAxWYiJUCHT0bFYgQo_EKegQIEBAB\"><\/div>\n<div class=\"rPeykc\" data-hveid=\"CBAQAQ\" data-ved=\"2ahUKEwiP_96P0tWNAxWYiJUCHT0bFYgQo_EKegQIEBAB\"><span data-huuid=\"1985327907837940417\">El D\u00eda Mundial del Medio Ambiente fue establecido en 1972, coincidiendo con el inicio de la Conferencia de las Naciones Unidas sobre el Medio Humano en Estocolmo.\u00a0<\/span><span data-huuid=\"1985327907837940606\">La Asamblea General de las Naciones Unidas aprob\u00f3 una resoluci\u00f3n el 15 de diciembre de 1972, declarando el 5 de junio como D\u00eda Mundial del Medio Ambiente.<span class=\"pjBG2e\" data-cid=\"fe267053-f8e2-4084-9ced-3e8028dc48af\"><span class=\"UV3uM\">\u00a0<\/span><\/span><\/span><\/div>\n<\/div>\n<div class=\"WaaZC\">\n<div class=\"rPeykc\" data-hveid=\"CBMQAQ\" data-ved=\"2ahUKEwiP_96P0tWNAxWYiJUCHT0bFYgQo_EKegQIExAB\">\n<div class=\"NPrrbc\" data-cid=\"fe267053-f8e2-4084-9ced-3e8028dc48af\" data-uuids=\"1985327907837940417,1985327907837940606\">\n<div class=\"BMebGe btku5b fCrZyc LwdV0e FR7ZSc OJeuxf\" tabindex=\"0\" role=\"button\" aria-label=\"Ver v\u00ednculos relacionados\" data-hveid=\"CBIQAQ\" data-ved=\"2ahUKEwiP_96P0tWNAxWYiJUCHT0bFYgQ3fYKegQIEhAB\">\n<div class=\"niO4u\">\n<div class=\"kHtcsd\"><\/div>\n<\/div>\n<\/div>\n<\/div>\n<\/div>\n<\/div>\n<div class=\"WaaZC\">\n<div id=\"rx4_aM_rF5iR1sQPvbbUwAg__36\" class=\"bsmXxe\">\n<div class=\"rPeykc pyPiTc\" data-hveid=\"CJMBEAE\" data-ved=\"2ahUKEwiP_96P0tWNAxWYiJUCHT0bFYgQo_EKegUIkwEQAQ\"><span style=\"color: #008000;\"><strong>Objetivos del D\u00eda Mundial del Medio Ambiente<\/strong><\/span><\/div>\n<\/div>\n<\/div>\n<div class=\"WaaZC\">\n<div id=\"rx4_aM_rF5iR1sQPvbbUwAg__24\" class=\"bsmXxe\">\n<div id=\"rx4_aM_rF5iR1sQPvbbUwAg__38\" class=\"bsmXxe\">\n<ul>\n<li class=\"K3KsMc\">\n<div class=\"zMgcWd dSKvsb\" data-il=\"\">\n<div data-crb-p=\"\">\n<div class=\"xFTqob\">\n<div class=\"Gur8Ad\"><span data-huuid=\"1985327907837941551\"><strong>Concienciar a la poblaci\u00f3n mundial sobre temas ambientales: <\/strong><\/span><span data-huuid=\"1985327907837941740\">Generar conciencia sobre los desaf\u00edos ambientales, como el cambio clim\u00e1tico, la p\u00e9rdida de biodiversidad y la contaminaci\u00f3n.<\/span><\/div>\n<\/div>\n<\/div>\n<\/div>\n<\/li>\n<\/ul>\n<\/div>\n<div id=\"rx4_aM_rF5iR1sQPvbbUwAg__47\" class=\"bsmXxe\">\n<ul>\n<li class=\"K3KsMc\">\n<div class=\"zMgcWd dSKvsb\" data-il=\"\">\n<div data-crb-p=\"\">\n<div class=\"xFTqob\">\n<div class=\"Gur8Ad\"><span data-huuid=\"1985327907837942118\"><strong>Fomentar la acci\u00f3n global:<\/strong><\/span><span data-huuid=\"1985327907837942307\"> Impulsar la participaci\u00f3n de individuos, empresas y gobiernos en la protecci\u00f3n del medio ambiente.<\/span><\/div>\n<\/div>\n<\/div>\n<\/div>\n<\/li>\n<\/ul>\n<\/div>\n<div id=\"rx4_aM_rF5iR1sQPvbbUwAg__50\" class=\"bsmXxe\">\n<ul>\n<li class=\"K3KsMc\">\n<div class=\"zMgcWd dSKvsb\" data-il=\"\">\n<div data-crb-p=\"\">\n<div class=\"xFTqob\">\n<div class=\"Gur8Ad\"><span data-huuid=\"1985327907837942685\"><strong>Promover la cooperaci\u00f3n internacional: <\/strong><\/span><span data-huuid=\"1985327907837942874\">Fomentar la colaboraci\u00f3n entre pa\u00edses para abordar los problemas ambientales a nivel global.<\/span><\/div>\n<\/div>\n<\/div>\n<\/div>\n<\/li>\n<\/ul>\n<\/div>\n<div id=\"rx4_aM_rF5iR1sQPvbbUwAg__53\" class=\"bsmXxe\">\n<ul>\n<li class=\"K3KsMc\">\n<div class=\"zMgcWd dSKvsb\" data-il=\"\">\n<div data-crb-p=\"\">\n<div class=\"xFTqob\">\n<div class=\"Gur8Ad\"><span data-huuid=\"1985327907837943252\"><strong>Celebrar la acci\u00f3n medioambiental:\u00a0<\/strong><\/span><span data-huuid=\"1985327907837943441\">Reconocer y celebrar las iniciativas y logros en la protecci\u00f3n del medio ambiente.<\/span><\/div>\n<\/div>\n<\/div>\n<\/div>\n<\/li>\n<\/ul>\n<\/div>\n<\/div>\n<\/div>\n<div class=\"WaaZC\">\n<div id=\"rx4_aM_rF5iR1sQPvbbUwAg__57\" class=\"bsmXxe\">\n<div class=\"rPeykc pyPiTc\" data-hveid=\"CJkBEAE\" data-ved=\"2ahUKEwiP_96P0tWNAxWYiJUCHT0bFYgQo_EKegUImQEQAQ\"><span style=\"color: #008000;\"><strong>Actividades y acciones<\/strong><\/span><\/div>\n<div data-hveid=\"CJkBEAE\" data-ved=\"2ahUKEwiP_96P0tWNAxWYiJUCHT0bFYgQo_EKegUImQEQAQ\"><\/div>\n<div class=\"rPeykc pyPiTc\" data-hveid=\"CJkBEAE\" data-ved=\"2ahUKEwiP_96P0tWNAxWYiJUCHT0bFYgQo_EKegUImQEQAQ\">El D\u00eda Mundial del Medio Ambiente se celebra en todo el mundo a trav\u00e9s de diversas actividades, como:<\/div>\n<\/div>\n<\/div>\n<div class=\"WaaZC\">\n<div id=\"rx4_aM_rF5iR1sQPvbbUwAg__10\" class=\"bsmXxe\">\n<div id=\"rx4_aM_rF5iR1sQPvbbUwAg__11\" class=\"bsmXxe\">\n<ul>\n<li><span data-huuid=\"1985327907837940668\"><strong>Eventos y campa\u00f1as:<\/strong>\u00a0<\/span><span data-huuid=\"1985327907837940857\">Se organizan eventos de sensibilizaci\u00f3n, campa\u00f1as de informaci\u00f3n y participaci\u00f3n ciudadana.<\/span><\/li>\n<li><span data-huuid=\"1985327907837941235\"><strong>Concursos y premios:<\/strong>\u00a0<\/span><span data-huuid=\"1985327907837941424\">Se reconocen iniciativas y proyectos ambientales exitosos. <\/span><\/li>\n<li><strong>Actividades educativas:<\/strong>\u00a0<span data-huuid=\"1985327907837941991\">Se promueven actividades en escuelas y universidades para educar sobre la importancia de la protecci\u00f3n del medio ambiente. <\/span><\/li>\n<li><strong>Limpieza de \u00e1reas naturales:<\/strong>\u00a0<span data-huuid=\"1985327907837942558\">Se organizan jornadas de limpieza de playas, r\u00edos y parques. <\/span><\/li>\n<li><strong>Plantaci\u00f3n de \u00e1rboles:<\/strong>\u00a0<span data-huuid=\"1985327907837943125\">Se promueven campa\u00f1as de reforestaci\u00f3n para combatir la deforestaci\u00f3n. <\/span><\/li>\n<li><strong>Promoci\u00f3n de estilos de vida sostenibles:<\/strong>\u00a0<span data-huuid=\"1985327907837943692\">Se anima a la adopci\u00f3n de pr\u00e1cticas m\u00e1s amigables con el medio ambiente.<span class=\"pjBG2e\" data-cid=\"bf905470-89ba-461f-b54d-9f791b949a71\"><span class=\"UV3uM\">\u00a0<\/span><\/span><\/span>\n<div class=\"NPrrbc\" data-cid=\"bf905470-89ba-461f-b54d-9f791b949a71\" data-uuids=\"1985327907837943503,1985327907837943692\">\n<div class=\"BMebGe btku5b fCrZyc LwdV0e FR7ZSc OJeuxf\" tabindex=\"0\" role=\"button\" aria-label=\"Ver v\u00ednculos relacionados\" data-hveid=\"CNQBEAE\" data-ved=\"2ahUKEwiP_96P0tWNAxWYiJUCHT0bFYgQ3fYKegUI1AEQAQ\"><\/div>\n<\/div>\n<\/li>\n<\/ul>\n<\/div>\n<div id=\"rx4_aM_rF5iR1sQPvbbUwAg__16\" class=\"bsmXxe\"><\/div>\n<div id=\"rx4_aM_rF5iR1sQPvbbUwAg__20\" class=\"bsmXxe\"><\/div>\n<div id=\"rx4_aM_rF5iR1sQPvbbUwAg__23\" class=\"bsmXxe\"><\/div>\n<div id=\"rx4_aM_rF5iR1sQPvbbUwAg__27\" class=\"bsmXxe\"><\/div>\n<div id=\"rx4_aM_rF5iR1sQPvbbUwAg__30\" class=\"bsmXxe\"><\/div>\n<\/div>\n<\/div>\n<div class=\"WaaZC\">\n<div id=\"rx4_aM_rF5iR1sQPvbbUwAg__72\" class=\"bsmXxe\">\n<div class=\"rPeykc pyPiTc\" data-hveid=\"CJEBEAE\" data-ved=\"2ahUKEwiP_96P0tWNAxWYiJUCHT0bFYgQo_EKegUIkQEQAQ\"><strong><span style=\"color: #008000;\" data-huuid=\"1985327907837939974\">El lema de 2025<\/span><\/strong><\/div>\n<div data-hveid=\"CJEBEAE\" data-ved=\"2ahUKEwiP_96P0tWNAxWYiJUCHT0bFYgQo_EKegUIkQEQAQ\"><\/div>\n<div class=\"rPeykc pyPiTc\" data-hveid=\"CJEBEAE\" data-ved=\"2ahUKEwiP_96P0tWNAxWYiJUCHT0bFYgQo_EKegUIkQEQAQ\">\u00abTenemos #UnaSolaTierra\u00bb, con el foco puesto en vivir de forma sostenible, en armon\u00eda con la naturaleza.<\/div>\n<\/div>\n<\/div>\n<div data-hveid=\"CJEBEAE\" data-ved=\"2ahUKEwiP_96P0tWNAxWYiJUCHT0bFYgQo_EKegUIkQEQAQ\"><\/div>\n<div data-hveid=\"CJEBEAE\" data-ved=\"2ahUKEwiP_96P0tWNAxWYiJUCHT0bFYgQo_EKegUIkQEQAQ\"><\/div>\n<div data-hveid=\"CJEBEAE\" data-ved=\"2ahUKEwiP_96P0tWNAxWYiJUCHT0bFYgQo_EKegUIkQEQAQ\">\n<figure id=\"attachment_87185\" aria-describedby=\"caption-attachment-87185\" style=\"width: 800px\" class=\"wp-caption alignnone\"><img loading=\"lazy\" decoding=\"async\" class=\"size-full wp-image-87185\" src=\"https:\/\/vocesparalelas.com.ar\/sitio\/wp-content\/uploads\/2025\/06\/EL-PLASTICO-PLANA-NICOLIA-01.jpg\" alt=\"\" width=\"800\" height=\"533\" srcset=\"https:\/\/vocesparalelas.com.ar\/sitio\/wp-content\/uploads\/2025\/06\/EL-PLASTICO-PLANA-NICOLIA-01.jpg 800w, https:\/\/vocesparalelas.com.ar\/sitio\/wp-content\/uploads\/2025\/06\/EL-PLASTICO-PLANA-NICOLIA-01-300x200.jpg 300w, https:\/\/vocesparalelas.com.ar\/sitio\/wp-content\/uploads\/2025\/06\/EL-PLASTICO-PLANA-NICOLIA-01-768x512.jpg 768w\" sizes=\"auto, (max-width: 800px) 100vw, 800px\" \/><figcaption id=\"caption-attachment-87185\" class=\"wp-caption-text\">Las artistas experimentales de San Juan Mar\u00eda Rosa Plana y Patricia Nicolia<\/figcaption><\/figure>\n<\/div>\n<div class=\"WaaZC\">\n<div id=\"rx4_aM_rF5iR1sQPvbbUwAg__72\" class=\"bsmXxe\">\n<div data-hveid=\"CJEBEAE\" data-ved=\"2ahUKEwiP_96P0tWNAxWYiJUCHT0bFYgQo_EKegUIkQEQAQ\"><\/div>\n<\/div>\n<\/div>\n","protected":false},"excerpt":{"rendered":"<p>Del 5 al 25 de Junio, te espera para que disfrute la Muestra Experimental \u00abEl Pl\u00e1stico\u00bb como protagonista en el<\/p>\n","protected":false},"author":3,"featured_media":87186,"comment_status":"closed","ping_status":"closed","sticky":false,"template":"","format":"standard","meta":{"_acf_changed":false,"_seopress_robots_primary_cat":"none","_seopress_titles_title":"","_seopress_titles_desc":"","_seopress_robots_index":"","colormag_page_container_layout":"default_layout","colormag_page_sidebar_layout":"default_layout","footnotes":""},"categories":[20,7],"tags":[],"class_list":["post-87182","post","type-post","status-publish","format-standard","has-post-thumbnail","hentry","category-cartelera","category-videos"],"acf":[],"_links":{"self":[{"href":"https:\/\/vocesparalelas.com.ar\/sitio\/wp-json\/wp\/v2\/posts\/87182","targetHints":{"allow":["GET"]}}],"collection":[{"href":"https:\/\/vocesparalelas.com.ar\/sitio\/wp-json\/wp\/v2\/posts"}],"about":[{"href":"https:\/\/vocesparalelas.com.ar\/sitio\/wp-json\/wp\/v2\/types\/post"}],"author":[{"embeddable":true,"href":"https:\/\/vocesparalelas.com.ar\/sitio\/wp-json\/wp\/v2\/users\/3"}],"replies":[{"embeddable":true,"href":"https:\/\/vocesparalelas.com.ar\/sitio\/wp-json\/wp\/v2\/comments?post=87182"}],"version-history":[{"count":1,"href":"https:\/\/vocesparalelas.com.ar\/sitio\/wp-json\/wp\/v2\/posts\/87182\/revisions"}],"predecessor-version":[{"id":87187,"href":"https:\/\/vocesparalelas.com.ar\/sitio\/wp-json\/wp\/v2\/posts\/87182\/revisions\/87187"}],"wp:featuredmedia":[{"embeddable":true,"href":"https:\/\/vocesparalelas.com.ar\/sitio\/wp-json\/wp\/v2\/media\/87186"}],"wp:attachment":[{"href":"https:\/\/vocesparalelas.com.ar\/sitio\/wp-json\/wp\/v2\/media?parent=87182"}],"wp:term":[{"taxonomy":"category","embeddable":true,"href":"https:\/\/vocesparalelas.com.ar\/sitio\/wp-json\/wp\/v2\/categories?post=87182"},{"taxonomy":"post_tag","embeddable":true,"href":"https:\/\/vocesparalelas.com.ar\/sitio\/wp-json\/wp\/v2\/tags?post=87182"}],"curies":[{"name":"wp","href":"https:\/\/api.w.org\/{rel}","templated":true}]}}