{"id":87173,"date":"2025-06-02T20:48:31","date_gmt":"2025-06-02T23:48:31","guid":{"rendered":"https:\/\/vocesparalelas.com.ar\/sitio\/?p=87173"},"modified":"2025-06-03T23:24:21","modified_gmt":"2025-06-04T02:24:21","slug":"se-suspendio-provisoriamente-los-efectos-de-los-articulos-2-y-3-esencialidad-del-dnu-en-argentina","status":"publish","type":"post","link":"https:\/\/vocesparalelas.com.ar\/sitio\/se-suspendio-provisoriamente-los-efectos-de-los-articulos-2-y-3-esencialidad-del-dnu-en-argentina\/","title":{"rendered":"Se suspendi\u00f3 provisoriamente los efectos de los art\u00edculos 2\u00b0 y 3\u00b0, esencialidad, del DNU en Argentina"},"content":{"rendered":"<p>La Justicia Nacional suspendi\u00f3 provisoriamente los efectos de los art\u00edculos 2\u00b0 y 3\u00b0, esencialidad, del D.N.U. 340\/25 del Presidente de la Rep\u00fablica Argentina, Economista Javier Milei.<\/p>\n<p>De esta manera, da lugar a la acci\u00f3n instada por la Confederaci\u00f3n General del Trabajo, sumado a las gestiones impulsadas por el Secretario General de la Uni\u00f3n Docentes Argentinos- UDA &#8211; y Secretario de Pol\u00edticas Educativas de la Confederaci\u00f3n General del Trabajo de la Rep\u00fablica Argentina &#8211; CGT-RA -, Sergio Romero.<\/p>\n<p>Estas acciones revisten una importancia crucial y renuevan el firme compromiso con la docencia argentina y con los trabajadores del pa\u00eds, reafirmando la defensa de sus derechos laborales y la b\u00fasqueda de justicia social.<\/p>\n<p>&nbsp;<\/p>\n<p><img loading=\"lazy\" decoding=\"async\" class=\"alignnone size-full wp-image-86898\" src=\"https:\/\/vocesparalelas.com.ar\/sitio\/wp-content\/uploads\/2025\/05\/UDA-LOGO.jpg\" alt=\"\" width=\"800\" height=\"455\" srcset=\"https:\/\/vocesparalelas.com.ar\/sitio\/wp-content\/uploads\/2025\/05\/UDA-LOGO.jpg 800w, https:\/\/vocesparalelas.com.ar\/sitio\/wp-content\/uploads\/2025\/05\/UDA-LOGO-300x171.jpg 300w, https:\/\/vocesparalelas.com.ar\/sitio\/wp-content\/uploads\/2025\/05\/UDA-LOGO-768x437.jpg 768w\" sizes=\"auto, (max-width: 800px) 100vw, 800px\" \/><\/p>\n","protected":false},"excerpt":{"rendered":"<p>La Justicia Nacional suspendi\u00f3 provisoriamente los efectos de los art\u00edculos 2\u00b0 y 3\u00b0, esencialidad, del D.N.U. 340\/25 del Presidente de<\/p>\n","protected":false},"author":3,"featured_media":87176,"comment_status":"closed","ping_status":"closed","sticky":false,"template":"","format":"standard","meta":{"_acf_changed":false,"_seopress_robots_primary_cat":"none","_seopress_titles_title":"","_seopress_titles_desc":"","_seopress_robots_index":"","colormag_page_container_layout":"default_layout","colormag_page_sidebar_layout":"default_layout","footnotes":""},"categories":[6],"tags":[],"class_list":["post-87173","post","type-post","status-publish","format-standard","has-post-thumbnail","hentry","category-eventos"],"acf":[],"_links":{"self":[{"href":"https:\/\/vocesparalelas.com.ar\/sitio\/wp-json\/wp\/v2\/posts\/87173","targetHints":{"allow":["GET"]}}],"collection":[{"href":"https:\/\/vocesparalelas.com.ar\/sitio\/wp-json\/wp\/v2\/posts"}],"about":[{"href":"https:\/\/vocesparalelas.com.ar\/sitio\/wp-json\/wp\/v2\/types\/post"}],"author":[{"embeddable":true,"href":"https:\/\/vocesparalelas.com.ar\/sitio\/wp-json\/wp\/v2\/users\/3"}],"replies":[{"embeddable":true,"href":"https:\/\/vocesparalelas.com.ar\/sitio\/wp-json\/wp\/v2\/comments?post=87173"}],"version-history":[{"count":2,"href":"https:\/\/vocesparalelas.com.ar\/sitio\/wp-json\/wp\/v2\/posts\/87173\/revisions"}],"predecessor-version":[{"id":87178,"href":"https:\/\/vocesparalelas.com.ar\/sitio\/wp-json\/wp\/v2\/posts\/87173\/revisions\/87178"}],"wp:featuredmedia":[{"embeddable":true,"href":"https:\/\/vocesparalelas.com.ar\/sitio\/wp-json\/wp\/v2\/media\/87176"}],"wp:attachment":[{"href":"https:\/\/vocesparalelas.com.ar\/sitio\/wp-json\/wp\/v2\/media?parent=87173"}],"wp:term":[{"taxonomy":"category","embeddable":true,"href":"https:\/\/vocesparalelas.com.ar\/sitio\/wp-json\/wp\/v2\/categories?post=87173"},{"taxonomy":"post_tag","embeddable":true,"href":"https:\/\/vocesparalelas.com.ar\/sitio\/wp-json\/wp\/v2\/tags?post=87173"}],"curies":[{"name":"wp","href":"https:\/\/api.w.org\/{rel}","templated":true}]}}