{"id":87157,"date":"2025-06-02T20:01:46","date_gmt":"2025-06-02T23:01:46","guid":{"rendered":"https:\/\/vocesparalelas.com.ar\/sitio\/?p=87157"},"modified":"2025-06-02T20:01:46","modified_gmt":"2025-06-02T23:01:46","slug":"nuevo-centro-de-desarrollo-infantil-departamento-pocito-de-san-juan","status":"publish","type":"post","link":"https:\/\/vocesparalelas.com.ar\/sitio\/nuevo-centro-de-desarrollo-infantil-departamento-pocito-de-san-juan\/","title":{"rendered":"Nuevo Centro de Desarrollo Infantil, Departamento Pocito de San Juan"},"content":{"rendered":"<p>El gobernador de San Juan, Dr. Marcelo Orrego inaugur\u00f3 el Centro de Desarrollo Infantil &#8211; CDI -, Departamento Pocito, una obra que reafirma el compromiso del Gobierno de San Juan con el cuidado y el desarrollo integral de la primera infancia.<\/p>\n<p>El nuevo edificio beneficiar\u00e1 a ni\u00f1os y ni\u00f1as de entre 45 d\u00edas y 4 a\u00f1os de edad, garantizando espacios adecuados para su atenci\u00f3n, estimulaci\u00f3n y crecimiento saludable.<\/p>\n<p>Participaron de la actividad el intendente de la Municipalidad de Pocito, Prof. Fabi\u00e1n Aballay, los ministros de Familia y Desarrollo Humano, Prof. Carlos Platero; de Gobierno, Dra. Laura Palma, legisladores y autoridades departamentales y provinciales.<\/p>\n<p>La construcci\u00f3n estuvo a cargo del Ministerio de Infraestructura, Agua y Energ\u00eda del Gobierno de San Juan. Si bien se inici\u00f3 con financiamiento nacional, la obra fue reactivada y concluida con fondos provinciales luego de varios meses de paralizaci\u00f3n por falta de recursos.<\/p>\n<p>Su ejecuci\u00f3n se retom\u00f3 durante los primeros meses de 2024, permitiendo avanzar con una infraestructura moderna y funcional pensada para acompa\u00f1ar a las familias de la zona.<\/p>\n<p><iframe loading=\"lazy\" title=\"El gobernador dej\u00f3 Inaugurado el Centro de Desarrollo Infantil en Pocito\" width=\"800\" height=\"450\" src=\"https:\/\/www.youtube.com\/embed\/fGfttI4XJYs?feature=oembed\" frameborder=\"0\" allow=\"accelerometer; autoplay; clipboard-write; encrypted-media; gyroscope; picture-in-picture; web-share\" referrerpolicy=\"strict-origin-when-cross-origin\" allowfullscreen><\/iframe><\/p>\n<p>Con la apertura de este nuevo centro, el Gobierno de San Juan contin\u00faa apostando al fortalecimiento de pol\u00edticas p\u00fablicas para la primera infancia, generando condiciones de igualdad y bienestar desde los primeros a\u00f1os de vida.<\/p>\n<p>En el marco de esta inauguraci\u00f3n, gobernador de San Juan, Dr. Marcelo Orrego describi\u00f3 que \u00abeste es un lugar de esparcimiento, un lugar donde los ni\u00f1os van a poder estar acompa\u00f1ados, contenidos y con una alimentaci\u00f3n adecuada. Porque tenemos profesionales y capacitados y que realizan su tarea con mucho amor. Este es un centro que deber\u00eda haber sido afrontado con recursos nacionales, pero no se hizo. Por eso la provincia lo tom\u00f3 y abraz\u00f3 la posibilidad de terminarlo\u201d.<\/p>\n<p><img loading=\"lazy\" decoding=\"async\" class=\"alignnone size-full wp-image-87161\" src=\"https:\/\/vocesparalelas.com.ar\/sitio\/wp-content\/uploads\/2025\/06\/INFANTIL-POCITO-02.jpg\" alt=\"\" width=\"800\" height=\"535\" srcset=\"https:\/\/vocesparalelas.com.ar\/sitio\/wp-content\/uploads\/2025\/06\/INFANTIL-POCITO-02.jpg 800w, https:\/\/vocesparalelas.com.ar\/sitio\/wp-content\/uploads\/2025\/06\/INFANTIL-POCITO-02-300x201.jpg 300w, https:\/\/vocesparalelas.com.ar\/sitio\/wp-content\/uploads\/2025\/06\/INFANTIL-POCITO-02-768x514.jpg 768w\" sizes=\"auto, (max-width: 800px) 100vw, 800px\" \/><\/p>\n<p><span style=\"color: #ff6600;\"><strong>El Centro de Desarrollo Infantil<\/strong><\/span><\/p>\n<p>Con una superficie de 220 metros cuadrados, el nuevo CDI contempla diferentes espacios adaptados a las edades y necesidades de los ni\u00f1os: salas para beb\u00e9s, ni\u00f1os deambuladores y de 2, 3 y 4 a\u00f1os, lactario, cocina, sanitarios adaptados, \u00e1rea administrativa y amplios patios para el juego y la recreaci\u00f3n al aire libre. Adem\u00e1s, se ofrecer\u00e1 asistencia nutricional, estimulaci\u00f3n temprana y psicomotricidad, promoviendo un desarrollo integral desde los primeros a\u00f1os de vida.<\/p>\n<p>La obra presenta una estructura met\u00e1lica montada sobre platea de hormig\u00f3n armado, con cerramientos interiores y exteriores de paneles de roca de yeso y cementicio, y aislaciones t\u00e9rmicas que garantizan confort y seguridad. Los pisos interiores combinan mosaico gran\u00edtico y baldosas de caucho antigolpes, ideales para el tr\u00e1nsito infantil. Las carpinter\u00edas son de aluminio, chapa y madera, mientras que los espacios como cocina y sanitarios cuentan con revestimientos cer\u00e1micos blancos de alta durabilidad.<\/p>\n<p><img loading=\"lazy\" decoding=\"async\" class=\"alignnone size-full wp-image-65642\" src=\"https:\/\/vocesparalelas.com.ar\/sitio\/wp-content\/uploads\/2023\/11\/GOBIERNO-SAN-JUAN.jpg\" alt=\"\" width=\"800\" height=\"600\" srcset=\"https:\/\/vocesparalelas.com.ar\/sitio\/wp-content\/uploads\/2023\/11\/GOBIERNO-SAN-JUAN.jpg 800w, https:\/\/vocesparalelas.com.ar\/sitio\/wp-content\/uploads\/2023\/11\/GOBIERNO-SAN-JUAN-300x225.jpg 300w, https:\/\/vocesparalelas.com.ar\/sitio\/wp-content\/uploads\/2023\/11\/GOBIERNO-SAN-JUAN-768x576.jpg 768w\" sizes=\"auto, (max-width: 800px) 100vw, 800px\" \/><\/p>\n<p>&nbsp;<\/p>\n","protected":false},"excerpt":{"rendered":"<p>El gobernador de San Juan, Dr. Marcelo Orrego inaugur\u00f3 el Centro de Desarrollo Infantil &#8211; CDI -, Departamento Pocito, una<\/p>\n","protected":false},"author":3,"featured_media":87160,"comment_status":"closed","ping_status":"closed","sticky":false,"template":"","format":"standard","meta":{"_acf_changed":false,"_seopress_robots_primary_cat":"none","_seopress_titles_title":"","_seopress_titles_desc":"","_seopress_robots_index":"","colormag_page_container_layout":"default_layout","colormag_page_sidebar_layout":"default_layout","footnotes":""},"categories":[1,7],"tags":[],"class_list":["post-87157","post","type-post","status-publish","format-standard","has-post-thumbnail","hentry","category-destacadas","category-videos"],"acf":[],"_links":{"self":[{"href":"https:\/\/vocesparalelas.com.ar\/sitio\/wp-json\/wp\/v2\/posts\/87157","targetHints":{"allow":["GET"]}}],"collection":[{"href":"https:\/\/vocesparalelas.com.ar\/sitio\/wp-json\/wp\/v2\/posts"}],"about":[{"href":"https:\/\/vocesparalelas.com.ar\/sitio\/wp-json\/wp\/v2\/types\/post"}],"author":[{"embeddable":true,"href":"https:\/\/vocesparalelas.com.ar\/sitio\/wp-json\/wp\/v2\/users\/3"}],"replies":[{"embeddable":true,"href":"https:\/\/vocesparalelas.com.ar\/sitio\/wp-json\/wp\/v2\/comments?post=87157"}],"version-history":[{"count":1,"href":"https:\/\/vocesparalelas.com.ar\/sitio\/wp-json\/wp\/v2\/posts\/87157\/revisions"}],"predecessor-version":[{"id":87162,"href":"https:\/\/vocesparalelas.com.ar\/sitio\/wp-json\/wp\/v2\/posts\/87157\/revisions\/87162"}],"wp:featuredmedia":[{"embeddable":true,"href":"https:\/\/vocesparalelas.com.ar\/sitio\/wp-json\/wp\/v2\/media\/87160"}],"wp:attachment":[{"href":"https:\/\/vocesparalelas.com.ar\/sitio\/wp-json\/wp\/v2\/media?parent=87157"}],"wp:term":[{"taxonomy":"category","embeddable":true,"href":"https:\/\/vocesparalelas.com.ar\/sitio\/wp-json\/wp\/v2\/categories?post=87157"},{"taxonomy":"post_tag","embeddable":true,"href":"https:\/\/vocesparalelas.com.ar\/sitio\/wp-json\/wp\/v2\/tags?post=87157"}],"curies":[{"name":"wp","href":"https:\/\/api.w.org\/{rel}","templated":true}]}}