{"id":87097,"date":"2025-06-01T11:28:50","date_gmt":"2025-06-01T14:28:50","guid":{"rendered":"https:\/\/vocesparalelas.com.ar\/sitio\/?p=87097"},"modified":"2025-06-02T20:58:12","modified_gmt":"2025-06-02T23:58:12","slug":"comunicado-de-la-junta-electoral-2025-de-la-unsj","status":"publish","type":"post","link":"https:\/\/vocesparalelas.com.ar\/sitio\/comunicado-de-la-junta-electoral-2025-de-la-unsj\/","title":{"rendered":"Comunicado de la Junta Electoral 2025 de la UNSJ"},"content":{"rendered":"<p>La Junta Electoral de la Universidad Nacional de San Juan informa a la comunidad universitaria que ha tomado conocimiento de manifestaciones y acciones reiteradas por parte de candidatos pol\u00edticos que afectan gravemente la institucionalidad del proceso electoral, vulneran el correcto funcionamiento del \u00f3rgano electoral y desconocen las decisiones adoptadas por este cuerpo colegiado.<\/p>\n<p>Entre dichas conductas se incluyen, entre otras, la descalificaci\u00f3n de autoridades, la realizaci\u00f3n de presentaciones intimidatorias o medi\u00e1ticas con el claro prop\u00f3sito de obstaculizar la labor de la Junta. Estas acciones no solo desacreditan a autoridades leg\u00edtimamente constituidas y entorpecen el normal desempe\u00f1o del \u00f3rgano electoral, sino que tambi\u00e9n vulneran principios democr\u00e1ticos fundamentales y suponen una afectaci\u00f3n directa al principio de independencia.<\/p>\n<p>Este comportamiento sistem\u00e1tico constituye una seria lesi\u00f3n institucional, ya que desnaturaliza el funcionamiento aut\u00f3nomo de la Junta Electoral y ejerce presiones indebidas sobre quienes tienen a su cargo responsabilidades p\u00fablicas en este proceso.<\/p>\n<p>La Junta Electoral reafirma su compromiso con los principios de transparencia, imparcialidad y legalidad que rigen los actos electorales universitarios, y denuncia estas maniobras como intentos de presi\u00f3n pol\u00edtica que ponen en riesgo la integridad de las elecciones.<\/p>\n<p>Finalmente, se convoca a todos los sectores pol\u00edticos a actuar con responsabilidad, apego a las normas y respeto por las instituciones, a fin de garantizar un proceso electoral limpio, participativo y leg\u00edtimo.<\/p>\n<p style=\"text-align: right;\">Lic. Eduardo Afienza<\/p>\n<p style=\"text-align: right;\">TESORERO JUNTA ELECTORAL 2025 UNSJ<\/p>\n<p style=\"text-align: right;\">Lic. Fabiana Guerrero<\/p>\n<p style=\"text-align: right;\">VICEPRESIDENTA JUNTA ELECTORAL. 2025 UNSJ<\/p>\n<p style=\"text-align: right;\">Dra. Ana Laura Garcia Guzman<\/p>\n<p style=\"text-align: right;\">PRESIDENTA JUNTA ELECTORAL. 2025 UNSJ<\/p>\n<p>&nbsp;<\/p>\n<p><img loading=\"lazy\" decoding=\"async\" class=\"alignnone size-full wp-image-79515\" src=\"https:\/\/vocesparalelas.com.ar\/sitio\/wp-content\/uploads\/2024\/11\/UNSJ-LOGO-01.jpg\" alt=\"\" width=\"800\" height=\"459\" srcset=\"https:\/\/vocesparalelas.com.ar\/sitio\/wp-content\/uploads\/2024\/11\/UNSJ-LOGO-01.jpg 800w, https:\/\/vocesparalelas.com.ar\/sitio\/wp-content\/uploads\/2024\/11\/UNSJ-LOGO-01-300x172.jpg 300w, https:\/\/vocesparalelas.com.ar\/sitio\/wp-content\/uploads\/2024\/11\/UNSJ-LOGO-01-768x441.jpg 768w\" sizes=\"auto, (max-width: 800px) 100vw, 800px\" \/><\/p>\n","protected":false},"excerpt":{"rendered":"<p>La Junta Electoral de la Universidad Nacional de San Juan informa a la comunidad universitaria que ha tomado conocimiento de<\/p>\n","protected":false},"author":3,"featured_media":36750,"comment_status":"closed","ping_status":"closed","sticky":false,"template":"","format":"standard","meta":{"_acf_changed":false,"_seopress_robots_primary_cat":"none","_seopress_titles_title":"","_seopress_titles_desc":"","_seopress_robots_index":"","colormag_page_container_layout":"default_layout","colormag_page_sidebar_layout":"default_layout","footnotes":""},"categories":[10],"tags":[],"class_list":["post-87097","post","type-post","status-publish","format-standard","has-post-thumbnail","hentry","category-opiniones"],"acf":[],"_links":{"self":[{"href":"https:\/\/vocesparalelas.com.ar\/sitio\/wp-json\/wp\/v2\/posts\/87097","targetHints":{"allow":["GET"]}}],"collection":[{"href":"https:\/\/vocesparalelas.com.ar\/sitio\/wp-json\/wp\/v2\/posts"}],"about":[{"href":"https:\/\/vocesparalelas.com.ar\/sitio\/wp-json\/wp\/v2\/types\/post"}],"author":[{"embeddable":true,"href":"https:\/\/vocesparalelas.com.ar\/sitio\/wp-json\/wp\/v2\/users\/3"}],"replies":[{"embeddable":true,"href":"https:\/\/vocesparalelas.com.ar\/sitio\/wp-json\/wp\/v2\/comments?post=87097"}],"version-history":[{"count":2,"href":"https:\/\/vocesparalelas.com.ar\/sitio\/wp-json\/wp\/v2\/posts\/87097\/revisions"}],"predecessor-version":[{"id":87104,"href":"https:\/\/vocesparalelas.com.ar\/sitio\/wp-json\/wp\/v2\/posts\/87097\/revisions\/87104"}],"wp:featuredmedia":[{"embeddable":true,"href":"https:\/\/vocesparalelas.com.ar\/sitio\/wp-json\/wp\/v2\/media\/36750"}],"wp:attachment":[{"href":"https:\/\/vocesparalelas.com.ar\/sitio\/wp-json\/wp\/v2\/media?parent=87097"}],"wp:term":[{"taxonomy":"category","embeddable":true,"href":"https:\/\/vocesparalelas.com.ar\/sitio\/wp-json\/wp\/v2\/categories?post=87097"},{"taxonomy":"post_tag","embeddable":true,"href":"https:\/\/vocesparalelas.com.ar\/sitio\/wp-json\/wp\/v2\/tags?post=87097"}],"curies":[{"name":"wp","href":"https:\/\/api.w.org\/{rel}","templated":true}]}}