{"id":87093,"date":"2025-05-31T23:03:54","date_gmt":"2025-06-01T02:03:54","guid":{"rendered":"https:\/\/vocesparalelas.com.ar\/sitio\/?p=87093"},"modified":"2025-06-02T20:58:57","modified_gmt":"2025-06-02T23:58:57","slug":"de-palabras-que-matan-a-las-que-consuelan","status":"publish","type":"post","link":"https:\/\/vocesparalelas.com.ar\/sitio\/de-palabras-que-matan-a-las-que-consuelan\/","title":{"rendered":"De palabras que matan a las que consuelan"},"content":{"rendered":"<p>Por el Arzobispo de San Juan de Cuyo, Monse\u00f1or Jorge Lozano<\/p>\n<p><em>\u00abCompartan con mansedumbre la esperanza que hay en sus corazones\u00bb<\/em> es el lema elegido por el Papa Francisco para la Jornada Mundial de las Comunicaciones Sociales de este a\u00f1o, que se celebra en la Solemnidad de la Ascensi\u00f3n del Se\u00f1or. En medio de un tiempo herido por conflictos, polarizaciones, crisis pol\u00edticas y clim\u00e1ticas, <em>fake news<\/em> y guerras, esta invitaci\u00f3n es mucho m\u00e1s que un llamado a los periodistas: es un clamor a todos los creyentes para que comuniquemos con humildad, sin arrogancia ni violencia, la raz\u00f3n de nuestra esperanza.<\/p>\n<p>En una \u00e9poca donde la palabra se ha convertido muchas veces en arma, urge desarmar la comunicaci\u00f3n. La agresividad que habita en los discursos p\u00fablicos, en los debates pol\u00edticos y especialmente en las redes sociales, genera heridas profundas en el tejido social. El lenguaje no es neutro: puede construir o destruir, acariciar o herir. La mansedumbre, en cambio, no es debilidad, sino fortaleza contenida, la virtud de quien puede hablar con firmeza sin aplastar, transmitir sin herir, defender la verdad sin ridiculizar.<\/p>\n<p>Purificar la comunicaci\u00f3n de la violencia verbal y del desprecio sutil es hoy una obra urgente para los cristianos. Significa renunciar al paradigma amigo-enemigo que divide el mundo en buenos y malos, en los que est\u00e1n de mi lado y los que deben ser cancelados. La l\u00f3gica de la fe nos invita a tender puentes, no a cavar trincheras.<\/p>\n<p>La esperanza no es ingenuidad. Es la capacidad de ver luz donde todo parece oscuro. Por eso, comunicar esperanza en tiempos de crisis es un verdadero acto de fe y de amor. Implica no negar la gravedad de las situaciones, sino aportar una mirada que no se rinde, que se mantiene abierta a la posibilidad de un cambio, a la acci\u00f3n silenciosa de Dios, al protagonismo de los peque\u00f1os gestos que transforman el mundo.<\/p>\n<p>Hoy hace falta una comunicaci\u00f3n que no se quede s\u00f3lo en el dato, en el esc\u00e1ndalo o en el conflicto, sino que sepa tambi\u00e9n narrar las semillas de bien que crecen en medio de la oscuridad. Quienes comunican desde la fe est\u00e1n llamados a ser testigos de una esperanza que no defrauda (Romanos 5, 5), porque est\u00e1 anclada en la certeza de que Dios no abandona la historia humana.<\/p>\n<p>En esta Jornada queremos tambi\u00e9n agradecer a los comunicadores, periodistas, productores de contenido, fot\u00f3grafos, camar\u00f3grafos, editores,<\/p>\n<p>dise\u00f1adores y t\u00e9cnicos que, con esfuerzo y muchas veces sin reconocimiento, trabajan cada d\u00eda para acercarnos la verdad. Su labor es imprescindible para la democracia, para la convivencia social, para la libertad.<\/p>\n<p>A ellos les pedimos que no se dejen vencer por la tentaci\u00f3n de la superficialidad, la manipulaci\u00f3n o el sensacionalismo. Que no pierdan la vocaci\u00f3n de buscar la verdad, a\u00fan cuando esta sea inc\u00f3moda o dif\u00edcil de contar. Que no renuncien al poder sanador de una buena palabra, de un dato bien explicado, de una historia que da voz a los que no tienen voz, a los descartados y ninguneados.<\/p>\n<p>La paz social no se construye s\u00f3lo desde la pol\u00edtica o la econom\u00eda: tambi\u00e9n desde la comunicaci\u00f3n. Las palabras pueden ser piedras, pero tambi\u00e9n pueden ser semillas; alimentar el odio o abrir caminos de di\u00e1logo. En una sociedad fracturada, donde el grito parece tener m\u00e1s \u00e9xito que el razonamiento, ser cristiano comunicador es un desaf\u00edo apasionante: es dar raz\u00f3n de nuestra esperanza (1 Pedro 3,15), con mansedumbre y con respeto.<\/p>\n<p>El Papa Francisco nos ense\u00f1aba que \u201cla mansedumbre es el estilo de Dios\u201d. Ojal\u00e1 nuestra manera de comunicar pueda parecerse cada vez m\u00e1s a ese estilo divino: firme pero paciente, veraz pero compasivo, claro pero nunca agresivo. En este tiempo donde la palabra puede ser usada como arma, estamos llamados a hacer de ella un instrumento de encuentro, consuelo y reconciliaci\u00f3n.<\/p>\n<p>En esta Jornada Mundial de las Comunicaciones Sociales, que cada uno de nosotros \u2014con nuestros mensajes, nuestras publicaciones, nuestras conversaciones cotidianas\u2014 podamos contribuir a sembrar esperanza, a edificar la verdad y a construir, desde el lenguaje, un mundo m\u00e1s humano y m\u00e1s fraterno.<\/p>\n<p>&nbsp;<\/p>\n<p><iframe loading=\"lazy\" title=\"SAN JUAN MONSE\u00d1OR JORGE LOZANO\" width=\"800\" height=\"450\" src=\"https:\/\/www.youtube.com\/embed\/wrsnUCuMtRc?feature=oembed\" frameborder=\"0\" allow=\"accelerometer; autoplay; clipboard-write; encrypted-media; gyroscope; picture-in-picture; web-share\" referrerpolicy=\"strict-origin-when-cross-origin\" allowfullscreen><\/iframe><\/p>\n<p>&nbsp;<\/p>\n<p><img loading=\"lazy\" decoding=\"async\" class=\"alignnone size-full wp-image-61416\" src=\"https:\/\/vocesparalelas.com.ar\/sitio\/wp-content\/uploads\/2023\/07\/ARZOBISPADO-EDIFICIO.jpg\" alt=\"\" width=\"800\" height=\"600\" srcset=\"https:\/\/vocesparalelas.com.ar\/sitio\/wp-content\/uploads\/2023\/07\/ARZOBISPADO-EDIFICIO.jpg 800w, https:\/\/vocesparalelas.com.ar\/sitio\/wp-content\/uploads\/2023\/07\/ARZOBISPADO-EDIFICIO-300x225.jpg 300w, https:\/\/vocesparalelas.com.ar\/sitio\/wp-content\/uploads\/2023\/07\/ARZOBISPADO-EDIFICIO-768x576.jpg 768w\" sizes=\"auto, (max-width: 800px) 100vw, 800px\" \/><\/p>\n","protected":false},"excerpt":{"rendered":"<p>Por el Arzobispo de San Juan de Cuyo, Monse\u00f1or Jorge Lozano \u00abCompartan con mansedumbre la esperanza que hay en sus<\/p>\n","protected":false},"author":3,"featured_media":81112,"comment_status":"closed","ping_status":"closed","sticky":false,"template":"","format":"standard","meta":{"_acf_changed":false,"_seopress_robots_primary_cat":"none","_seopress_titles_title":"","_seopress_titles_desc":"","_seopress_robots_index":"","colormag_page_container_layout":"default_layout","colormag_page_sidebar_layout":"default_layout","footnotes":""},"categories":[10,7],"tags":[],"class_list":["post-87093","post","type-post","status-publish","format-standard","has-post-thumbnail","hentry","category-opiniones","category-videos"],"acf":[],"_links":{"self":[{"href":"https:\/\/vocesparalelas.com.ar\/sitio\/wp-json\/wp\/v2\/posts\/87093","targetHints":{"allow":["GET"]}}],"collection":[{"href":"https:\/\/vocesparalelas.com.ar\/sitio\/wp-json\/wp\/v2\/posts"}],"about":[{"href":"https:\/\/vocesparalelas.com.ar\/sitio\/wp-json\/wp\/v2\/types\/post"}],"author":[{"embeddable":true,"href":"https:\/\/vocesparalelas.com.ar\/sitio\/wp-json\/wp\/v2\/users\/3"}],"replies":[{"embeddable":true,"href":"https:\/\/vocesparalelas.com.ar\/sitio\/wp-json\/wp\/v2\/comments?post=87093"}],"version-history":[{"count":1,"href":"https:\/\/vocesparalelas.com.ar\/sitio\/wp-json\/wp\/v2\/posts\/87093\/revisions"}],"predecessor-version":[{"id":87096,"href":"https:\/\/vocesparalelas.com.ar\/sitio\/wp-json\/wp\/v2\/posts\/87093\/revisions\/87096"}],"wp:featuredmedia":[{"embeddable":true,"href":"https:\/\/vocesparalelas.com.ar\/sitio\/wp-json\/wp\/v2\/media\/81112"}],"wp:attachment":[{"href":"https:\/\/vocesparalelas.com.ar\/sitio\/wp-json\/wp\/v2\/media?parent=87093"}],"wp:term":[{"taxonomy":"category","embeddable":true,"href":"https:\/\/vocesparalelas.com.ar\/sitio\/wp-json\/wp\/v2\/categories?post=87093"},{"taxonomy":"post_tag","embeddable":true,"href":"https:\/\/vocesparalelas.com.ar\/sitio\/wp-json\/wp\/v2\/tags?post=87093"}],"curies":[{"name":"wp","href":"https:\/\/api.w.org\/{rel}","templated":true}]}}