{"id":87085,"date":"2025-05-31T23:00:26","date_gmt":"2025-06-01T02:00:26","guid":{"rendered":"https:\/\/vocesparalelas.com.ar\/sitio\/?p=87085"},"modified":"2025-06-02T21:00:24","modified_gmt":"2025-06-03T00:00:24","slug":"entrega-de-certificados-de-la-diplomatura-en-gestion-de-recursos-minerales-de-la-fi-de-la-unsj","status":"publish","type":"post","link":"https:\/\/vocesparalelas.com.ar\/sitio\/entrega-de-certificados-de-la-diplomatura-en-gestion-de-recursos-minerales-de-la-fi-de-la-unsj\/","title":{"rendered":"Entrega de certificados de la Diplomatura en Gesti\u00f3n de Recursos Minerales de la FI de la UNSJ"},"content":{"rendered":"<p>El Departamento de Posgrado de la Facultad de Ingenier\u00eda de la Universidad Nacional de San Juan organiz\u00f3 y dict\u00f3 la Diplomatura en Gesti\u00f3n de Recursos Minerales durante el 2024 en su 1\u00b0 Cohorte.\u00a0 Por ello convoc\u00f3 a los estudiantes que son profesionales y que finalizaron su trayectoria acad\u00e9mica para entregar los certificados.<\/p>\n<p><img loading=\"lazy\" decoding=\"async\" class=\"alignnone size-full wp-image-87090\" src=\"https:\/\/vocesparalelas.com.ar\/sitio\/wp-content\/uploads\/2025\/05\/FI-UNSJ-POSGRADO-06.jpg\" alt=\"\" width=\"800\" height=\"533\" srcset=\"https:\/\/vocesparalelas.com.ar\/sitio\/wp-content\/uploads\/2025\/05\/FI-UNSJ-POSGRADO-06.jpg 800w, https:\/\/vocesparalelas.com.ar\/sitio\/wp-content\/uploads\/2025\/05\/FI-UNSJ-POSGRADO-06-300x200.jpg 300w, https:\/\/vocesparalelas.com.ar\/sitio\/wp-content\/uploads\/2025\/05\/FI-UNSJ-POSGRADO-06-768x512.jpg 768w\" sizes=\"auto, (max-width: 800px) 100vw, 800px\" \/><\/p>\n<p><strong><span style=\"color: #ff6600;\">Asistencia entrega certificados:<\/span><\/strong><\/p>\n<p>01- Virginia Sauma<br \/>\n02-Elizabeth Soria<br \/>\n03- Lorena Garc\u00eda<br \/>\n04- Claudia Chirino<br \/>\n05- Julieta R\u00edos<br \/>\n06- Tayhana Munizaga<br \/>\n07-Daniela Gomez<br \/>\n08- Jose Vargas<br \/>\n09- Franco Curadelli<br \/>\n10- Alfredo Gonz\u00e1lez<br \/>\n11- Daniela Orpi<br \/>\n12- Flavia Torres<br \/>\n13- Nadia Paez<br \/>\n14- Yanina Orozco<br \/>\n15- Jos\u00e9 Ernesto Vera<\/p>\n<p>&nbsp;<\/p>\n<p><img loading=\"lazy\" decoding=\"async\" class=\"alignnone size-full wp-image-87089\" src=\"https:\/\/vocesparalelas.com.ar\/sitio\/wp-content\/uploads\/2025\/05\/FI-UNSJ-POSGRADO-05.jpg\" alt=\"\" width=\"800\" height=\"533\" srcset=\"https:\/\/vocesparalelas.com.ar\/sitio\/wp-content\/uploads\/2025\/05\/FI-UNSJ-POSGRADO-05.jpg 800w, https:\/\/vocesparalelas.com.ar\/sitio\/wp-content\/uploads\/2025\/05\/FI-UNSJ-POSGRADO-05-300x200.jpg 300w, https:\/\/vocesparalelas.com.ar\/sitio\/wp-content\/uploads\/2025\/05\/FI-UNSJ-POSGRADO-05-768x512.jpg 768w\" sizes=\"auto, (max-width: 800px) 100vw, 800px\" \/><\/p>\n<p>La Vicedecana de la FI de la UNSJ, Dra. Andrea D\u00edaz, la responsable del Departamento de Posgrado, Dra. Vanesa Baz\u00e1n, la Dra. Ivana Orozco, el Director del IIM, Dr. Marcelo Bellini fueron los responsables de entregar los certificados.<\/p>\n<p><img loading=\"lazy\" decoding=\"async\" class=\"alignnone size-full wp-image-87088\" src=\"https:\/\/vocesparalelas.com.ar\/sitio\/wp-content\/uploads\/2025\/05\/FI-UNSJ-POSGRADO-04.jpg\" alt=\"\" width=\"800\" height=\"533\" srcset=\"https:\/\/vocesparalelas.com.ar\/sitio\/wp-content\/uploads\/2025\/05\/FI-UNSJ-POSGRADO-04.jpg 800w, https:\/\/vocesparalelas.com.ar\/sitio\/wp-content\/uploads\/2025\/05\/FI-UNSJ-POSGRADO-04-300x200.jpg 300w, https:\/\/vocesparalelas.com.ar\/sitio\/wp-content\/uploads\/2025\/05\/FI-UNSJ-POSGRADO-04-768x512.jpg 768w\" sizes=\"auto, (max-width: 800px) 100vw, 800px\" \/><\/p>\n<p>En este contexto, Voces Paralelas desarroll\u00f3 la entrevista period\u00edstica a la Vicedecana de la FI de la UNSJ, Dra. Andrea D\u00edaz, quien describi\u00f3 lo que signific\u00f3 para los alumnos la Diplomatura en Gesti\u00f3n de Recursos Minerales durante el 2024 e invit\u00f3 para aquellos interesados que ya est\u00e1 dict\u00e1ndose la 2\u00b0 Cohorte 2025 y que pueden sumarse.<\/p>\n<p><iframe loading=\"lazy\" title=\"FI UNSJ VICEDECANA DRA ANDREA D\u00cdAZ\" width=\"800\" height=\"450\" src=\"https:\/\/www.youtube.com\/embed\/hwTkohA3K2g?feature=oembed\" frameborder=\"0\" allow=\"accelerometer; autoplay; clipboard-write; encrypted-media; gyroscope; picture-in-picture; web-share\" referrerpolicy=\"strict-origin-when-cross-origin\" allowfullscreen><\/iframe><\/p>\n<p>Posteriormente, la coordinadora del Departamento de Posgrado de la FI de la UNSJ, Dra. Vanesa Baz\u00e1n, quien resalt\u00f3 que lo interesante es que los alumnos inscriptos y con muchos sacrificio finaliz\u00f3 la Diplomatura y que obtuvieron el certificado.<\/p>\n<p><iframe loading=\"lazy\" title=\"FI UNSJ POSGRADO DRA VANESA BAZ\u00c1N\" width=\"800\" height=\"450\" src=\"https:\/\/www.youtube.com\/embed\/lqSMk6wmpRY?feature=oembed\" frameborder=\"0\" allow=\"accelerometer; autoplay; clipboard-write; encrypted-media; gyroscope; picture-in-picture; web-share\" referrerpolicy=\"strict-origin-when-cross-origin\" allowfullscreen><\/iframe><\/p>\n<p>&nbsp;<\/p>\n<p><img loading=\"lazy\" decoding=\"async\" class=\"alignnone size-full wp-image-60280\" src=\"https:\/\/vocesparalelas.com.ar\/sitio\/wp-content\/uploads\/2023\/06\/FI-UNSJ-FRENTE.jpg\" alt=\"\" width=\"800\" height=\"600\" srcset=\"https:\/\/vocesparalelas.com.ar\/sitio\/wp-content\/uploads\/2023\/06\/FI-UNSJ-FRENTE.jpg 800w, https:\/\/vocesparalelas.com.ar\/sitio\/wp-content\/uploads\/2023\/06\/FI-UNSJ-FRENTE-300x225.jpg 300w, https:\/\/vocesparalelas.com.ar\/sitio\/wp-content\/uploads\/2023\/06\/FI-UNSJ-FRENTE-768x576.jpg 768w\" sizes=\"auto, (max-width: 800px) 100vw, 800px\" \/><\/p>\n","protected":false},"excerpt":{"rendered":"<p>El Departamento de Posgrado de la Facultad de Ingenier\u00eda de la Universidad Nacional de San Juan organiz\u00f3 y dict\u00f3 la<\/p>\n","protected":false},"author":3,"featured_media":87091,"comment_status":"closed","ping_status":"closed","sticky":false,"template":"","format":"standard","meta":{"_acf_changed":false,"_seopress_robots_primary_cat":"none","_seopress_titles_title":"","_seopress_titles_desc":"","_seopress_robots_index":"","colormag_page_container_layout":"default_layout","colormag_page_sidebar_layout":"default_layout","footnotes":""},"categories":[15,7],"tags":[],"class_list":["post-87085","post","type-post","status-publish","format-standard","has-post-thumbnail","hentry","category-posgrados","category-videos"],"acf":[],"_links":{"self":[{"href":"https:\/\/vocesparalelas.com.ar\/sitio\/wp-json\/wp\/v2\/posts\/87085","targetHints":{"allow":["GET"]}}],"collection":[{"href":"https:\/\/vocesparalelas.com.ar\/sitio\/wp-json\/wp\/v2\/posts"}],"about":[{"href":"https:\/\/vocesparalelas.com.ar\/sitio\/wp-json\/wp\/v2\/types\/post"}],"author":[{"embeddable":true,"href":"https:\/\/vocesparalelas.com.ar\/sitio\/wp-json\/wp\/v2\/users\/3"}],"replies":[{"embeddable":true,"href":"https:\/\/vocesparalelas.com.ar\/sitio\/wp-json\/wp\/v2\/comments?post=87085"}],"version-history":[{"count":2,"href":"https:\/\/vocesparalelas.com.ar\/sitio\/wp-json\/wp\/v2\/posts\/87085\/revisions"}],"predecessor-version":[{"id":87108,"href":"https:\/\/vocesparalelas.com.ar\/sitio\/wp-json\/wp\/v2\/posts\/87085\/revisions\/87108"}],"wp:featuredmedia":[{"embeddable":true,"href":"https:\/\/vocesparalelas.com.ar\/sitio\/wp-json\/wp\/v2\/media\/87091"}],"wp:attachment":[{"href":"https:\/\/vocesparalelas.com.ar\/sitio\/wp-json\/wp\/v2\/media?parent=87085"}],"wp:term":[{"taxonomy":"category","embeddable":true,"href":"https:\/\/vocesparalelas.com.ar\/sitio\/wp-json\/wp\/v2\/categories?post=87085"},{"taxonomy":"post_tag","embeddable":true,"href":"https:\/\/vocesparalelas.com.ar\/sitio\/wp-json\/wp\/v2\/tags?post=87085"}],"curies":[{"name":"wp","href":"https:\/\/api.w.org\/{rel}","templated":true}]}}