{"id":87076,"date":"2025-05-31T21:08:58","date_gmt":"2025-06-01T00:08:58","guid":{"rendered":"https:\/\/vocesparalelas.com.ar\/sitio\/?p=87076"},"modified":"2025-06-02T21:03:46","modified_gmt":"2025-06-03T00:03:46","slug":"toma-conciencia-para-donar-organos-y-tejidos-para-dar-vida-a-los-pacientes-que-lo-necesiten","status":"publish","type":"post","link":"https:\/\/vocesparalelas.com.ar\/sitio\/toma-conciencia-para-donar-organos-y-tejidos-para-dar-vida-a-los-pacientes-que-lo-necesiten\/","title":{"rendered":"Toma conciencia para donar \u00f3rganos y tejidos para dar vida a los pacientes que lo necesiten"},"content":{"rendered":"<p>En Argentina, se conmemora el 30 de Mayo el D\u00eda Nacional de la Donaci\u00f3n de \u00d3rganos desde 1997, fijado por el Decreto 1079\/97, ya que, ese d\u00faa naci\u00f3 el hijo de la primera paciente que recibido un trasplante hep\u00e1tico en un Hospital P\u00fablico.<\/p>\n<p>Es as\u00ed que, el e1uipo de la Unidad Hospitalaria de Procuraci\u00f3n de \u00d3rganos y Tejidos &#8211; UHPROT -, junto al Hospital Dr. Marcial Quiroga y los profesionales del Instituto de Ablaci\u00f3n e Implante San Juan &#8211; INAISA\u00a0 \u2013 INCUCAI, organizaron diversas actividades para que la poblaci\u00f3n de San Juan tome conciencia de la necesidad de donar \u00f3rganos porque es dar vida para aquel paciente que necesita de un trasplante.<\/p>\n<p><img loading=\"lazy\" decoding=\"async\" class=\"alignnone size-full wp-image-87083\" src=\"https:\/\/vocesparalelas.com.ar\/sitio\/wp-content\/uploads\/2025\/05\/HMQ-DONANTES-03.jpg\" alt=\"\" width=\"800\" height=\"534\" srcset=\"https:\/\/vocesparalelas.com.ar\/sitio\/wp-content\/uploads\/2025\/05\/HMQ-DONANTES-03.jpg 800w, https:\/\/vocesparalelas.com.ar\/sitio\/wp-content\/uploads\/2025\/05\/HMQ-DONANTES-03-300x200.jpg 300w, https:\/\/vocesparalelas.com.ar\/sitio\/wp-content\/uploads\/2025\/05\/HMQ-DONANTES-03-768x513.jpg 768w\" sizes=\"auto, (max-width: 800px) 100vw, 800px\" \/><\/p>\n<p>Durante la jornada, se llev\u00f3 a cabo un emotivo acto en el que participaron autoridades del Ministerio de Salud del Gobierno de San Juan, del Hospital Dr. Marcial Quiroga, profesionales de la salud, payam\u00e9dicos y pacientes trasplantados.<\/p>\n<p><img loading=\"lazy\" decoding=\"async\" class=\"alignnone size-full wp-image-87079\" src=\"https:\/\/vocesparalelas.com.ar\/sitio\/wp-content\/uploads\/2025\/05\/HMQ-TRANSPLANYADOS.jpg\" alt=\"\" width=\"800\" height=\"534\" srcset=\"https:\/\/vocesparalelas.com.ar\/sitio\/wp-content\/uploads\/2025\/05\/HMQ-TRANSPLANYADOS.jpg 800w, https:\/\/vocesparalelas.com.ar\/sitio\/wp-content\/uploads\/2025\/05\/HMQ-TRANSPLANYADOS-300x200.jpg 300w, https:\/\/vocesparalelas.com.ar\/sitio\/wp-content\/uploads\/2025\/05\/HMQ-TRANSPLANYADOS-768x513.jpg 768w\" sizes=\"auto, (max-width: 800px) 100vw, 800px\" \/><\/p>\n<p>En el ingreso del Hospital Dr. Marcial Quiroga hab\u00eda un stand informativo donde los interesados se acercaron para recibir informaci\u00f3n.<\/p>\n<p><img loading=\"lazy\" decoding=\"async\" class=\"alignnone size-full wp-image-87081\" src=\"https:\/\/vocesparalelas.com.ar\/sitio\/wp-content\/uploads\/2025\/05\/HMQ-DONACION-02.jpg\" alt=\"\" width=\"800\" height=\"533\" srcset=\"https:\/\/vocesparalelas.com.ar\/sitio\/wp-content\/uploads\/2025\/05\/HMQ-DONACION-02.jpg 800w, https:\/\/vocesparalelas.com.ar\/sitio\/wp-content\/uploads\/2025\/05\/HMQ-DONACION-02-300x200.jpg 300w, https:\/\/vocesparalelas.com.ar\/sitio\/wp-content\/uploads\/2025\/05\/HMQ-DONACION-02-768x512.jpg 768w\" sizes=\"auto, (max-width: 800px) 100vw, 800px\" \/><\/p>\n<p>En este contexto, Voces Paralelas desarroll\u00f3 una entrevista period\u00edstica al Director Ejecutivo del Hospital Dr. Marcial Quiroga, Dr. Juan Manuel Campayo, quien describi\u00f3 la necesidad de tomar conciencia de donar \u00f3rganos y tejidos para ayudar a los pacientes que se encuentran en lista de espera para un trasplante.<\/p>\n<p><iframe loading=\"lazy\" title=\"SAN JUAN HMQ DIRECTOR DR JUAN MANUEL CAMPAYO\" width=\"800\" height=\"450\" src=\"https:\/\/www.youtube.com\/embed\/AE1Q5-S9t9Y?feature=oembed\" frameborder=\"0\" allow=\"accelerometer; autoplay; clipboard-write; encrypted-media; gyroscope; picture-in-picture; web-share\" referrerpolicy=\"strict-origin-when-cross-origin\" allowfullscreen><\/iframe><\/p>\n<p>&nbsp;<\/p>\n<p><img loading=\"lazy\" decoding=\"async\" class=\"alignnone size-full wp-image-50515\" src=\"https:\/\/vocesparalelas.com.ar\/sitio\/wp-content\/uploads\/2022\/07\/HMQ-FRENTE.jpg\" alt=\"\" width=\"800\" height=\"600\" srcset=\"https:\/\/vocesparalelas.com.ar\/sitio\/wp-content\/uploads\/2022\/07\/HMQ-FRENTE.jpg 800w, https:\/\/vocesparalelas.com.ar\/sitio\/wp-content\/uploads\/2022\/07\/HMQ-FRENTE-300x225.jpg 300w, https:\/\/vocesparalelas.com.ar\/sitio\/wp-content\/uploads\/2022\/07\/HMQ-FRENTE-768x576.jpg 768w\" sizes=\"auto, (max-width: 800px) 100vw, 800px\" \/><\/p>\n<p>&nbsp;<\/p>\n<p>&nbsp;<\/p>\n<p>&nbsp;<\/p>\n","protected":false},"excerpt":{"rendered":"<p>En Argentina, se conmemora el 30 de Mayo el D\u00eda Nacional de la Donaci\u00f3n de \u00d3rganos desde 1997, fijado por<\/p>\n","protected":false},"author":3,"featured_media":87080,"comment_status":"closed","ping_status":"closed","sticky":false,"template":"","format":"standard","meta":{"_acf_changed":false,"_seopress_robots_primary_cat":"none","_seopress_titles_title":"","_seopress_titles_desc":"","_seopress_robots_index":"","colormag_page_container_layout":"default_layout","colormag_page_sidebar_layout":"default_layout","footnotes":""},"categories":[10,7],"tags":[],"class_list":["post-87076","post","type-post","status-publish","format-standard","has-post-thumbnail","hentry","category-opiniones","category-videos"],"acf":[],"_links":{"self":[{"href":"https:\/\/vocesparalelas.com.ar\/sitio\/wp-json\/wp\/v2\/posts\/87076","targetHints":{"allow":["GET"]}}],"collection":[{"href":"https:\/\/vocesparalelas.com.ar\/sitio\/wp-json\/wp\/v2\/posts"}],"about":[{"href":"https:\/\/vocesparalelas.com.ar\/sitio\/wp-json\/wp\/v2\/types\/post"}],"author":[{"embeddable":true,"href":"https:\/\/vocesparalelas.com.ar\/sitio\/wp-json\/wp\/v2\/users\/3"}],"replies":[{"embeddable":true,"href":"https:\/\/vocesparalelas.com.ar\/sitio\/wp-json\/wp\/v2\/comments?post=87076"}],"version-history":[{"count":2,"href":"https:\/\/vocesparalelas.com.ar\/sitio\/wp-json\/wp\/v2\/posts\/87076\/revisions"}],"predecessor-version":[{"id":87084,"href":"https:\/\/vocesparalelas.com.ar\/sitio\/wp-json\/wp\/v2\/posts\/87076\/revisions\/87084"}],"wp:featuredmedia":[{"embeddable":true,"href":"https:\/\/vocesparalelas.com.ar\/sitio\/wp-json\/wp\/v2\/media\/87080"}],"wp:attachment":[{"href":"https:\/\/vocesparalelas.com.ar\/sitio\/wp-json\/wp\/v2\/media?parent=87076"}],"wp:term":[{"taxonomy":"category","embeddable":true,"href":"https:\/\/vocesparalelas.com.ar\/sitio\/wp-json\/wp\/v2\/categories?post=87076"},{"taxonomy":"post_tag","embeddable":true,"href":"https:\/\/vocesparalelas.com.ar\/sitio\/wp-json\/wp\/v2\/tags?post=87076"}],"curies":[{"name":"wp","href":"https:\/\/api.w.org\/{rel}","templated":true}]}}