{"id":87068,"date":"2025-05-31T11:43:32","date_gmt":"2025-05-31T14:43:32","guid":{"rendered":"https:\/\/vocesparalelas.com.ar\/sitio\/?p=87068"},"modified":"2025-06-02T21:00:53","modified_gmt":"2025-06-03T00:00:53","slug":"declaraciones-de-la-ministra-de-gobierno-de-san-juan-dra-laura-palma","status":"publish","type":"post","link":"https:\/\/vocesparalelas.com.ar\/sitio\/declaraciones-de-la-ministra-de-gobierno-de-san-juan-dra-laura-palma\/","title":{"rendered":"Declaraciones de la Ministra de Gobierno de San Juan, Dra. Laura Palma"},"content":{"rendered":"<p>Despu\u00e9s de participar del acto\u00a0 en conmemoraci\u00f3n de los 215 a\u00f1os de la Creaci\u00f3n del Ej\u00e9rcito Argentino en el RIM 22 de San Juan, la\u00a0Ministra de Gobierno de San Juan, Dra. Laura Palma desarroll\u00f3 declaraci\u00f3n del trabajo que se vienen realizando para presentar en la C\u00e1mara de Diputados de San Juan para que permita modificar y adecuarse a los tiempos la Ley de Transporte.<\/p>\n<p><iframe loading=\"lazy\" title=\"SAN JUAN MINISTRA DRA LAURA PALMA\" width=\"800\" height=\"450\" src=\"https:\/\/www.youtube.com\/embed\/EfsWzie6KlM?feature=oembed\" frameborder=\"0\" allow=\"accelerometer; autoplay; clipboard-write; encrypted-media; gyroscope; picture-in-picture; web-share\" referrerpolicy=\"strict-origin-when-cross-origin\" allowfullscreen><\/iframe><\/p>\n<p>&nbsp;<\/p>\n<p><img loading=\"lazy\" decoding=\"async\" class=\"alignnone size-full wp-image-87065\" src=\"https:\/\/vocesparalelas.com.ar\/sitio\/wp-content\/uploads\/2025\/05\/RIM-05.jpg\" alt=\"\" width=\"800\" height=\"600\" srcset=\"https:\/\/vocesparalelas.com.ar\/sitio\/wp-content\/uploads\/2025\/05\/RIM-05.jpg 800w, https:\/\/vocesparalelas.com.ar\/sitio\/wp-content\/uploads\/2025\/05\/RIM-05-300x225.jpg 300w, https:\/\/vocesparalelas.com.ar\/sitio\/wp-content\/uploads\/2025\/05\/RIM-05-768x576.jpg 768w\" sizes=\"auto, (max-width: 800px) 100vw, 800px\" \/><\/p>\n","protected":false},"excerpt":{"rendered":"<p>Despu\u00e9s de participar del acto\u00a0 en conmemoraci\u00f3n de los 215 a\u00f1os de la Creaci\u00f3n del Ej\u00e9rcito Argentino en el RIM<\/p>\n","protected":false},"author":3,"featured_media":87071,"comment_status":"closed","ping_status":"closed","sticky":false,"template":"","format":"standard","meta":{"_acf_changed":false,"_seopress_robots_primary_cat":"none","_seopress_titles_title":"","_seopress_titles_desc":"","_seopress_robots_index":"","colormag_page_container_layout":"default_layout","colormag_page_sidebar_layout":"default_layout","footnotes":""},"categories":[10,7],"tags":[],"class_list":["post-87068","post","type-post","status-publish","format-standard","has-post-thumbnail","hentry","category-opiniones","category-videos"],"acf":[],"_links":{"self":[{"href":"https:\/\/vocesparalelas.com.ar\/sitio\/wp-json\/wp\/v2\/posts\/87068","targetHints":{"allow":["GET"]}}],"collection":[{"href":"https:\/\/vocesparalelas.com.ar\/sitio\/wp-json\/wp\/v2\/posts"}],"about":[{"href":"https:\/\/vocesparalelas.com.ar\/sitio\/wp-json\/wp\/v2\/types\/post"}],"author":[{"embeddable":true,"href":"https:\/\/vocesparalelas.com.ar\/sitio\/wp-json\/wp\/v2\/users\/3"}],"replies":[{"embeddable":true,"href":"https:\/\/vocesparalelas.com.ar\/sitio\/wp-json\/wp\/v2\/comments?post=87068"}],"version-history":[{"count":1,"href":"https:\/\/vocesparalelas.com.ar\/sitio\/wp-json\/wp\/v2\/posts\/87068\/revisions"}],"predecessor-version":[{"id":87072,"href":"https:\/\/vocesparalelas.com.ar\/sitio\/wp-json\/wp\/v2\/posts\/87068\/revisions\/87072"}],"wp:featuredmedia":[{"embeddable":true,"href":"https:\/\/vocesparalelas.com.ar\/sitio\/wp-json\/wp\/v2\/media\/87071"}],"wp:attachment":[{"href":"https:\/\/vocesparalelas.com.ar\/sitio\/wp-json\/wp\/v2\/media?parent=87068"}],"wp:term":[{"taxonomy":"category","embeddable":true,"href":"https:\/\/vocesparalelas.com.ar\/sitio\/wp-json\/wp\/v2\/categories?post=87068"},{"taxonomy":"post_tag","embeddable":true,"href":"https:\/\/vocesparalelas.com.ar\/sitio\/wp-json\/wp\/v2\/tags?post=87068"}],"curies":[{"name":"wp","href":"https:\/\/api.w.org\/{rel}","templated":true}]}}