{"id":87053,"date":"2025-05-30T20:08:05","date_gmt":"2025-05-30T23:08:05","guid":{"rendered":"https:\/\/vocesparalelas.com.ar\/sitio\/?p=87053"},"modified":"2025-05-31T23:04:43","modified_gmt":"2025-06-01T02:04:43","slug":"programa-junio-2025-del-ciclo-de-solistas-escuchame-una-cosita-en-san-juan","status":"publish","type":"post","link":"https:\/\/vocesparalelas.com.ar\/sitio\/programa-junio-2025-del-ciclo-de-solistas-escuchame-una-cosita-en-san-juan\/","title":{"rendered":"Programa \u00abJunio 2025\u00bb del Ciclo de Solistas \u00abEsc\u00fachame una cosita\u00bb en San Juan"},"content":{"rendered":"<p>Los Domingos, a las 20 hs.; de Junio llega con m\u00fasica, calor y cervezas artesanales el Ciclo de Solistas \u00abEsc\u00fachame una cosita\u00bb en San Juan que nos envuelve con nuevas melod\u00edas y talento emergente en un espacio \u00edntimo y c\u00e1lido.<\/p>\n<p>Disfruta de las exquisitas cervezas de Donata del Desierto mientras la m\u00fasica te abraza, en\u00a0Av. Libertador 3311 &#8211; O &#8211; Rivadavia. Entrada libre y gratuita<\/p>\n<p><strong><span style=\"color: #ff6600;\">Programa \u00abJunio 2025\u00bb<\/span><\/strong><\/p>\n<ul>\n<li>Domingo, 01 de Junio, Lanita &amp; Juan Guerra<\/li>\n<li>Domingo, 08 de Junio, Dosis &amp; Zyxela<\/li>\n<li>Domingo, 15 de Junio, Tokio &amp; Young Flay<\/li>\n<li>Domingo, 22 de Junio, Luz Aguirre &amp; Roberto Guevara<\/li>\n<li>Domingo, 29 de Junio, Naara Stone &amp; Emi Voiro<\/li>\n<\/ul>\n<p>Curadur\u00eda y producci\u00f3n: Fabricio Montilla<br \/>\nFlyer: El Hora y Ceci Berra<br \/>\nOperaci\u00f3n t\u00e9cnica: Lucas Atencio<\/p>\n<p>\u00a1M\u00fasica en vivo para cerrar el d\u00eda con la mejor energ\u00eda!<\/p>\n<p>Sigue en @escuchameunacositasj y enterate de las novedades.<\/p>\n<p>&nbsp;<\/p>\n<p><img loading=\"lazy\" decoding=\"async\" class=\"alignnone size-full wp-image-59803\" src=\"https:\/\/vocesparalelas.com.ar\/sitio\/wp-content\/uploads\/2023\/06\/DONATA-01.jpg\" alt=\"\" width=\"800\" height=\"757\" srcset=\"https:\/\/vocesparalelas.com.ar\/sitio\/wp-content\/uploads\/2023\/06\/DONATA-01.jpg 800w, https:\/\/vocesparalelas.com.ar\/sitio\/wp-content\/uploads\/2023\/06\/DONATA-01-300x284.jpg 300w, https:\/\/vocesparalelas.com.ar\/sitio\/wp-content\/uploads\/2023\/06\/DONATA-01-768x727.jpg 768w\" sizes=\"auto, (max-width: 800px) 100vw, 800px\" \/><\/p>\n","protected":false},"excerpt":{"rendered":"<p>Los Domingos, a las 20 hs.; de Junio llega con m\u00fasica, calor y cervezas artesanales el Ciclo de Solistas \u00abEsc\u00fachame<\/p>\n","protected":false},"author":3,"featured_media":87056,"comment_status":"closed","ping_status":"closed","sticky":false,"template":"","format":"standard","meta":{"_acf_changed":false,"_seopress_robots_primary_cat":"none","_seopress_titles_title":"","_seopress_titles_desc":"","_seopress_robots_index":"","colormag_page_container_layout":"default_layout","colormag_page_sidebar_layout":"default_layout","footnotes":""},"categories":[20],"tags":[],"class_list":["post-87053","post","type-post","status-publish","format-standard","has-post-thumbnail","hentry","category-cartelera"],"acf":[],"_links":{"self":[{"href":"https:\/\/vocesparalelas.com.ar\/sitio\/wp-json\/wp\/v2\/posts\/87053","targetHints":{"allow":["GET"]}}],"collection":[{"href":"https:\/\/vocesparalelas.com.ar\/sitio\/wp-json\/wp\/v2\/posts"}],"about":[{"href":"https:\/\/vocesparalelas.com.ar\/sitio\/wp-json\/wp\/v2\/types\/post"}],"author":[{"embeddable":true,"href":"https:\/\/vocesparalelas.com.ar\/sitio\/wp-json\/wp\/v2\/users\/3"}],"replies":[{"embeddable":true,"href":"https:\/\/vocesparalelas.com.ar\/sitio\/wp-json\/wp\/v2\/comments?post=87053"}],"version-history":[{"count":1,"href":"https:\/\/vocesparalelas.com.ar\/sitio\/wp-json\/wp\/v2\/posts\/87053\/revisions"}],"predecessor-version":[{"id":87057,"href":"https:\/\/vocesparalelas.com.ar\/sitio\/wp-json\/wp\/v2\/posts\/87053\/revisions\/87057"}],"wp:featuredmedia":[{"embeddable":true,"href":"https:\/\/vocesparalelas.com.ar\/sitio\/wp-json\/wp\/v2\/media\/87056"}],"wp:attachment":[{"href":"https:\/\/vocesparalelas.com.ar\/sitio\/wp-json\/wp\/v2\/media?parent=87053"}],"wp:term":[{"taxonomy":"category","embeddable":true,"href":"https:\/\/vocesparalelas.com.ar\/sitio\/wp-json\/wp\/v2\/categories?post=87053"},{"taxonomy":"post_tag","embeddable":true,"href":"https:\/\/vocesparalelas.com.ar\/sitio\/wp-json\/wp\/v2\/tags?post=87053"}],"curies":[{"name":"wp","href":"https:\/\/api.w.org\/{rel}","templated":true}]}}