{"id":87045,"date":"2025-05-30T22:39:02","date_gmt":"2025-05-31T01:39:02","guid":{"rendered":"https:\/\/vocesparalelas.com.ar\/sitio\/?p=87045"},"modified":"2025-06-02T21:03:10","modified_gmt":"2025-06-03T00:03:10","slug":"pedidos-de-informe-de-la-camara-de-diputados-de-san-juan-para-revisar-el-uso-de-fondos-publicos-entre-2020-y-2023","status":"publish","type":"post","link":"https:\/\/vocesparalelas.com.ar\/sitio\/pedidos-de-informe-de-la-camara-de-diputados-de-san-juan-para-revisar-el-uso-de-fondos-publicos-entre-2020-y-2023\/","title":{"rendered":"Pedidos de informe de la C\u00e1mara de Diputados de San Juan para revisar el uso de fondos p\u00fablicos entre 2020 y 2023"},"content":{"rendered":"<p>Integrantes de la C\u00e1mara de Diputados de San Juan del interbloque Cambia San Juan compuesto por Producci\u00f3n y Trabajo, Actuar, PRO y la UCR ingresaron una bater\u00eda de pedidos de informe dirigidos al Poder Ejecutivo para revisar distintos aspectos de la gesti\u00f3n provincial durante el \u00faltimo per\u00edodo del gobierno de San Juan de la gesti\u00f3n del Gobernador Dr. Sergio U\u00f1ac.<\/p>\n<p>Las solicitudes abarcan ejes: la operatoria de el financiamiento y ejecuci\u00f3n del acueducto Gran Tulum; y las demandas judiciales iniciadas contra la provincia entre 2020 y 2023. En todos los casos, los diputados piden acceder al detalle de montos, adjudicatarios, criterios de asignaci\u00f3n, informes t\u00e9cnicos, dict\u00e1menes legales y documentaci\u00f3n de respaldo.<\/p>\n<p>En este contexto, se consult\u00f3 a la Diputada Lic. Mar\u00eda Rosa Lascano, quien explic\u00f3 en qu\u00e9 consiste el pedido al Poder Ejecutivo, a trav\u00e9s del Gobernador de San Juan, Dr. Marcelo Orrego para acceder a informes t\u00e9cnicos y dem\u00e1s.<\/p>\n<p><iframe loading=\"lazy\" title=\"CDSJ DIPUTADA LIC M\u00b0 RITA LASCANO\" width=\"800\" height=\"450\" src=\"https:\/\/www.youtube.com\/embed\/C_TQFstpPnI?feature=oembed\" frameborder=\"0\" allow=\"accelerometer; autoplay; clipboard-write; encrypted-media; gyroscope; picture-in-picture; web-share\" referrerpolicy=\"strict-origin-when-cross-origin\" allowfullscreen><\/iframe><\/p>\n<p><strong>Los pedidos ingresados fueron firmados por doce legisladores<\/strong><\/p>\n<ul>\n<li>Mar\u00eda Rosa Lascano,<\/li>\n<li>Alejandra Leonardo,<\/li>\n<li>Marcela Quiroga,<\/li>\n<li>Juan de la Cruz C\u00f3rdoba,<\/li>\n<li>M\u00f3nica Gonz\u00e1lez,<\/li>\n<li>Daniel Ripoll,<\/li>\n<li>Carlos Jaime,<\/li>\n<li>Gustavo N\u00fa\u00f1ez,<\/li>\n<li>Andr\u00e9s Castro,<\/li>\n<li>Rosana Luque,<\/li>\n<li>Gustavo Us\u00edn y<\/li>\n<li>Enzo Cornejo.<\/li>\n<\/ul>\n<p>Se trata de los representantes afines al Gobernador de San Juan, Dr. Marcelo Orrego en la C\u00e1mara de Diputados de San Juan.<\/p>\n<p>En los pedidos de comunicaci\u00f3n, los legisladores pretenden clarificar, por ejemplo, sobre la contrataci\u00f3n directa de empresas proveedoras del Estado, de obras y financiaci\u00f3n de medicamentos. entre otras presuntas inconsistencias concernientes a la gesti\u00f3n de los recursos.<\/p>\n<p>Con esta serie de presentaciones en la Legislatura provincial, los legisladores del oficialismo buscan echar luz sobre el manejo de los fondos p\u00fablicos en la provincia durante los \u00faltimos a\u00f1os de la \u00faltima gesti\u00f3n. Esto responde a uno de los primeros anuncios del gobernador Dr. Marcelo Orrego, quien en su discurso de asunci\u00f3n ya hab\u00eda prometido auditar el estado financiero recibido, como forma de trasparentar la gesti\u00f3n de recursos.<\/p>\n<figure id=\"attachment_37951\" aria-describedby=\"caption-attachment-37951\" style=\"width: 800px\" class=\"wp-caption alignnone\"><img loading=\"lazy\" decoding=\"async\" class=\"size-full wp-image-37951\" src=\"https:\/\/vocesparalelas.com.ar\/sitio\/wp-content\/uploads\/2021\/05\/CAMARA-EDIFICIO.jpg\" alt=\"\" width=\"800\" height=\"515\" srcset=\"https:\/\/vocesparalelas.com.ar\/sitio\/wp-content\/uploads\/2021\/05\/CAMARA-EDIFICIO.jpg 800w, https:\/\/vocesparalelas.com.ar\/sitio\/wp-content\/uploads\/2021\/05\/CAMARA-EDIFICIO-300x193.jpg 300w, https:\/\/vocesparalelas.com.ar\/sitio\/wp-content\/uploads\/2021\/05\/CAMARA-EDIFICIO-768x494.jpg 768w\" sizes=\"auto, (max-width: 800px) 100vw, 800px\" \/><figcaption id=\"caption-attachment-37951\" class=\"wp-caption-text\">Legislatura Provincial de San Juan, Rep\u00fablica Argentina<\/figcaption><\/figure>\n","protected":false},"excerpt":{"rendered":"<p>Integrantes de la C\u00e1mara de Diputados de San Juan del interbloque Cambia San Juan compuesto por Producci\u00f3n y Trabajo, Actuar,<\/p>\n","protected":false},"author":3,"featured_media":87048,"comment_status":"closed","ping_status":"closed","sticky":false,"template":"","format":"standard","meta":{"_acf_changed":false,"_seopress_robots_primary_cat":"none","_seopress_titles_title":"","_seopress_titles_desc":"","_seopress_robots_index":"","colormag_page_container_layout":"default_layout","colormag_page_sidebar_layout":"default_layout","footnotes":""},"categories":[10,7],"tags":[],"class_list":["post-87045","post","type-post","status-publish","format-standard","has-post-thumbnail","hentry","category-opiniones","category-videos"],"acf":[],"_links":{"self":[{"href":"https:\/\/vocesparalelas.com.ar\/sitio\/wp-json\/wp\/v2\/posts\/87045","targetHints":{"allow":["GET"]}}],"collection":[{"href":"https:\/\/vocesparalelas.com.ar\/sitio\/wp-json\/wp\/v2\/posts"}],"about":[{"href":"https:\/\/vocesparalelas.com.ar\/sitio\/wp-json\/wp\/v2\/types\/post"}],"author":[{"embeddable":true,"href":"https:\/\/vocesparalelas.com.ar\/sitio\/wp-json\/wp\/v2\/users\/3"}],"replies":[{"embeddable":true,"href":"https:\/\/vocesparalelas.com.ar\/sitio\/wp-json\/wp\/v2\/comments?post=87045"}],"version-history":[{"count":4,"href":"https:\/\/vocesparalelas.com.ar\/sitio\/wp-json\/wp\/v2\/posts\/87045\/revisions"}],"predecessor-version":[{"id":87052,"href":"https:\/\/vocesparalelas.com.ar\/sitio\/wp-json\/wp\/v2\/posts\/87045\/revisions\/87052"}],"wp:featuredmedia":[{"embeddable":true,"href":"https:\/\/vocesparalelas.com.ar\/sitio\/wp-json\/wp\/v2\/media\/87048"}],"wp:attachment":[{"href":"https:\/\/vocesparalelas.com.ar\/sitio\/wp-json\/wp\/v2\/media?parent=87045"}],"wp:term":[{"taxonomy":"category","embeddable":true,"href":"https:\/\/vocesparalelas.com.ar\/sitio\/wp-json\/wp\/v2\/categories?post=87045"},{"taxonomy":"post_tag","embeddable":true,"href":"https:\/\/vocesparalelas.com.ar\/sitio\/wp-json\/wp\/v2\/tags?post=87045"}],"curies":[{"name":"wp","href":"https:\/\/api.w.org\/{rel}","templated":true}]}}