{"id":87034,"date":"2025-05-30T21:25:59","date_gmt":"2025-05-31T00:25:59","guid":{"rendered":"https:\/\/vocesparalelas.com.ar\/sitio\/?p=87034"},"modified":"2025-06-02T21:05:04","modified_gmt":"2025-06-03T00:05:04","slug":"taller-de-prevencion-sismica-en-la-municipalidad-de-rivadavia","status":"publish","type":"post","link":"https:\/\/vocesparalelas.com.ar\/sitio\/taller-de-prevencion-sismica-en-la-municipalidad-de-rivadavia\/","title":{"rendered":"Taller de prevenci\u00f3n s\u00edsmica en la Municipalidad de Rivadavia"},"content":{"rendered":"<p>En un trabajo conjunto entre el Gobierno de la Provincia de San Juan y la Municipalidad de Rivadavia, se llev\u00f3 a cabo un importante taller de prevenci\u00f3n s\u00edsmica en el anexo municipal. La actividad estuvo liderada por la Direcci\u00f3n de Prevenci\u00f3n de Delitos y Violencia y la Direcci\u00f3n de Acci\u00f3n Social, reafirmando el compromiso de ambas instituciones con el bienestar y la seguridad de todos los vecinos.<\/p>\n<p>El taller, destinado tanto al p\u00fablico general como al personal municipal, tuvo como objetivo principal brindar herramientas pr\u00e1cticas y conocimientos fundamentales para actuar de manera segura y eficiente ante un evento s\u00edsmico. La capacitaci\u00f3n incluy\u00f3 recomendaciones de expertos y una activa participaci\u00f3n de los asistentes, quienes destacaron la importancia de estas iniciativas para fortalecer la preparaci\u00f3n ante emergencias.<\/p>\n<p><img loading=\"lazy\" decoding=\"async\" class=\"alignnone size-full wp-image-87038\" src=\"https:\/\/vocesparalelas.com.ar\/sitio\/wp-content\/uploads\/2025\/05\/RIVADAVIA-SISMICA-01.jpg\" alt=\"\" width=\"800\" height=\"534\" srcset=\"https:\/\/vocesparalelas.com.ar\/sitio\/wp-content\/uploads\/2025\/05\/RIVADAVIA-SISMICA-01.jpg 800w, https:\/\/vocesparalelas.com.ar\/sitio\/wp-content\/uploads\/2025\/05\/RIVADAVIA-SISMICA-01-300x200.jpg 300w, https:\/\/vocesparalelas.com.ar\/sitio\/wp-content\/uploads\/2025\/05\/RIVADAVIA-SISMICA-01-768x513.jpg 768w\" sizes=\"auto, (max-width: 800px) 100vw, 800px\" \/><\/p>\n<p>La jornada refleja el esfuerzo mancomunado entre Provincia y Municipio para estar siempre cerca del vecino, trabajando juntos en la construcci\u00f3n de un Rivadavia m\u00e1s seguro y preparado.<\/p>\n<p>De esta manera, la Municipalidad de Rivadavia reafirma su compromiso con cada rivadaviense, poniendo a disposici\u00f3n herramientas y espacios que permitan enfrentar los desaf\u00edos cotidianos con mayor confianza y tranquilidad.<\/p>\n<p>&nbsp;<\/p>\n<p><img loading=\"lazy\" decoding=\"async\" class=\"alignnone size-full wp-image-66896\" src=\"https:\/\/vocesparalelas.com.ar\/sitio\/wp-content\/uploads\/2023\/12\/RIVADAVIA-LOGO-NUEVO.jpg\" alt=\"\" width=\"800\" height=\"533\" srcset=\"https:\/\/vocesparalelas.com.ar\/sitio\/wp-content\/uploads\/2023\/12\/RIVADAVIA-LOGO-NUEVO.jpg 800w, https:\/\/vocesparalelas.com.ar\/sitio\/wp-content\/uploads\/2023\/12\/RIVADAVIA-LOGO-NUEVO-300x200.jpg 300w, https:\/\/vocesparalelas.com.ar\/sitio\/wp-content\/uploads\/2023\/12\/RIVADAVIA-LOGO-NUEVO-768x512.jpg 768w\" sizes=\"auto, (max-width: 800px) 100vw, 800px\" \/><\/p>\n","protected":false},"excerpt":{"rendered":"<p>En un trabajo conjunto entre el Gobierno de la Provincia de San Juan y la Municipalidad de Rivadavia, se llev\u00f3<\/p>\n","protected":false},"author":3,"featured_media":87037,"comment_status":"closed","ping_status":"closed","sticky":false,"template":"","format":"standard","meta":{"_acf_changed":false,"_seopress_robots_primary_cat":"none","_seopress_titles_title":"","_seopress_titles_desc":"","_seopress_robots_index":"","colormag_page_container_layout":"default_layout","colormag_page_sidebar_layout":"default_layout","footnotes":""},"categories":[9],"tags":[],"class_list":["post-87034","post","type-post","status-publish","format-standard","has-post-thumbnail","hentry","category-cursos"],"acf":[],"_links":{"self":[{"href":"https:\/\/vocesparalelas.com.ar\/sitio\/wp-json\/wp\/v2\/posts\/87034","targetHints":{"allow":["GET"]}}],"collection":[{"href":"https:\/\/vocesparalelas.com.ar\/sitio\/wp-json\/wp\/v2\/posts"}],"about":[{"href":"https:\/\/vocesparalelas.com.ar\/sitio\/wp-json\/wp\/v2\/types\/post"}],"author":[{"embeddable":true,"href":"https:\/\/vocesparalelas.com.ar\/sitio\/wp-json\/wp\/v2\/users\/3"}],"replies":[{"embeddable":true,"href":"https:\/\/vocesparalelas.com.ar\/sitio\/wp-json\/wp\/v2\/comments?post=87034"}],"version-history":[{"count":1,"href":"https:\/\/vocesparalelas.com.ar\/sitio\/wp-json\/wp\/v2\/posts\/87034\/revisions"}],"predecessor-version":[{"id":87039,"href":"https:\/\/vocesparalelas.com.ar\/sitio\/wp-json\/wp\/v2\/posts\/87034\/revisions\/87039"}],"wp:featuredmedia":[{"embeddable":true,"href":"https:\/\/vocesparalelas.com.ar\/sitio\/wp-json\/wp\/v2\/media\/87037"}],"wp:attachment":[{"href":"https:\/\/vocesparalelas.com.ar\/sitio\/wp-json\/wp\/v2\/media?parent=87034"}],"wp:term":[{"taxonomy":"category","embeddable":true,"href":"https:\/\/vocesparalelas.com.ar\/sitio\/wp-json\/wp\/v2\/categories?post=87034"},{"taxonomy":"post_tag","embeddable":true,"href":"https:\/\/vocesparalelas.com.ar\/sitio\/wp-json\/wp\/v2\/tags?post=87034"}],"curies":[{"name":"wp","href":"https:\/\/api.w.org\/{rel}","templated":true}]}}