{"id":87026,"date":"2025-05-30T14:40:48","date_gmt":"2025-05-30T17:40:48","guid":{"rendered":"https:\/\/vocesparalelas.com.ar\/sitio\/?p=87026"},"modified":"2025-05-31T23:13:39","modified_gmt":"2025-06-01T02:13:39","slug":"10-edicion-de-la-feria-multiespacio-en-el-chalet-cantoni-en-san-juan","status":"publish","type":"post","link":"https:\/\/vocesparalelas.com.ar\/sitio\/10-edicion-de-la-feria-multiespacio-en-el-chalet-cantoni-en-san-juan\/","title":{"rendered":"10\u00b0 edici\u00f3n de la\u00a0\u2018\u2018Feria Multiespacio\u2019\u2019 en el Chalet Cantoni\u00a0 en San Juan"},"content":{"rendered":"<p>El Domingo, 01 de Junio de 2025,\u00a0desde las 17 hasta las 21 hs.;\u00a0el\u00a0Chalet Cantoni\u00a0se viste de arte, dise\u00f1o y color para recibir a\u00a0m\u00e1s de 65 stand locales y emprendedores\u00a0en la d\u00e9cima edici\u00f3n de la\u00a0\u2018\u2018Feria Multiespacio\u2019\u2019.<br \/>\nA trav\u00e9s de un recorrido, el p\u00fablico encontrar\u00e1 joyas, pasteler\u00eda, decohogar, moda y otras propuestas\u00a0La cita ser\u00e1 en Avenida Libertador 3339 Oeste y se podr\u00e1 ingresar con\u00a0entrada libre y gratuita. Adem\u00e1s, habr\u00e1 venta de comida y los asistentes podr\u00e1n traer mate para disfrutar de una tarde distinta.<\/p>\n<p><span style=\"color: #993300;\"><strong>Otras propuestas<\/strong><\/span><\/p>\n<p>Adem\u00e1s de \u2018\u2018Feria Multiespacio\u2019\u2019, los \u00faltimos dos d\u00edas de Mayo hay dos actividades en el Chalet Cantoni. La primera est\u00e1 prevista para el 30 de Mayo, el Conversatorio de Fotograf\u00eda \u201cLa imagen positiva\u201d que comienza a las 19:45 hs. La participaci\u00f3n es gratuita y requiere inscripci\u00f3n previa con cupos limitados a trav\u00e9s del link<\/p>\n<p><a href=\"https:\/\/docs.google.com\/forms\/d\/e\/1FAIpQLSf6M0_1hUSuqK8n7kPlROX_OeIbEujvhY1wscmWJ9ut5zs4iw\/viewform\">https:\/\/docs.google.com\/forms\/d\/e\/1FAIpQLSf6M0_1hUSuqK8n7kPlROX_OeIbEujvhY1wscmWJ9ut5zs4iw\/viewform<\/a><\/p>\n<p>Para cerrar Mayo, e<strong>l <\/strong>31 de Mayo, a las 19 hs.; se desarrolla la muestra de cierre del Taller de Dibujo y Pintura, coordinado por Enzo Robledo.<\/p>\n<p>La exposici\u00f3n, titulada \u201cEl arte de la representaci\u00f3n\u201d, presenta obras de estilo realista donde se destacan el uso de la luz, la sombra, el color y la composici\u00f3n.<\/p>\n<p>La actividad es con entrada libre y gratuita, abierta al p\u00fablico.<\/p>\n<figure id=\"attachment_77863\" aria-describedby=\"caption-attachment-77863\" style=\"width: 800px\" class=\"wp-caption alignnone\"><img loading=\"lazy\" decoding=\"async\" class=\"size-full wp-image-77863\" src=\"https:\/\/vocesparalelas.com.ar\/sitio\/wp-content\/uploads\/2024\/10\/CHALET-CANTONI-NUEVO.jpg\" alt=\"\" width=\"800\" height=\"533\" srcset=\"https:\/\/vocesparalelas.com.ar\/sitio\/wp-content\/uploads\/2024\/10\/CHALET-CANTONI-NUEVO.jpg 800w, https:\/\/vocesparalelas.com.ar\/sitio\/wp-content\/uploads\/2024\/10\/CHALET-CANTONI-NUEVO-300x200.jpg 300w, https:\/\/vocesparalelas.com.ar\/sitio\/wp-content\/uploads\/2024\/10\/CHALET-CANTONI-NUEVO-768x512.jpg 768w\" sizes=\"auto, (max-width: 800px) 100vw, 800px\" \/><figcaption id=\"caption-attachment-77863\" class=\"wp-caption-text\">Chalet Cantoni, Departamento Rivadavia, Provincia San Juan, Rep\u00fablica Argentita<\/figcaption><\/figure>\n<p>&nbsp;<\/p>\n<p>&nbsp;<\/p>\n","protected":false},"excerpt":{"rendered":"<p>El Domingo, 01 de Junio de 2025,\u00a0desde las 17 hasta las 21 hs.;\u00a0el\u00a0Chalet Cantoni\u00a0se viste de arte, dise\u00f1o y color<\/p>\n","protected":false},"author":3,"featured_media":46297,"comment_status":"closed","ping_status":"closed","sticky":false,"template":"","format":"standard","meta":{"_acf_changed":false,"_seopress_robots_primary_cat":"none","_seopress_titles_title":"","_seopress_titles_desc":"","_seopress_robots_index":"","colormag_page_container_layout":"default_layout","colormag_page_sidebar_layout":"default_layout","footnotes":""},"categories":[20],"tags":[],"class_list":["post-87026","post","type-post","status-publish","format-standard","has-post-thumbnail","hentry","category-cartelera"],"acf":[],"_links":{"self":[{"href":"https:\/\/vocesparalelas.com.ar\/sitio\/wp-json\/wp\/v2\/posts\/87026","targetHints":{"allow":["GET"]}}],"collection":[{"href":"https:\/\/vocesparalelas.com.ar\/sitio\/wp-json\/wp\/v2\/posts"}],"about":[{"href":"https:\/\/vocesparalelas.com.ar\/sitio\/wp-json\/wp\/v2\/types\/post"}],"author":[{"embeddable":true,"href":"https:\/\/vocesparalelas.com.ar\/sitio\/wp-json\/wp\/v2\/users\/3"}],"replies":[{"embeddable":true,"href":"https:\/\/vocesparalelas.com.ar\/sitio\/wp-json\/wp\/v2\/comments?post=87026"}],"version-history":[{"count":1,"href":"https:\/\/vocesparalelas.com.ar\/sitio\/wp-json\/wp\/v2\/posts\/87026\/revisions"}],"predecessor-version":[{"id":87029,"href":"https:\/\/vocesparalelas.com.ar\/sitio\/wp-json\/wp\/v2\/posts\/87026\/revisions\/87029"}],"wp:featuredmedia":[{"embeddable":true,"href":"https:\/\/vocesparalelas.com.ar\/sitio\/wp-json\/wp\/v2\/media\/46297"}],"wp:attachment":[{"href":"https:\/\/vocesparalelas.com.ar\/sitio\/wp-json\/wp\/v2\/media?parent=87026"}],"wp:term":[{"taxonomy":"category","embeddable":true,"href":"https:\/\/vocesparalelas.com.ar\/sitio\/wp-json\/wp\/v2\/categories?post=87026"},{"taxonomy":"post_tag","embeddable":true,"href":"https:\/\/vocesparalelas.com.ar\/sitio\/wp-json\/wp\/v2\/tags?post=87026"}],"curies":[{"name":"wp","href":"https:\/\/api.w.org\/{rel}","templated":true}]}}