{"id":86987,"date":"2025-05-29T22:27:13","date_gmt":"2025-05-30T01:27:13","guid":{"rendered":"https:\/\/vocesparalelas.com.ar\/sitio\/?p=86987"},"modified":"2025-05-30T14:59:32","modified_gmt":"2025-05-30T17:59:32","slug":"reunion-regional-del-consejo-federal-agropecuario-en-san-juan","status":"publish","type":"post","link":"https:\/\/vocesparalelas.com.ar\/sitio\/reunion-regional-del-consejo-federal-agropecuario-en-san-juan\/","title":{"rendered":"Reuni\u00f3n Regional del Consejo Federal Agropecuario en San Juan"},"content":{"rendered":"<p>El gobernador de San Juan, Dr. Marcelo Orrego, el ministro de Producci\u00f3n, Trabajo e Innovaci\u00f3n del Gobierno de San Juan, CPN Gustavo Fern\u00e1ndez y el secretario de Agricultura, Ganader\u00eda y Pesca de la Naci\u00f3n, Dr. Sergio Iraeta presidieron la apertura de la primera Reuni\u00f3n Regional Cuyo 2025 del Consejo Federal Agropecuario &#8211; CFA -, en San Juan y reuni\u00f3 a autoridades nacionales y provinciales del sector agroindustrial.<\/p>\n<p>Este encuentro forma parte del espacio institucional creado por ley para la articulaci\u00f3n entre ministros, secretarios y equipos t\u00e9cnicos, en el cual se debaten pol\u00edticas p\u00fablicas vinculadas a la producci\u00f3n agropecuaria con impacto en las econom\u00edas regionales. El CFA tambi\u00e9n act\u00faa como \u00f3rgano asesor del Poder Ejecutivo nacional.<\/p>\n<p>Durante la jornada, los representantes de las provincias de La Rioja, Mendoza, San Luis y San Juan expusieron sus prioridades y desaf\u00edos en un espacio de di\u00e1logo federal.<\/p>\n<p>En este contexto, el Gobernador de San Juan, Dr. Marcelo Orrego puntualiz\u00f3 que \u00abla importancia de generar consensos y fortalecer el trabajo conjunto para potenciar el desarrollo agroindustrial de la regi\u00f3n. Sabemos lo que significa Cuyo y lo que significa transformar un desierto, porque la verdad es que tenemos que poner mucha imaginaci\u00f3n e innovaci\u00f3n para combatir la emergencia h\u00eddrica. Hoy tenemos m\u00e1s o menos unos 8 millones de hect\u00e1reas con d\u00e9ficit de agua en San Juan y este tema debe ser transversal\u201d.<\/p>\n<p>\u201cLo interesante es que este sea un espacio donde podamos hablar del presente y del futuro, de lo que significa la producci\u00f3n y de qu\u00e9 manera podemos encarar juntos distintas pol\u00edticas que permitan una planificaci\u00f3n conjunta. Asimismo, poder dialogar sobre problemas en com\u00fan y aportar soluciones para todos\u201d &#8211; sintetiz\u00f3 el Dr. Orrego.<\/p>\n<p>Luego, el ministro de Producci\u00f3n, Trabajo e Innovaci\u00f3n del Gobierno de San Juan, CPN Gustavo Fern\u00e1ndez valor\u00f3 que \u00abel Consejo Federal Agropecuario de car\u00e1cter estrat\u00e9gico del encuentro y el compromiso de las provincias en avanzar en pol\u00edticas integradas. Las econom\u00edas regionales, particularmente la econom\u00eda regional de Cuyo tiene una identidad muy marcada, en muchos casos, por cultivos que no siempre son de rotaci\u00f3n anual, que tienen dificultades para el financiamiento y que al mismo tiempo tienen la necesidad de resolver problemas h\u00eddricos y de abastecimiento de agua para irrigaci\u00f3n de sus cultivos. Tambi\u00e9n, muchos de ellos afrontan dificultades por los montos de inversi\u00f3n y a estos desaf\u00edos nos enfrentamos hoy las provincias de Cuyo. Este es un espacio que nos va a permitir, sin duda, exponer y debatir la realidad de San Juan\u201d<\/p>\n<p>Por su parte, el secretario secretario de Agricultura, Ganader\u00eda y Pesca de la Naci\u00f3n, Dr. Sergio Iraeta remarc\u00f3 que \u00abel rol del Consejo como herramienta federal y celebr\u00f3 el nivel t\u00e9cnico y operativo de la reuni\u00f3n. Este espacio permitir\u00e1 conversar los temas inherentes no solo a las provincias cuyanas, sino a toda la Argentina, que es un poco la visi\u00f3n que tengo yo. Cuando le va bien a la provincia, le va bien a la Naci\u00f3n, y para eso tenemos que empujar, deseo que sea una reuni\u00f3n productiva y ojal\u00e1 pueda estar pronto en San Juan\u201d.<\/p>\n<p><iframe loading=\"lazy\" title=\"Orrego encabez\u00f3 la apertura de la reuni\u00f3n regional del Consejo Federal Agropecuario\" width=\"800\" height=\"450\" src=\"https:\/\/www.youtube.com\/embed\/ZkZy_L269tA?start=3&#038;feature=oembed\" frameborder=\"0\" allow=\"accelerometer; autoplay; clipboard-write; encrypted-media; gyroscope; picture-in-picture; web-share\" referrerpolicy=\"strict-origin-when-cross-origin\" allowfullscreen><\/iframe><\/p>\n<p><strong><span style=\"color: #008000;\">La agenda de trabajo se organiz\u00f3 en bloques tem\u00e1ticos<\/span><\/strong><\/p>\n<p>El Eje de Sanidad Vegetal, se abordaron enfermedades y plagas que afectan cultivos clave de la regi\u00f3n, como la Lobesia botrana en la vid, la Xylella fastidiosa y la rama seca en olivos, la Carpocapsa en nogales y la incidencia de la mosca de los frutos.<\/p>\n<p>A continuaci\u00f3n, se presentaron avances en el \u00e1rea de Ganader\u00eda, con foco en el mejoramiento gen\u00e9tico de bovinos, ovinos y caprinos, la trazabilidad de la producci\u00f3n y el desarrollo del Plan de Producci\u00f3n Porcina.<\/p>\n<p>El bloque de Sanidad Animal incluy\u00f3 un repaso por las campa\u00f1as de vacunaci\u00f3n contra la fiebre aftosa, la brucelosis y la rabia paresiante, que son fundamentales para preservar la calidad sanitaria de los rodeos y la posibilidad de acceso a mercados.<\/p>\n<p>Finalmente, se abord\u00f3 el eje de Agtech, con presentaciones sobre herramientas de tecnolog\u00eda de precisi\u00f3n aplicadas al agro, rotaci\u00f3n de forrajes y sistemas innovadores de gesti\u00f3n productiva.<\/p>\n<p>La jornada concluy\u00f3 con un intercambio participativo, donde los referentes provinciales y nacionales compartieron aportes, inquietudes y propuestas para consolidar una agenda agropecuaria com\u00fan, sustentable y con visi\u00f3n de futuro.<\/p>\n<p><img loading=\"lazy\" decoding=\"async\" class=\"alignnone size-full wp-image-86991\" src=\"https:\/\/vocesparalelas.com.ar\/sitio\/wp-content\/uploads\/2025\/05\/CFP-SAN-JUAN-01.jpg\" alt=\"\" width=\"800\" height=\"427\" srcset=\"https:\/\/vocesparalelas.com.ar\/sitio\/wp-content\/uploads\/2025\/05\/CFP-SAN-JUAN-01.jpg 800w, https:\/\/vocesparalelas.com.ar\/sitio\/wp-content\/uploads\/2025\/05\/CFP-SAN-JUAN-01-300x160.jpg 300w, https:\/\/vocesparalelas.com.ar\/sitio\/wp-content\/uploads\/2025\/05\/CFP-SAN-JUAN-01-768x410.jpg 768w\" sizes=\"auto, (max-width: 800px) 100vw, 800px\" \/><\/p>\n<p>&nbsp;<\/p>\n","protected":false},"excerpt":{"rendered":"<p>El gobernador de San Juan, Dr. Marcelo Orrego, el ministro de Producci\u00f3n, Trabajo e Innovaci\u00f3n del Gobierno de San Juan,<\/p>\n","protected":false},"author":3,"featured_media":86990,"comment_status":"closed","ping_status":"closed","sticky":false,"template":"","format":"standard","meta":{"_acf_changed":false,"_seopress_robots_primary_cat":"none","_seopress_titles_title":"","_seopress_titles_desc":"","_seopress_robots_index":"","colormag_page_container_layout":"default_layout","colormag_page_sidebar_layout":"default_layout","footnotes":""},"categories":[1,7],"tags":[],"class_list":["post-86987","post","type-post","status-publish","format-standard","has-post-thumbnail","hentry","category-destacadas","category-videos"],"acf":[],"_links":{"self":[{"href":"https:\/\/vocesparalelas.com.ar\/sitio\/wp-json\/wp\/v2\/posts\/86987","targetHints":{"allow":["GET"]}}],"collection":[{"href":"https:\/\/vocesparalelas.com.ar\/sitio\/wp-json\/wp\/v2\/posts"}],"about":[{"href":"https:\/\/vocesparalelas.com.ar\/sitio\/wp-json\/wp\/v2\/types\/post"}],"author":[{"embeddable":true,"href":"https:\/\/vocesparalelas.com.ar\/sitio\/wp-json\/wp\/v2\/users\/3"}],"replies":[{"embeddable":true,"href":"https:\/\/vocesparalelas.com.ar\/sitio\/wp-json\/wp\/v2\/comments?post=86987"}],"version-history":[{"count":3,"href":"https:\/\/vocesparalelas.com.ar\/sitio\/wp-json\/wp\/v2\/posts\/86987\/revisions"}],"predecessor-version":[{"id":87030,"href":"https:\/\/vocesparalelas.com.ar\/sitio\/wp-json\/wp\/v2\/posts\/86987\/revisions\/87030"}],"wp:featuredmedia":[{"embeddable":true,"href":"https:\/\/vocesparalelas.com.ar\/sitio\/wp-json\/wp\/v2\/media\/86990"}],"wp:attachment":[{"href":"https:\/\/vocesparalelas.com.ar\/sitio\/wp-json\/wp\/v2\/media?parent=86987"}],"wp:term":[{"taxonomy":"category","embeddable":true,"href":"https:\/\/vocesparalelas.com.ar\/sitio\/wp-json\/wp\/v2\/categories?post=86987"},{"taxonomy":"post_tag","embeddable":true,"href":"https:\/\/vocesparalelas.com.ar\/sitio\/wp-json\/wp\/v2\/tags?post=86987"}],"curies":[{"name":"wp","href":"https:\/\/api.w.org\/{rel}","templated":true}]}}