{"id":86977,"date":"2025-05-29T22:26:02","date_gmt":"2025-05-30T01:26:02","guid":{"rendered":"https:\/\/vocesparalelas.com.ar\/sitio\/?p=86977"},"modified":"2025-05-30T22:44:16","modified_gmt":"2025-05-31T01:44:16","slug":"convocatoria-beca-de-posgrado-kenkyuryugaku","status":"publish","type":"post","link":"https:\/\/vocesparalelas.com.ar\/sitio\/convocatoria-beca-de-posgrado-kenkyuryugaku\/","title":{"rendered":"Convocatoria Beca de Posgrado \u201cKenkyuryugaku\u201d"},"content":{"rendered":"<p>El Ministerio de Gobierno de San Juan inform\u00f3 la convocatoria a profesionales, a trav\u00e9s de la Secretar\u00eda de Relaciones Institucionales, de la beca de Posgrado \u201cKenkyuryugaku\u201d, realizada por el Ministerio de Educaci\u00f3n, Cultura, Deporte, Ciencia y Tecnolog\u00eda del Gobierno de Jap\u00f3n.<\/p>\n<p>La beca se enfoca en el desarrollo de un proyecto de investigaci\u00f3n con base en \u00e1reas dictadas en universidades japonesas, que tengan como meta completar una maestr\u00eda, doctorado o especializaci\u00f3n, en el plazo de un a\u00f1o y medio hasta dos. El per\u00edodo de estudio e investigaci\u00f3n incluye un curso de idioma japon\u00e9s de seis meses.<\/p>\n<p><strong><span style=\"color: #ff6600;\">Los requisitos para postular a la beca de Posgrado \u201cKenkyuryugaku\u201d<\/span><\/strong><\/p>\n<ul>\n<li>Nacionalidad argentina.<\/li>\n<li>Graduado universitario, Licenciatura o equivalente.<\/li>\n<li>L\u00edmite de edad de 34 a\u00f1os, nacidos hasta el 2 de abril de 1991.<\/li>\n<li>Presentar un proyecto de investigaci\u00f3n para desarrollar en una universidad japonesa.<\/li>\n<li>Nivel de japon\u00e9s b\u00e1sico o mayor, nivel de ingl\u00e9s intermedio-avanzado.<\/li>\n<li>Demostrar un promedio acad\u00e9mico de 7 sobre un total de 10, o mayor.<\/li>\n<\/ul>\n<p><strong><span style=\"color: #ff6600;\">\u00bfC\u00f3mo realizar la postulaci\u00f3n?<\/span><\/strong><\/p>\n<p>Descargar la gu\u00eda y formularios de postulaci\u00f3n en\u00a0esta web<\/p>\n<p><a href=\"https:\/\/www.studyinjapan.go.jp\/en\/smap-stopj-applications-research.html\">https:\/\/www.studyinjapan.go.jp\/en\/smap-stopj-applications-research.html<\/a><\/p>\n<p>Toda la documentaci\u00f3n original solicitada en el Application Guidelines for Research Students debe ser entregada en formato f\u00edsico hasta el viernes 13 de junio de 2025 inclusive, en una carpeta amarilla tama\u00f1o A4. (No ser\u00e1 necesario entregar las copias para la inscripci\u00f3n).<\/p>\n<p>Dicha documentaci\u00f3n deber\u00e1 ser entregada o enviada a: BECAS Centro Cultural e Informativo de la Embajada del Jap\u00f3n en la Rep\u00fablica Argentina Bouchard 547, piso 15\/17, (ABG1106C) CABA, Argentina Horarios: lunes a viernes de 9.00 a 12.30 y de 14.30 a 17.00 hs.<\/p>\n<p><strong><span style=\"color: #ff6600;\">Acerca del proceso de selecci\u00f3n de postulantes<\/span><\/strong><\/p>\n<p>Quienes aprueben la evaluaci\u00f3n de toda la documentaci\u00f3n solicitada pasar\u00e1n a la instancia de ex\u00e1menes escritos de idioma ingl\u00e9s y japon\u00e9s. Los mismos se tomar\u00e1n el martes 24 de junio de 2025, de manera presencial en el Centro Cultural e Informativo de la Embajada del Jap\u00f3n. Quienes superen la instancia de ex\u00e1menes escritos, ser\u00e1n convocados a la entrevista presencial el mismo martes 24 de junio por la tarde.<\/p>\n<p><strong><span style=\"color: #ff6600;\">Nota<\/span><\/strong><\/p>\n<p>Los ex\u00e1menes escritos y la entrevista son presenciales. Las fechas pueden sufrir modificaciones, incluso su cancelaci\u00f3n, si surgieran circunstancias inevitables.<\/p>\n<p><span style=\"color: #ff6600;\"><strong>Es posible ver ex\u00e1menes de a\u00f1os anteriores en la Web<\/strong><\/span><\/p>\n<p><a href=\"https:\/\/www.studyinjapan.go.jp\/en\/planning\/scholarships\/mext-scholarships\/examination.html#1\">https:\/\/www.studyinjapan.go.jp\/en\/planning\/scholarships\/mext-scholarships\/examination.html#1<\/a><\/p>\n<p><strong><span style=\"color: #ff6600;\">Ante cualquier duda o consulta, las v\u00edas de contacto de la Secretar\u00eda de Relaciones Institucionales<\/span><\/strong><\/p>\n<ul>\n<li><strong>Tel\u00e9fono<\/strong>: 4307251<\/li>\n<li><strong>Correo<\/strong>:\u00a0<span id=\"cloak73e2bf7e6d90fa4301fca08d666e1d20\"><a href=\"mailto:r.institucionales.sj@gmail.com\">r.institucionales.sj@gmail.com<\/a><\/span><\/li>\n<\/ul>\n<p><img loading=\"lazy\" decoding=\"async\" class=\"alignnone size-large wp-image-21535\" src=\"https:\/\/vocesparalelas.com.ar\/sitio\/wp-content\/uploads\/2019\/06\/JARDIN-JAPONES-10-800x534.jpg\" alt=\"\" width=\"800\" height=\"534\" srcset=\"https:\/\/vocesparalelas.com.ar\/sitio\/wp-content\/uploads\/2019\/06\/JARDIN-JAPONES-10-800x534.jpg 800w, https:\/\/vocesparalelas.com.ar\/sitio\/wp-content\/uploads\/2019\/06\/JARDIN-JAPONES-10-300x200.jpg 300w, https:\/\/vocesparalelas.com.ar\/sitio\/wp-content\/uploads\/2019\/06\/JARDIN-JAPONES-10-768x512.jpg 768w, https:\/\/vocesparalelas.com.ar\/sitio\/wp-content\/uploads\/2019\/06\/JARDIN-JAPONES-10.jpg 1000w\" sizes=\"auto, (max-width: 800px) 100vw, 800px\" \/><\/p>\n","protected":false},"excerpt":{"rendered":"<p>El Ministerio de Gobierno de San Juan inform\u00f3 la convocatoria a profesionales, a trav\u00e9s de la Secretar\u00eda de Relaciones Institucionales,<\/p>\n","protected":false},"author":3,"featured_media":15070,"comment_status":"closed","ping_status":"closed","sticky":false,"template":"","format":"standard","meta":{"_acf_changed":false,"_seopress_robots_primary_cat":"none","_seopress_titles_title":"","_seopress_titles_desc":"","_seopress_robots_index":"","colormag_page_container_layout":"default_layout","colormag_page_sidebar_layout":"default_layout","footnotes":""},"categories":[15],"tags":[],"class_list":["post-86977","post","type-post","status-publish","format-standard","has-post-thumbnail","hentry","category-posgrados"],"acf":[],"_links":{"self":[{"href":"https:\/\/vocesparalelas.com.ar\/sitio\/wp-json\/wp\/v2\/posts\/86977","targetHints":{"allow":["GET"]}}],"collection":[{"href":"https:\/\/vocesparalelas.com.ar\/sitio\/wp-json\/wp\/v2\/posts"}],"about":[{"href":"https:\/\/vocesparalelas.com.ar\/sitio\/wp-json\/wp\/v2\/types\/post"}],"author":[{"embeddable":true,"href":"https:\/\/vocesparalelas.com.ar\/sitio\/wp-json\/wp\/v2\/users\/3"}],"replies":[{"embeddable":true,"href":"https:\/\/vocesparalelas.com.ar\/sitio\/wp-json\/wp\/v2\/comments?post=86977"}],"version-history":[{"count":2,"href":"https:\/\/vocesparalelas.com.ar\/sitio\/wp-json\/wp\/v2\/posts\/86977\/revisions"}],"predecessor-version":[{"id":86981,"href":"https:\/\/vocesparalelas.com.ar\/sitio\/wp-json\/wp\/v2\/posts\/86977\/revisions\/86981"}],"wp:featuredmedia":[{"embeddable":true,"href":"https:\/\/vocesparalelas.com.ar\/sitio\/wp-json\/wp\/v2\/media\/15070"}],"wp:attachment":[{"href":"https:\/\/vocesparalelas.com.ar\/sitio\/wp-json\/wp\/v2\/media?parent=86977"}],"wp:term":[{"taxonomy":"category","embeddable":true,"href":"https:\/\/vocesparalelas.com.ar\/sitio\/wp-json\/wp\/v2\/categories?post=86977"},{"taxonomy":"post_tag","embeddable":true,"href":"https:\/\/vocesparalelas.com.ar\/sitio\/wp-json\/wp\/v2\/tags?post=86977"}],"curies":[{"name":"wp","href":"https:\/\/api.w.org\/{rel}","templated":true}]}}