{"id":86972,"date":"2025-05-29T21:25:05","date_gmt":"2025-05-30T00:25:05","guid":{"rendered":"https:\/\/vocesparalelas.com.ar\/sitio\/?p=86972"},"modified":"2025-05-30T21:49:52","modified_gmt":"2025-05-31T00:49:52","slug":"se-lanzo-el-programa-feria-de-educacion-ciencias-artes-y-tecnologia-2025-en-san-juan","status":"publish","type":"post","link":"https:\/\/vocesparalelas.com.ar\/sitio\/se-lanzo-el-programa-feria-de-educacion-ciencias-artes-y-tecnologia-2025-en-san-juan\/","title":{"rendered":"Se lanz\u00f3 el Programa Feria de Educaci\u00f3n, Ciencias, Artes y Tecnolog\u00eda 2025 en San Juan"},"content":{"rendered":"<p>El Ministerio de Educaci\u00f3n del Gobierno de San Juan lanz\u00f3 el Programa de la Feria de Educaci\u00f3n, Ciencias, Artes y Tecnolog\u00eda 2025, en un acto presidido por la ministra de Educaci\u00f3n, Lic. Silvia Fuentes, en el Centro de Convenciones.<\/p>\n<p>La actividad incluy\u00f3 una capacitaci\u00f3n docente con los lineamientos a seguir este a\u00f1o, la presentaci\u00f3n del nuevo equipo coordinador a nivel jurisdiccional y la exhibici\u00f3n del logo del Centro Educativo de Ciencia y Tecnolog\u00eda &#8211; CECyT .<\/p>\n<p>La Feria de Ciencias nuevamente tiene un enfoque STEAM, el cual implica combinar elementos de ciencia, tecnolog\u00eda, ingenier\u00eda, arte y matem\u00e1ticas, en lugar de enfocarse en una sola disciplina. As\u00ed, se busca inspirar a los estudiantes a explorar, innovar y resolver problemas del mundo real a trav\u00e9s de la integraci\u00f3n de estas \u00e1reas.<\/p>\n<p>A lo largo de 2025, hay diferentes etapas selectivas, que se inician con las Ferias Escolares y seguen con las Ferias Regionales. \u00c9stas a su vez son clasificatorias a la Feria Provincial de Ciencias, que determinan luego, la representaci\u00f3n a la Feria Nacional de Educaci\u00f3n, Artes, Ciencias y Tecnolog\u00eda.<\/p>\n<p>En este contexto, la ministra de Educaci\u00f3n, Lic. Silvia Fuentes puntualiz\u00f3 que \u00abbuscamos fomentar el pensamiento cr\u00edtico, la creatividad y la colaboraci\u00f3n de los chicos, proporcionando espacios en el que nuestros alumnos puedan desarrollar proyectos aplicando el m\u00e9todo cient\u00edfico, el dise\u00f1o tecnol\u00f3gico y tambi\u00e9n el arte. Esta feria promueve el aprendizaje basado en la experimentaci\u00f3n y el trabajo en equipo, preparando a los estudiantes para los desaf\u00edos actuales. Desde el Ministerio de Educaci\u00f3n creemos en una escuela activa, innovadora, que forme alumnos curiosos, comprometidos y protagonistas\u201d.<\/p>\n<p>La Feria de Educaci\u00f3n, Ciencias, Artes y Tecnolog\u00eda es impulsada por el Centro Educativo de Ciencia y Tecnolog\u00eda &#8211; CECyT -, dependiente de la Secretar\u00eda de Educaci\u00f3n, a cargo de Lic. Mariela Lueje; en articulaci\u00f3n con la Subsecretar\u00eda de Planeamiento Educativo, a cargo de la Lic. Liliana Noll\u00e9n; y la Direcci\u00f3n de Planes y Programas, a cargo de la Prof. Paola G\u00fcell.<\/p>\n<p>Este programa, en tanto, se desarrolla en sinton\u00eda con el Plan Provincial de Alfabetizaci\u00f3n \u201cComprendo y Aprendo\u201d y \u201cTransformar la Secundaria\u201d.<\/p>\n<p>Durante el acto de lanzamiento fue presentado adem\u00e1s el equipo jurisdiccional que conduce el programa a partir de 2025, bajo la coordinaci\u00f3n de la Prof. Andrea Narv\u00e1ez, lo integran los Profesores Sonia Ariza, Sonia Meritello, Marcela Ag\u00fcero, Noelia Talquenca y Cristian G\u00f3mez.<\/p>\n<p>Tambi\u00e9n se realiz\u00f3 la presentaci\u00f3n del logo que a partir de ahora identifica al Centro Educativo de Ciencia y Tecnolog\u00eda.<\/p>\n<p><strong><span style=\"color: #ff6600;\">Los n\u00fameros del 2024<\/span><\/strong><\/p>\n<p>El a\u00f1o pasado, el programa de Feria de Ciencias cont\u00f3 con una participaci\u00f3n inicial de m\u00e1s de 24.000 estudiantes de 600 escuelas. En rigor, la primera etapa, la de Feria Escolar de Ciencias, tuvo 24.043 estudiantes y 2.000 docentes orientadores evaluadores.<\/p>\n<p>De ellos, 6.479 alumnos y 812 docentes de 176 escuelas avanzaron a la fase de Feria Regional, que const\u00f3 de ocho ferias que agruparon los distintos departamentos de la provincia.<\/p>\n<p>Posteriormente, 2.506 estudiantes, provenientes de 85 escuelas y guiados por 323 docentes evaluadores, fueron seleccionados para participar en la fase provincial, que se desarroll\u00f3 en el estadio Aldo Cantoni con un total de 120 proyectos.<\/p>\n<p>Finalmente, tras otro riguroso proceso de evaluaci\u00f3n, fueron destacados 18 trabajos y otros 6 recibieron menci\u00f3n especial, accediendo a la Feria Nacional de Educaci\u00f3n, Artes, Ciencias y Tecnolog\u00eda representando a San Juan. En esta instancia, nueve escuelas sanjuaninas obtuvieron distinciones, menciones e invitaciones especiales por sus proyectos.<\/p>\n<p>&nbsp;<\/p>\n<p><img loading=\"lazy\" decoding=\"async\" class=\"alignnone size-full wp-image-28629\" src=\"https:\/\/vocesparalelas.com.ar\/sitio\/wp-content\/uploads\/2020\/05\/MINISTERIO-EDUCACION-SJ.jpg\" alt=\"\" width=\"800\" height=\"533\" srcset=\"https:\/\/vocesparalelas.com.ar\/sitio\/wp-content\/uploads\/2020\/05\/MINISTERIO-EDUCACION-SJ.jpg 800w, https:\/\/vocesparalelas.com.ar\/sitio\/wp-content\/uploads\/2020\/05\/MINISTERIO-EDUCACION-SJ-300x200.jpg 300w, https:\/\/vocesparalelas.com.ar\/sitio\/wp-content\/uploads\/2020\/05\/MINISTERIO-EDUCACION-SJ-768x512.jpg 768w\" sizes=\"auto, (max-width: 800px) 100vw, 800px\" \/><\/p>\n","protected":false},"excerpt":{"rendered":"<p>El Ministerio de Educaci\u00f3n del Gobierno de San Juan lanz\u00f3 el Programa de la Feria de Educaci\u00f3n, Ciencias, Artes y<\/p>\n","protected":false},"author":3,"featured_media":86975,"comment_status":"closed","ping_status":"closed","sticky":false,"template":"","format":"standard","meta":{"_acf_changed":false,"_seopress_robots_primary_cat":"none","_seopress_titles_title":"","_seopress_titles_desc":"","_seopress_robots_index":"","colormag_page_container_layout":"default_layout","colormag_page_sidebar_layout":"default_layout","footnotes":""},"categories":[2],"tags":[],"class_list":["post-86972","post","type-post","status-publish","format-standard","has-post-thumbnail","hentry","category-convocatorias"],"acf":[],"_links":{"self":[{"href":"https:\/\/vocesparalelas.com.ar\/sitio\/wp-json\/wp\/v2\/posts\/86972","targetHints":{"allow":["GET"]}}],"collection":[{"href":"https:\/\/vocesparalelas.com.ar\/sitio\/wp-json\/wp\/v2\/posts"}],"about":[{"href":"https:\/\/vocesparalelas.com.ar\/sitio\/wp-json\/wp\/v2\/types\/post"}],"author":[{"embeddable":true,"href":"https:\/\/vocesparalelas.com.ar\/sitio\/wp-json\/wp\/v2\/users\/3"}],"replies":[{"embeddable":true,"href":"https:\/\/vocesparalelas.com.ar\/sitio\/wp-json\/wp\/v2\/comments?post=86972"}],"version-history":[{"count":1,"href":"https:\/\/vocesparalelas.com.ar\/sitio\/wp-json\/wp\/v2\/posts\/86972\/revisions"}],"predecessor-version":[{"id":86976,"href":"https:\/\/vocesparalelas.com.ar\/sitio\/wp-json\/wp\/v2\/posts\/86972\/revisions\/86976"}],"wp:featuredmedia":[{"embeddable":true,"href":"https:\/\/vocesparalelas.com.ar\/sitio\/wp-json\/wp\/v2\/media\/86975"}],"wp:attachment":[{"href":"https:\/\/vocesparalelas.com.ar\/sitio\/wp-json\/wp\/v2\/media?parent=86972"}],"wp:term":[{"taxonomy":"category","embeddable":true,"href":"https:\/\/vocesparalelas.com.ar\/sitio\/wp-json\/wp\/v2\/categories?post=86972"},{"taxonomy":"post_tag","embeddable":true,"href":"https:\/\/vocesparalelas.com.ar\/sitio\/wp-json\/wp\/v2\/tags?post=86972"}],"curies":[{"name":"wp","href":"https:\/\/api.w.org\/{rel}","templated":true}]}}