{"id":86962,"date":"2025-05-29T21:00:00","date_gmt":"2025-05-30T00:00:00","guid":{"rendered":"https:\/\/vocesparalelas.com.ar\/sitio\/?p=86962"},"modified":"2025-05-30T21:27:15","modified_gmt":"2025-05-31T00:27:15","slug":"banco-san-juan-refuerza-su-compromiso-con-la-sustentabilidad-abasteciendo-su-casa-matriz-con-energia-100-solar","status":"publish","type":"post","link":"https:\/\/vocesparalelas.com.ar\/sitio\/banco-san-juan-refuerza-su-compromiso-con-la-sustentabilidad-abasteciendo-su-casa-matriz-con-energia-100-solar\/","title":{"rendered":"Banco San Juan refuerza su compromiso con la Sustentabilidad abasteciendo su Casa Matriz con Energ\u00eda 100% Solar"},"content":{"rendered":"<p>Banco San Juan dio un paso clave en su estrategia de sostenibilidad al firmar un contrato con Energ\u00eda Provincial Sociedad del Estado &#8211; EPSE &#8211; que ya le permite abastecer con energ\u00eda solar el 100% del consumo el\u00e9ctrico de su Casa Matriz.<\/p>\n<p>La totalidad del consumo el\u00e9ctrico de la casa central de Av. Jos\u00e9 Ignacio de la Roza Oeste 85 es cubierta mensualmente con fuentes limpias provenientes desde el Parque Solar<\/p>\n<p>Anchipurac, propiedad de EPSE, con una potencia instalada de 3 MW, y que asegura una provisi\u00f3n sostenida, eficiente y comprometida con el medio ambiente.<\/p>\n<p>La alianza refuerza la visi\u00f3n de largo plazo de la entidad financiera y su compromiso con una transici\u00f3n energ\u00e9tica justa, local y sostenible, ya que utilizar exclusivamente energ\u00eda solar en su sede central no solo reduce significativamente su huella de carbono, sino que tambi\u00e9n impulsa el desarrollo del sistema energ\u00e9tico de San Juan, generando valor ambiental, econ\u00f3mico y social en el territorio.<\/p>\n<p>El flamante convenio, que reafirma el compromiso del Banco San Juan con la sostenibilidad y la transformaci\u00f3n energ\u00e9tica de la provincia, se concret\u00f3 en el marco del Mercado a T\u00e9rmino de Energ\u00eda Renovable (MATER), regulado por la Resoluci\u00f3n MEyM 281-E\/2017, y ser\u00e1 replicado pr\u00f3ximamente en las dem\u00e1s provincias donde opera el Grupo Petersen (Santa Fe, Entre R\u00edos, Santa Cruz y CABA).<\/p>\n<p>\u201cEstamos orgullosos de concretar esta alianza estrat\u00e9gica con EPSE, que representa un paso significativo en la consolidaci\u00f3n de nuestras pol\u00edticas de sostenibilidad. Este acuerdo reafirma nuestro compromiso con las energ\u00edas limpias y con el futuro de San Juan\u201d, destac\u00f3 CPN Silvina Bellantig, Gerente General de Banco San Juan.<\/p>\n<p>Por su parte, el presidente de EPSE, Ing. Lucas Estrada, se\u00f1al\u00f3 que el acuerdo alcanzado \u201cno solo nos permite abastecer de energ\u00eda limpia y renovable al Banco m\u00e1s importante de San Juan y su agente financiero, sino que adem\u00e1s permite generar valor local, cerrando un ciclo econ\u00f3mico virtuoso entre dos aliados estrat\u00e9gicos\u201d.<\/p>\n<p><strong><span style=\"color: #ff6600;\">Sobre Banco San Juan<\/span><\/strong><\/p>\n<p>Banco San Juan S.A. forma parte del Grupo Petersen y cuenta con una s\u00f3lida presencia en la regi\u00f3n, ofreciendo productos y servicios financieros orientados a individuos, empresas y organismos p\u00fablicos. A trav\u00e9s de su compromiso con el desarrollo econ\u00f3mico y social de la regi\u00f3n, la entidad impulsa diversas iniciativas que promueven la sostenibilidad, la inclusi\u00f3n financiera y el crecimiento.<\/p>\n<p><strong><span style=\"color: #ff6600;\">Sobre EPSE<\/span><\/strong><\/p>\n<p>Con m\u00e1s de 20 a\u00f1os de trayectoria, Energ\u00eda Provincial Sociedad del Estado\u00a0 &#8211; EPSE &#8211; se posiciona como una empresa l\u00edder en el desarrollo de energ\u00edas renovables en San Juan. En t\u00e9rminos de Mecanismo de Desarrollo Limpio (MDL), fue la primera en certificar una central hidroel\u00e9ctrica en Sudam\u00e9rica, Los Caracoles, en 2010, cuyos bonos de carbono fueron vendidos en el mercado obligatorio. Adem\u00e1s, EPSE opera y mantiene centrales hidroel\u00e9ctricas, estaciones transformadoras de alta y media tensi\u00f3n, y parques de generaci\u00f3n fotovoltaica. Su experiencia incluye la licitaci\u00f3n, construcci\u00f3n e inspecci\u00f3n de obras de energ\u00eda solar tanto en la provincia como en otras regiones del pa\u00eds.<\/p>\n<p>&nbsp;<\/p>\n<p><img loading=\"lazy\" decoding=\"async\" class=\"alignnone size-full wp-image-58744\" src=\"https:\/\/vocesparalelas.com.ar\/sitio\/wp-content\/uploads\/2023\/05\/BSJ-LOGO.jpg\" alt=\"\" width=\"800\" height=\"533\" srcset=\"https:\/\/vocesparalelas.com.ar\/sitio\/wp-content\/uploads\/2023\/05\/BSJ-LOGO.jpg 800w, https:\/\/vocesparalelas.com.ar\/sitio\/wp-content\/uploads\/2023\/05\/BSJ-LOGO-300x200.jpg 300w, https:\/\/vocesparalelas.com.ar\/sitio\/wp-content\/uploads\/2023\/05\/BSJ-LOGO-768x512.jpg 768w\" sizes=\"auto, (max-width: 800px) 100vw, 800px\" \/><\/p>\n","protected":false},"excerpt":{"rendered":"<p>Banco San Juan dio un paso clave en su estrategia de sostenibilidad al firmar un contrato con Energ\u00eda Provincial Sociedad<\/p>\n","protected":false},"author":3,"featured_media":86965,"comment_status":"closed","ping_status":"closed","sticky":false,"template":"","format":"standard","meta":{"_acf_changed":false,"_seopress_robots_primary_cat":"none","_seopress_titles_title":"","_seopress_titles_desc":"","_seopress_robots_index":"","colormag_page_container_layout":"default_layout","colormag_page_sidebar_layout":"default_layout","footnotes":""},"categories":[11],"tags":[],"class_list":["post-86962","post","type-post","status-publish","format-standard","has-post-thumbnail","hentry","category-sociales"],"acf":[],"_links":{"self":[{"href":"https:\/\/vocesparalelas.com.ar\/sitio\/wp-json\/wp\/v2\/posts\/86962","targetHints":{"allow":["GET"]}}],"collection":[{"href":"https:\/\/vocesparalelas.com.ar\/sitio\/wp-json\/wp\/v2\/posts"}],"about":[{"href":"https:\/\/vocesparalelas.com.ar\/sitio\/wp-json\/wp\/v2\/types\/post"}],"author":[{"embeddable":true,"href":"https:\/\/vocesparalelas.com.ar\/sitio\/wp-json\/wp\/v2\/users\/3"}],"replies":[{"embeddable":true,"href":"https:\/\/vocesparalelas.com.ar\/sitio\/wp-json\/wp\/v2\/comments?post=86962"}],"version-history":[{"count":1,"href":"https:\/\/vocesparalelas.com.ar\/sitio\/wp-json\/wp\/v2\/posts\/86962\/revisions"}],"predecessor-version":[{"id":86966,"href":"https:\/\/vocesparalelas.com.ar\/sitio\/wp-json\/wp\/v2\/posts\/86962\/revisions\/86966"}],"wp:featuredmedia":[{"embeddable":true,"href":"https:\/\/vocesparalelas.com.ar\/sitio\/wp-json\/wp\/v2\/media\/86965"}],"wp:attachment":[{"href":"https:\/\/vocesparalelas.com.ar\/sitio\/wp-json\/wp\/v2\/media?parent=86962"}],"wp:term":[{"taxonomy":"category","embeddable":true,"href":"https:\/\/vocesparalelas.com.ar\/sitio\/wp-json\/wp\/v2\/categories?post=86962"},{"taxonomy":"post_tag","embeddable":true,"href":"https:\/\/vocesparalelas.com.ar\/sitio\/wp-json\/wp\/v2\/tags?post=86962"}],"curies":[{"name":"wp","href":"https:\/\/api.w.org\/{rel}","templated":true}]}}