{"id":86928,"date":"2025-05-27T23:15:59","date_gmt":"2025-05-28T02:15:59","guid":{"rendered":"https:\/\/vocesparalelas.com.ar\/sitio\/?p=86928"},"modified":"2025-05-31T12:11:46","modified_gmt":"2025-05-31T15:11:46","slug":"inauguracion-de-la-sede-icate-doble-dependencia-unsj-conicet-en-san-juan","status":"publish","type":"post","link":"https:\/\/vocesparalelas.com.ar\/sitio\/inauguracion-de-la-sede-icate-doble-dependencia-unsj-conicet-en-san-juan\/","title":{"rendered":"Inauguraci\u00f3n de la sede ICATE doble dependencia UNSJ \u2013 CONICET en San Juan"},"content":{"rendered":"<p>Luego de mucho tiempo situado en Espa\u00f1a y avenida de Circunvalaci\u00f3n, desde principios de 2025 el Instituto de Ciencias Astron\u00f3micas, de la Tierra y del Espacio &#8211; ICATE &#8211; doble dependencia UNSJ \u2013 CONICET est\u00e1 funcionando en el predio del Observatorio Astron\u00f3mico F\u00e9lix Aguilar &#8211; OAFA -, en Benavidez a la altura del 8.000 &#8211; O &#8211; Chimbas.<\/p>\n<p>La inauguraci\u00f3n formal de este nuevo espacio es el Jueves, 29 de Mayo, desde las 12.45h. Asiste al acto el rector de la UNSJ, Ing. Tadeo Berenguer, entre otras autoridades de la Universidad, y tambi\u00e9n llega el presidente actual del CONICET, Dr. Daniel Salamone.<\/p>\n<p><span style=\"color: #ff6600;\"><strong>Continuidad de las l\u00edneas de investigaci\u00f3n<\/strong><\/span><\/p>\n<p>El ICATE ahora sigue con sus l\u00edneas de investigaci\u00f3n. Su personal trabaja en astrof\u00edsica de estrellas, que incluye teor\u00edas, sistemas estelares y exoplanetas; tambi\u00e9n, el grupo de investigaci\u00f3n que aborda galaxias y estructuras a gran escala contin\u00faa con sus estudios. Y hay en las tareas una ligaz\u00f3n con inteligencia artificial. \u201cLo de inteligencia artificial es una l\u00ednea que hemos desarrollado un poco m\u00e1s en los \u00faltimos a\u00f1os, adquiriendo equipamiento a trav\u00e9s de proyecto de Unidad ejecutora y del Programa Federal Equipar Ciencia. Esta es una l\u00ednea un poco transversal a otros proyectos porque permite incorporar t\u00e9cnicas de an\u00e1lisis de grandes bases de datos en distintas investigaciones. Incluso, l\u00edneas que no sean de astronom\u00eda, porque se ha extendido a an\u00e1lisis de im\u00e1genes para prevenci\u00f3n de incendios u otras aplicaciones que no tienen que ver con astronom\u00eda\u201d, explic\u00f3 el director del ICATE, Dr. Federico Gonz\u00e1lez.<\/p>\n<p>Otro grupo de este Instituto que sigue con sus estudios es el de meteoritos. \u201cTrabajan con material en laboratorio y hoy est\u00e1n en el Instituto y Museo de Ciencias Naturales de la UNSJ\u201d, agreg\u00f3 el Dr. Gonz\u00e1lez.<\/p>\n<p>El ICATE integra en proyectos comunes y multidisciplinarios\u00a0en astrof\u00edsica, aeronom\u00eda, f\u00edsica solar, climatolog\u00eda espacial, cosmoqu\u00edmica e investigaciones creadas por la interacci\u00f3n de algunas de estas ramas del conocimiento.<\/p>\n<p>&nbsp;<\/p>\n<p><img loading=\"lazy\" decoding=\"async\" class=\"alignnone size-large wp-image-7801\" src=\"https:\/\/vocesparalelas.com.ar\/sitio\/wp-content\/uploads\/2017\/11\/CONICET-UNSJ-FI-LOGO-800x534.jpg\" alt=\"\" width=\"800\" height=\"534\" srcset=\"https:\/\/vocesparalelas.com.ar\/sitio\/wp-content\/uploads\/2017\/11\/CONICET-UNSJ-FI-LOGO-800x534.jpg 800w, https:\/\/vocesparalelas.com.ar\/sitio\/wp-content\/uploads\/2017\/11\/CONICET-UNSJ-FI-LOGO-300x200.jpg 300w, https:\/\/vocesparalelas.com.ar\/sitio\/wp-content\/uploads\/2017\/11\/CONICET-UNSJ-FI-LOGO-768x512.jpg 768w, https:\/\/vocesparalelas.com.ar\/sitio\/wp-content\/uploads\/2017\/11\/CONICET-UNSJ-FI-LOGO.jpg 1000w\" sizes=\"auto, (max-width: 800px) 100vw, 800px\" \/><\/p>\n","protected":false},"excerpt":{"rendered":"<p>Luego de mucho tiempo situado en Espa\u00f1a y avenida de Circunvalaci\u00f3n, desde principios de 2025 el Instituto de Ciencias Astron\u00f3micas,<\/p>\n","protected":false},"author":3,"featured_media":86931,"comment_status":"closed","ping_status":"closed","sticky":false,"template":"","format":"standard","meta":{"_acf_changed":false,"_seopress_robots_primary_cat":"none","_seopress_titles_title":"","_seopress_titles_desc":"","_seopress_robots_index":"","colormag_page_container_layout":"default_layout","colormag_page_sidebar_layout":"default_layout","footnotes":""},"categories":[1],"tags":[],"class_list":["post-86928","post","type-post","status-publish","format-standard","has-post-thumbnail","hentry","category-destacadas"],"acf":[],"_links":{"self":[{"href":"https:\/\/vocesparalelas.com.ar\/sitio\/wp-json\/wp\/v2\/posts\/86928","targetHints":{"allow":["GET"]}}],"collection":[{"href":"https:\/\/vocesparalelas.com.ar\/sitio\/wp-json\/wp\/v2\/posts"}],"about":[{"href":"https:\/\/vocesparalelas.com.ar\/sitio\/wp-json\/wp\/v2\/types\/post"}],"author":[{"embeddable":true,"href":"https:\/\/vocesparalelas.com.ar\/sitio\/wp-json\/wp\/v2\/users\/3"}],"replies":[{"embeddable":true,"href":"https:\/\/vocesparalelas.com.ar\/sitio\/wp-json\/wp\/v2\/comments?post=86928"}],"version-history":[{"count":2,"href":"https:\/\/vocesparalelas.com.ar\/sitio\/wp-json\/wp\/v2\/posts\/86928\/revisions"}],"predecessor-version":[{"id":87075,"href":"https:\/\/vocesparalelas.com.ar\/sitio\/wp-json\/wp\/v2\/posts\/86928\/revisions\/87075"}],"wp:featuredmedia":[{"embeddable":true,"href":"https:\/\/vocesparalelas.com.ar\/sitio\/wp-json\/wp\/v2\/media\/86931"}],"wp:attachment":[{"href":"https:\/\/vocesparalelas.com.ar\/sitio\/wp-json\/wp\/v2\/media?parent=86928"}],"wp:term":[{"taxonomy":"category","embeddable":true,"href":"https:\/\/vocesparalelas.com.ar\/sitio\/wp-json\/wp\/v2\/categories?post=86928"},{"taxonomy":"post_tag","embeddable":true,"href":"https:\/\/vocesparalelas.com.ar\/sitio\/wp-json\/wp\/v2\/tags?post=86928"}],"curies":[{"name":"wp","href":"https:\/\/api.w.org\/{rel}","templated":true}]}}