{"id":86916,"date":"2025-05-28T21:43:38","date_gmt":"2025-05-29T00:43:38","guid":{"rendered":"https:\/\/vocesparalelas.com.ar\/sitio\/?p=86916"},"modified":"2025-05-29T20:41:24","modified_gmt":"2025-05-29T23:41:24","slug":"obra-de-teatro-unipersonal-que-me-van-a-hablar-de-amor-en-el-espacio-teatral-tes-en-san-juan","status":"publish","type":"post","link":"https:\/\/vocesparalelas.com.ar\/sitio\/obra-de-teatro-unipersonal-que-me-van-a-hablar-de-amor-en-el-espacio-teatral-tes-en-san-juan\/","title":{"rendered":"Obra de Teatro Unipersonal \u00a1Qu\u00e9 me van a hablar de amor! en el Espacio Teatral TeS en San Juan"},"content":{"rendered":"<p>El Viernes, 30 de Mayo, a las 21:30 hs.; en el Espacio Teatral TeS, Juan B Justo 335 &#8211; S &#8211; Departamento Rivadavia, se presenta el unipersonal \u201c\u00a1Que me van a hablar de amor!\u201d escrito e interpretado por Carlota Ruffa, la puesta en escena y direcci\u00f3n del espect\u00e1culo esta a cargo de Ana Paula L\u00f3pez y Emiliano Voiro.<\/p>\n<p>Es apta para mayores de 13 a\u00f1os.<\/p>\n<p><strong><span style=\"color: #ff6600;\">Entradas<\/span><\/strong><\/p>\n<p>El valor de las entradas anticipadas es de $6000 y pueden adquirirse de forma online en el siguiente link:<\/p>\n<p><a href=\"https:\/\/www.entradaweb.com.ar\/evento\/584af44b\/step\/1\">https:\/\/www.entradaweb.com.ar\/evento\/584af44b\/step\/1<\/a><\/p>\n<p><strong><a href=\"https:\/\/www.eventbrite.com.ar\/e\/el-corazon-delator-tickets-154607955557\"><br \/>\n<\/a><\/strong>Este espect\u00e1culo cuenta con el apoyo del Instituto Nacional de Teatro.<\/p>\n<p><span style=\"color: #ff6600;\"><strong>\u00a1Que me van a hablar de amor!<\/strong><\/span><\/p>\n<p>Noche de verano sanjuanina. Ofelia tiene mucho que pensar. \u00bfOtra vez la misma historia?\u00a0\u00bfDe\u00a0amor?<\/p>\n<p><img loading=\"lazy\" decoding=\"async\" class=\"alignnone size-full wp-image-70815\" src=\"https:\/\/vocesparalelas.com.ar\/sitio\/wp-content\/uploads\/2024\/03\/TEATRO-TeS-01.jpg\" alt=\"\" width=\"800\" height=\"600\" srcset=\"https:\/\/vocesparalelas.com.ar\/sitio\/wp-content\/uploads\/2024\/03\/TEATRO-TeS-01.jpg 800w, https:\/\/vocesparalelas.com.ar\/sitio\/wp-content\/uploads\/2024\/03\/TEATRO-TeS-01-300x225.jpg 300w, https:\/\/vocesparalelas.com.ar\/sitio\/wp-content\/uploads\/2024\/03\/TEATRO-TeS-01-768x576.jpg 768w\" sizes=\"auto, (max-width: 800px) 100vw, 800px\" \/><\/p>\n","protected":false},"excerpt":{"rendered":"<p>El Viernes, 30 de Mayo, a las 21:30 hs.; en el Espacio Teatral TeS, Juan B Justo 335 &#8211; S<\/p>\n","protected":false},"author":3,"featured_media":86919,"comment_status":"closed","ping_status":"closed","sticky":false,"template":"","format":"standard","meta":{"_acf_changed":false,"_seopress_robots_primary_cat":"none","_seopress_titles_title":"","_seopress_titles_desc":"","_seopress_robots_index":"","colormag_page_container_layout":"default_layout","colormag_page_sidebar_layout":"default_layout","footnotes":""},"categories":[20],"tags":[],"class_list":["post-86916","post","type-post","status-publish","format-standard","has-post-thumbnail","hentry","category-cartelera"],"acf":[],"_links":{"self":[{"href":"https:\/\/vocesparalelas.com.ar\/sitio\/wp-json\/wp\/v2\/posts\/86916","targetHints":{"allow":["GET"]}}],"collection":[{"href":"https:\/\/vocesparalelas.com.ar\/sitio\/wp-json\/wp\/v2\/posts"}],"about":[{"href":"https:\/\/vocesparalelas.com.ar\/sitio\/wp-json\/wp\/v2\/types\/post"}],"author":[{"embeddable":true,"href":"https:\/\/vocesparalelas.com.ar\/sitio\/wp-json\/wp\/v2\/users\/3"}],"replies":[{"embeddable":true,"href":"https:\/\/vocesparalelas.com.ar\/sitio\/wp-json\/wp\/v2\/comments?post=86916"}],"version-history":[{"count":3,"href":"https:\/\/vocesparalelas.com.ar\/sitio\/wp-json\/wp\/v2\/posts\/86916\/revisions"}],"predecessor-version":[{"id":86922,"href":"https:\/\/vocesparalelas.com.ar\/sitio\/wp-json\/wp\/v2\/posts\/86916\/revisions\/86922"}],"wp:featuredmedia":[{"embeddable":true,"href":"https:\/\/vocesparalelas.com.ar\/sitio\/wp-json\/wp\/v2\/media\/86919"}],"wp:attachment":[{"href":"https:\/\/vocesparalelas.com.ar\/sitio\/wp-json\/wp\/v2\/media?parent=86916"}],"wp:term":[{"taxonomy":"category","embeddable":true,"href":"https:\/\/vocesparalelas.com.ar\/sitio\/wp-json\/wp\/v2\/categories?post=86916"},{"taxonomy":"post_tag","embeddable":true,"href":"https:\/\/vocesparalelas.com.ar\/sitio\/wp-json\/wp\/v2\/tags?post=86916"}],"curies":[{"name":"wp","href":"https:\/\/api.w.org\/{rel}","templated":true}]}}