{"id":86891,"date":"2025-05-27T20:53:21","date_gmt":"2025-05-27T23:53:21","guid":{"rendered":"https:\/\/vocesparalelas.com.ar\/sitio\/?p=86891"},"modified":"2025-05-28T21:21:11","modified_gmt":"2025-05-29T00:21:11","slug":"sinfonia-sevillana-opus-23-en-el-auditorio-ing-juan-victoria","status":"publish","type":"post","link":"https:\/\/vocesparalelas.com.ar\/sitio\/sinfonia-sevillana-opus-23-en-el-auditorio-ing-juan-victoria\/","title":{"rendered":"\u201cSinfon\u00eda Sevillana\u201d Opus 23 en el Auditorio Ing. Juan Victoria"},"content":{"rendered":"<p>La Orquesta Sinf\u00f3nica de la Facultad de Filosof\u00eda, Humanidades y Artes de la Universidad Nacional de San Juan, con entrada gratuita, el Viernes, 30 de Mayo. a las 21:30 hs., en el Auditorio Ing. Juan Victoria, junto al director invitado Javier Mas, quien ofrece un \u201csugerente di\u00e1logo entre dos figuras fundamentales del repertorio sinf\u00f3nico mediterr\u00e1neo, Gioachino Rossini y Joaqu\u00edn Turina\u201d.<\/p>\n<p>La obra elegida de Rossini, es la apertura de la \u00f3pera Guillermo Tell, \u00faltima composici\u00f3n de \u00e9l, m\u00e1s conocida contempor\u00e1neamente como la sinton\u00eda de El Llanero Solitario en radio, televisi\u00f3n y cine.<\/p>\n<p>Por el lado de Turina, se interpreta por primera vez en la provincia la Sinfon\u00eda Sevillana, Opus 23, que es considerada como uno de los hitos del nacionalismo musical espa\u00f1ol del siglo XX.<\/p>\n<p>Seg\u00fan el M\u00b0 Javier Mas la inclusi\u00f3n de estas composiciones \u201cno solo representan el cruce entre dos culturas, sino tambi\u00e9n una apuesta est\u00e9tica que enriquece el repertorio local y fortalece el compromiso de la Universidad con la difusi\u00f3n del patrimonio sinf\u00f3nico internacional\u201d.<\/p>\n<p><img loading=\"lazy\" decoding=\"async\" class=\"alignnone size-large wp-image-1668\" src=\"https:\/\/vocesparalelas.com.ar\/sitio\/wp-content\/uploads\/2017\/06\/AUDITORIO-800x532.jpg\" alt=\"\" width=\"800\" height=\"532\" srcset=\"https:\/\/vocesparalelas.com.ar\/sitio\/wp-content\/uploads\/2017\/06\/AUDITORIO.jpg 800w, https:\/\/vocesparalelas.com.ar\/sitio\/wp-content\/uploads\/2017\/06\/AUDITORIO-300x200.jpg 300w, https:\/\/vocesparalelas.com.ar\/sitio\/wp-content\/uploads\/2017\/06\/AUDITORIO-768x511.jpg 768w\" sizes=\"auto, (max-width: 800px) 100vw, 800px\" \/><\/p>\n","protected":false},"excerpt":{"rendered":"<p>La Orquesta Sinf\u00f3nica de la Facultad de Filosof\u00eda, Humanidades y Artes de la Universidad Nacional de San Juan, con entrada<\/p>\n","protected":false},"author":3,"featured_media":16065,"comment_status":"closed","ping_status":"closed","sticky":false,"template":"","format":"standard","meta":{"_acf_changed":false,"_seopress_robots_primary_cat":"none","_seopress_titles_title":"","_seopress_titles_desc":"","_seopress_robots_index":"","colormag_page_container_layout":"default_layout","colormag_page_sidebar_layout":"default_layout","footnotes":""},"categories":[20],"tags":[],"class_list":["post-86891","post","type-post","status-publish","format-standard","has-post-thumbnail","hentry","category-cartelera"],"acf":[],"_links":{"self":[{"href":"https:\/\/vocesparalelas.com.ar\/sitio\/wp-json\/wp\/v2\/posts\/86891","targetHints":{"allow":["GET"]}}],"collection":[{"href":"https:\/\/vocesparalelas.com.ar\/sitio\/wp-json\/wp\/v2\/posts"}],"about":[{"href":"https:\/\/vocesparalelas.com.ar\/sitio\/wp-json\/wp\/v2\/types\/post"}],"author":[{"embeddable":true,"href":"https:\/\/vocesparalelas.com.ar\/sitio\/wp-json\/wp\/v2\/users\/3"}],"replies":[{"embeddable":true,"href":"https:\/\/vocesparalelas.com.ar\/sitio\/wp-json\/wp\/v2\/comments?post=86891"}],"version-history":[{"count":1,"href":"https:\/\/vocesparalelas.com.ar\/sitio\/wp-json\/wp\/v2\/posts\/86891\/revisions"}],"predecessor-version":[{"id":86894,"href":"https:\/\/vocesparalelas.com.ar\/sitio\/wp-json\/wp\/v2\/posts\/86891\/revisions\/86894"}],"wp:featuredmedia":[{"embeddable":true,"href":"https:\/\/vocesparalelas.com.ar\/sitio\/wp-json\/wp\/v2\/media\/16065"}],"wp:attachment":[{"href":"https:\/\/vocesparalelas.com.ar\/sitio\/wp-json\/wp\/v2\/media?parent=86891"}],"wp:term":[{"taxonomy":"category","embeddable":true,"href":"https:\/\/vocesparalelas.com.ar\/sitio\/wp-json\/wp\/v2\/categories?post=86891"},{"taxonomy":"post_tag","embeddable":true,"href":"https:\/\/vocesparalelas.com.ar\/sitio\/wp-json\/wp\/v2\/tags?post=86891"}],"curies":[{"name":"wp","href":"https:\/\/api.w.org\/{rel}","templated":true}]}}