{"id":86849,"date":"2025-05-27T13:53:54","date_gmt":"2025-05-27T16:53:54","guid":{"rendered":"https:\/\/vocesparalelas.com.ar\/sitio\/?p=86849"},"modified":"2025-05-29T02:10:42","modified_gmt":"2025-05-29T05:10:42","slug":"inscripciones-al-registro-unico-de-cultos-y-ong-de-san-juan","status":"publish","type":"post","link":"https:\/\/vocesparalelas.com.ar\/sitio\/inscripciones-al-registro-unico-de-cultos-y-ong-de-san-juan\/","title":{"rendered":"Inscripciones al Registro \u00danico de Cultos y ONG de San Juan"},"content":{"rendered":"<p>La convocatoria busca consolidar el v\u00ednculo institucional con entidades locales y facilitar beneficios impositivos a quienes formalicen su inscripci\u00f3n en el RUCO.<\/p>\n<p>En una nueva acci\u00f3n orientada a fortalecer el entramado social de la provincia, el Ministerio de Gobierno de San Juan anunci\u00f3 la apertura de inscripciones al Registro \u00danico de Cultos y ONG (RUCO), una herramienta clave para el reconocimiento formal de organizaciones civiles y religiosas que desarrollan actividades en San Juan.<\/p>\n<p>La inscripci\u00f3n en el RUCO, creado mediante el\u00a0Decreto 0361-MG-2001, es condici\u00f3n necesaria para gestionar tr\u00e1mites oficiales y acceder a beneficios tributarios en organismos como Rentas y OSSE.<\/p>\n<p>La Direcci\u00f3n de Cultos y ONG, \u00e1rea responsable del proceso, invita especialmente a las instituciones que a\u00fan no han formalizado su situaci\u00f3n o que necesitan actualizar sus datos a cumplir con este requisito fundamental.<\/p>\n<p><span style=\"color: #ff6600;\"><strong>Documentaci\u00f3n requerida:<\/strong><\/span><\/p>\n<p>Para las organizaciones no gubernamentales, los documentos a presentar son:<\/p>\n<ul>\n<li>Certificado vigente de Personer\u00eda Jur\u00eddica.<\/li>\n<li>Fotocopia simple del Estatuto Social.<\/li>\n<li>Formulario N\u00b01 (disponible online).<\/li>\n<\/ul>\n<p><span style=\"color: #ff6600;\"><strong>Las organizaciones religiosas deber\u00e1n aportar:<\/strong><\/span><\/p>\n<ul>\n<li>Certificado original emitido por el Registro Nacional de Culto.<\/li>\n<li>Fotocopia simple del Estatuto.<\/li>\n<li>Formulario N\u00b02 (tambi\u00e9n disponible en l\u00ednea).<\/li>\n<\/ul>\n<p><span style=\"color: #ff6600;\"><strong>Consultas y atenci\u00f3n<\/strong><\/span><\/p>\n<p>Quienes deseen obtener mayor informaci\u00f3n o asesoramiento, pueden comunicarse con la Direcci\u00f3n de Cultos y ONG al 0264 4307200\/01\/02\/06, de lunes a viernes de 8 a 14 horas.<\/p>\n<p>Tambi\u00e9n, pueden dirigirse al Centro C\u00edvico Provincial 3\u00b0 Piso del N\u00facleo 8, o enviar sus consultas por correo electr\u00f3nico a\u00a0<span id=\"cloaked295e0c1ebdf108261499bb429b5eb3\"><a href=\"mailto:cultoyong@sanjuan.gov.ar\">cultoyong@sanjuan.gov.ar<\/a><\/span>.<\/p>\n<p>&nbsp;<\/p>\n<p><img loading=\"lazy\" decoding=\"async\" class=\"alignnone size-full wp-image-65642\" src=\"https:\/\/vocesparalelas.com.ar\/sitio\/wp-content\/uploads\/2023\/11\/GOBIERNO-SAN-JUAN.jpg\" alt=\"\" width=\"800\" height=\"600\" srcset=\"https:\/\/vocesparalelas.com.ar\/sitio\/wp-content\/uploads\/2023\/11\/GOBIERNO-SAN-JUAN.jpg 800w, https:\/\/vocesparalelas.com.ar\/sitio\/wp-content\/uploads\/2023\/11\/GOBIERNO-SAN-JUAN-300x225.jpg 300w, https:\/\/vocesparalelas.com.ar\/sitio\/wp-content\/uploads\/2023\/11\/GOBIERNO-SAN-JUAN-768x576.jpg 768w\" sizes=\"auto, (max-width: 800px) 100vw, 800px\" \/><\/p>\n","protected":false},"excerpt":{"rendered":"<p>La convocatoria busca consolidar el v\u00ednculo institucional con entidades locales y facilitar beneficios impositivos a quienes formalicen su inscripci\u00f3n en<\/p>\n","protected":false},"author":3,"featured_media":27682,"comment_status":"closed","ping_status":"closed","sticky":false,"template":"","format":"standard","meta":{"_acf_changed":false,"_seopress_robots_primary_cat":"none","_seopress_titles_title":"","_seopress_titles_desc":"","_seopress_robots_index":"","colormag_page_container_layout":"default_layout","colormag_page_sidebar_layout":"default_layout","footnotes":""},"categories":[2],"tags":[],"class_list":["post-86849","post","type-post","status-publish","format-standard","has-post-thumbnail","hentry","category-convocatorias"],"acf":[],"_links":{"self":[{"href":"https:\/\/vocesparalelas.com.ar\/sitio\/wp-json\/wp\/v2\/posts\/86849","targetHints":{"allow":["GET"]}}],"collection":[{"href":"https:\/\/vocesparalelas.com.ar\/sitio\/wp-json\/wp\/v2\/posts"}],"about":[{"href":"https:\/\/vocesparalelas.com.ar\/sitio\/wp-json\/wp\/v2\/types\/post"}],"author":[{"embeddable":true,"href":"https:\/\/vocesparalelas.com.ar\/sitio\/wp-json\/wp\/v2\/users\/3"}],"replies":[{"embeddable":true,"href":"https:\/\/vocesparalelas.com.ar\/sitio\/wp-json\/wp\/v2\/comments?post=86849"}],"version-history":[{"count":1,"href":"https:\/\/vocesparalelas.com.ar\/sitio\/wp-json\/wp\/v2\/posts\/86849\/revisions"}],"predecessor-version":[{"id":86852,"href":"https:\/\/vocesparalelas.com.ar\/sitio\/wp-json\/wp\/v2\/posts\/86849\/revisions\/86852"}],"wp:featuredmedia":[{"embeddable":true,"href":"https:\/\/vocesparalelas.com.ar\/sitio\/wp-json\/wp\/v2\/media\/27682"}],"wp:attachment":[{"href":"https:\/\/vocesparalelas.com.ar\/sitio\/wp-json\/wp\/v2\/media?parent=86849"}],"wp:term":[{"taxonomy":"category","embeddable":true,"href":"https:\/\/vocesparalelas.com.ar\/sitio\/wp-json\/wp\/v2\/categories?post=86849"},{"taxonomy":"post_tag","embeddable":true,"href":"https:\/\/vocesparalelas.com.ar\/sitio\/wp-json\/wp\/v2\/tags?post=86849"}],"curies":[{"name":"wp","href":"https:\/\/api.w.org\/{rel}","templated":true}]}}