{"id":86776,"date":"2025-05-25T16:37:12","date_gmt":"2025-05-25T19:37:12","guid":{"rendered":"https:\/\/vocesparalelas.com.ar\/sitio\/?p=86776"},"modified":"2025-05-25T21:37:31","modified_gmt":"2025-05-26T00:37:31","slug":"los-actos-en-conmemoracion-de-los-215-anos-de-la-revolucion-de-mayo-en-san-juan","status":"publish","type":"post","link":"https:\/\/vocesparalelas.com.ar\/sitio\/los-actos-en-conmemoracion-de-los-215-anos-de-la-revolucion-de-mayo-en-san-juan\/","title":{"rendered":"Los actos en conmemoraci\u00f3n de los\u00a0215 a\u00f1os de la Revoluci\u00f3n de Mayo en San Juan"},"content":{"rendered":"<p>El gobernador de San Juan, Dr. Marcelo Orrego, acompa\u00f1ado por el vicegobernador Dr. Fabi\u00e1n Mart\u00edn, presidieron el Domingo, 25 de Mayo, el inicio de las actividades oficiales por un nuevo aniversario de la Revoluci\u00f3n de Mayo.<\/p>\n<p>La jornada comenz\u00f3 con el izamiento del Pabell\u00f3n Nacional y luego la tradicional revista y saludo de tropas en la puerta de la Catedral, donde se hicieron presentes autoridades provinciales, legisladores, representantes de las Fuerzas Armadas y de Seguridad, y p\u00fablico en general.<\/p>\n<p>Este acto marc\u00f3 el inicio del cronograma oficial por el 25 de Mayo, fecha clave en la historia argentina que conmemora el nacimiento del primer gobierno patrio en 1810.<\/p>\n<p><img loading=\"lazy\" decoding=\"async\" class=\"alignnone size-full wp-image-86780\" src=\"https:\/\/vocesparalelas.com.ar\/sitio\/wp-content\/uploads\/2025\/05\/TEDEUM-MAYO-04.jpg\" alt=\"\" width=\"800\" height=\"533\" srcset=\"https:\/\/vocesparalelas.com.ar\/sitio\/wp-content\/uploads\/2025\/05\/TEDEUM-MAYO-04.jpg 800w, https:\/\/vocesparalelas.com.ar\/sitio\/wp-content\/uploads\/2025\/05\/TEDEUM-MAYO-04-300x200.jpg 300w, https:\/\/vocesparalelas.com.ar\/sitio\/wp-content\/uploads\/2025\/05\/TEDEUM-MAYO-04-768x512.jpg 768w\" sizes=\"auto, (max-width: 800px) 100vw, 800px\" \/><\/p>\n<p>&nbsp;<\/p>\n<p>&nbsp;<\/p>\n","protected":false},"excerpt":{"rendered":"<p>El gobernador de San Juan, Dr. Marcelo Orrego, acompa\u00f1ado por el vicegobernador Dr. Fabi\u00e1n Mart\u00edn, presidieron el Domingo, 25 de<\/p>\n","protected":false},"author":3,"featured_media":86779,"comment_status":"closed","ping_status":"closed","sticky":false,"template":"","format":"standard","meta":{"_acf_changed":false,"_seopress_robots_primary_cat":"none","_seopress_titles_title":"","_seopress_titles_desc":"","_seopress_robots_index":"","colormag_page_container_layout":"default_layout","colormag_page_sidebar_layout":"default_layout","footnotes":""},"categories":[1],"tags":[],"class_list":["post-86776","post","type-post","status-publish","format-standard","has-post-thumbnail","hentry","category-destacadas"],"acf":[],"_links":{"self":[{"href":"https:\/\/vocesparalelas.com.ar\/sitio\/wp-json\/wp\/v2\/posts\/86776","targetHints":{"allow":["GET"]}}],"collection":[{"href":"https:\/\/vocesparalelas.com.ar\/sitio\/wp-json\/wp\/v2\/posts"}],"about":[{"href":"https:\/\/vocesparalelas.com.ar\/sitio\/wp-json\/wp\/v2\/types\/post"}],"author":[{"embeddable":true,"href":"https:\/\/vocesparalelas.com.ar\/sitio\/wp-json\/wp\/v2\/users\/3"}],"replies":[{"embeddable":true,"href":"https:\/\/vocesparalelas.com.ar\/sitio\/wp-json\/wp\/v2\/comments?post=86776"}],"version-history":[{"count":1,"href":"https:\/\/vocesparalelas.com.ar\/sitio\/wp-json\/wp\/v2\/posts\/86776\/revisions"}],"predecessor-version":[{"id":86781,"href":"https:\/\/vocesparalelas.com.ar\/sitio\/wp-json\/wp\/v2\/posts\/86776\/revisions\/86781"}],"wp:featuredmedia":[{"embeddable":true,"href":"https:\/\/vocesparalelas.com.ar\/sitio\/wp-json\/wp\/v2\/media\/86779"}],"wp:attachment":[{"href":"https:\/\/vocesparalelas.com.ar\/sitio\/wp-json\/wp\/v2\/media?parent=86776"}],"wp:term":[{"taxonomy":"category","embeddable":true,"href":"https:\/\/vocesparalelas.com.ar\/sitio\/wp-json\/wp\/v2\/categories?post=86776"},{"taxonomy":"post_tag","embeddable":true,"href":"https:\/\/vocesparalelas.com.ar\/sitio\/wp-json\/wp\/v2\/tags?post=86776"}],"curies":[{"name":"wp","href":"https:\/\/api.w.org\/{rel}","templated":true}]}}