{"id":86757,"date":"2025-05-24T21:14:32","date_gmt":"2025-05-25T00:14:32","guid":{"rendered":"https:\/\/vocesparalelas.com.ar\/sitio\/?p=86757"},"modified":"2025-05-26T23:43:06","modified_gmt":"2025-05-27T02:43:06","slug":"a-buen-entendedor-pocas-palabras","status":"publish","type":"post","link":"https:\/\/vocesparalelas.com.ar\/sitio\/a-buen-entendedor-pocas-palabras\/","title":{"rendered":"\u201cA buen entendedor, pocas palabras\u201d"},"content":{"rendered":"<p>Por el Arzobispo de San Juan de Cuyo, Monse\u00f1or Jorge Eduardo Lozano<\/p>\n<p>Paz. Justicia. Verdad.<\/p>\n<p>Son las tres palabras que pide el Papa Le\u00f3n XIV a la dirigencia pol\u00edtica mundial. El viernes 16 de mayo se reuni\u00f3 con el Cuerpo Diplom\u00e1tico acreditado ante la Santa Sede, y les dirigi\u00f3 un discurso sin ambig\u00fcedades. Y qu\u00e9 bien nos viene este mensaje al celebrar este 25 de Mayo nuestra Fiesta Patria.<\/p>\n<p>El Santo Padre comenz\u00f3 especificando que la Santa Sede se plantea \u201cuna urgencia pastoral que la impulsa no a buscar privilegios sino a intensificar su misi\u00f3n evang\u00e9lica al servicio de la humanidad. \u00c9sta combate la indiferencia y apela continuamente a las conciencias, como ha hecho incansablemente mi venerado Predecesor, siempre atento al clamor de los pobres, los necesitados y los marginados, como tambi\u00e9n a los desaf\u00edos que caracterizan nuestro tiempo, desde la protecci\u00f3n de la creaci\u00f3n hasta la inteligencia artificial\u201d.<\/p>\n<p>El jueves 8 de mayo, en su primer mensaje como sucesor de San Pedro, dese\u00f3 la Paz a todo el mundo. La Paz que nos trae la Pascua de Cristo Resucitado. No es meramente la ausencia de conflictos. Lo especifica al Cuerpo Diplom\u00e1tico con esta primera palabra, la <em>Paz<\/em>: \u201cEsto exige tambi\u00e9n una sincera voluntad de di\u00e1logo, animada por el deseo de encontrarse m\u00e1s que de confrontarse\u201d. Cu\u00e1nto tenemos que crecer en la Argentina para alcanzar la amistad social y promover la cultura del encuentro. Vemos con dolor que se ha vuelto moneda corriente la ofensa, la descalificaci\u00f3n, la calumnia. Lejos de \u201cestar todos en la misma barca\u201d se impulsa el \u201cs\u00e1lvese quien pueda\u201d que nos empuja al \u201ctodos contra todos\u201d. Es necesario \u201cdesarmar las palabras\u201d, insist\u00eda el nuevo Papa a los periodistas.<\/p>\n<p>Retomando el encuentro con el Cuerpo Diplom\u00e1tico,\u00a0\u201cla segunda palabra es\u00a0<em>justicia<\/em>. Procurar la paz exige practicar la justicia. Es necesario, adem\u00e1s, esforzarse por remediar las desigualdades globales, que trazan surcos profundos de opulencia e indigencia entre continentes, pa\u00edses e, incluso, dentro de las mismas sociedades\u201d. El despilfarro de riquezas y lujos suntuosos es un insulto humillante para quienes carecen de agua, alimentos, educaci\u00f3n, salud\u2026; lo m\u00e1s elemental para ser respetada la dignidad humana.<\/p>\n<p>Y entonces, \u201cla tercera palabra es\u00a0<em>verdad<\/em>. No se pueden construir relaciones verdaderamente pac\u00edficas, incluso dentro de la comunidad internacional, sin verdad.\u00a0(\u2026) Por otra parte, en la perspectiva cristiana, la verdad no es la afirmaci\u00f3n de principios abstractos y desencarnados, sino el encuentro con la persona misma de Cristo, que vive en la comunidad de los creyentes\u201d. Es necesario llamar a las cosas por su nombre, aunque duela. Sin edulcorar el drama y la tragedia de tantos pueblos y naciones. De este modo, la verdad \u201cnos permite afrontar con mayor vigor los desaf\u00edos de nuestro tiempo, como las migraciones, el uso \u00e9tico de la inteligencia artificial y la protecci\u00f3n de nuestra amada tierra. Son desaf\u00edos que requieren el compromiso y la colaboraci\u00f3n de todos, porque nadie puede pensar en afrontarlos solo\u201d.<\/p>\n<p>Los hombres y mujeres que fueron protagonistas de la Revoluci\u00f3n de Mayo de 1810 dejaron la comodidad de sus casas para acudir a la convocatoria del Cabildo abierto con la consigna \u201cel Pueblo quiere saber de qu\u00e9 se trata\u201d. La decisi\u00f3n institucional fue madurando en la conciencia generada por la participaci\u00f3n ciudadana.<\/p>\n<p>Tambi\u00e9n hoy es necesario pasar de ser simplemente habitantes que ocupamos un lugar, a considerarnos ciudadanos comprometidos con el bien com\u00fan de la sociedad.<\/p>\n<p>Es necesario poner la mirada en los que van cayendo en el camino. Sostener a los d\u00e9biles hace que seamos fuertes en el amor. Una Naci\u00f3n grande es la que sabe cuidar a los peque\u00f1os.<\/p>\n<p>Pido a Dios nos ayude a construir una Patria de hermanos.<\/p>\n<p><iframe loading=\"lazy\" title=\"SAN JUAN MONSE\u00d1OR JORGE LOZANO\" width=\"800\" height=\"600\" src=\"https:\/\/www.youtube.com\/embed\/t4lesteOwdQ?feature=oembed\" frameborder=\"0\" allow=\"accelerometer; autoplay; clipboard-write; encrypted-media; gyroscope; picture-in-picture; web-share\" referrerpolicy=\"strict-origin-when-cross-origin\" allowfullscreen><\/iframe><\/p>\n<p>&nbsp;<\/p>\n<p><img loading=\"lazy\" decoding=\"async\" class=\"alignnone size-full wp-image-61416\" src=\"https:\/\/vocesparalelas.com.ar\/sitio\/wp-content\/uploads\/2023\/07\/ARZOBISPADO-EDIFICIO.jpg\" alt=\"\" width=\"800\" height=\"600\" srcset=\"https:\/\/vocesparalelas.com.ar\/sitio\/wp-content\/uploads\/2023\/07\/ARZOBISPADO-EDIFICIO.jpg 800w, https:\/\/vocesparalelas.com.ar\/sitio\/wp-content\/uploads\/2023\/07\/ARZOBISPADO-EDIFICIO-300x225.jpg 300w, https:\/\/vocesparalelas.com.ar\/sitio\/wp-content\/uploads\/2023\/07\/ARZOBISPADO-EDIFICIO-768x576.jpg 768w\" sizes=\"auto, (max-width: 800px) 100vw, 800px\" \/><\/p>\n","protected":false},"excerpt":{"rendered":"<p>Por el Arzobispo de San Juan de Cuyo, Monse\u00f1or Jorge Eduardo Lozano Paz. Justicia. Verdad. Son las tres palabras que<\/p>\n","protected":false},"author":3,"featured_media":81112,"comment_status":"closed","ping_status":"closed","sticky":false,"template":"","format":"standard","meta":{"_acf_changed":false,"_seopress_robots_primary_cat":"none","_seopress_titles_title":"","_seopress_titles_desc":"","_seopress_robots_index":"","colormag_page_container_layout":"default_layout","colormag_page_sidebar_layout":"default_layout","footnotes":""},"categories":[10,7],"tags":[],"class_list":["post-86757","post","type-post","status-publish","format-standard","has-post-thumbnail","hentry","category-opiniones","category-videos"],"acf":[],"_links":{"self":[{"href":"https:\/\/vocesparalelas.com.ar\/sitio\/wp-json\/wp\/v2\/posts\/86757","targetHints":{"allow":["GET"]}}],"collection":[{"href":"https:\/\/vocesparalelas.com.ar\/sitio\/wp-json\/wp\/v2\/posts"}],"about":[{"href":"https:\/\/vocesparalelas.com.ar\/sitio\/wp-json\/wp\/v2\/types\/post"}],"author":[{"embeddable":true,"href":"https:\/\/vocesparalelas.com.ar\/sitio\/wp-json\/wp\/v2\/users\/3"}],"replies":[{"embeddable":true,"href":"https:\/\/vocesparalelas.com.ar\/sitio\/wp-json\/wp\/v2\/comments?post=86757"}],"version-history":[{"count":1,"href":"https:\/\/vocesparalelas.com.ar\/sitio\/wp-json\/wp\/v2\/posts\/86757\/revisions"}],"predecessor-version":[{"id":86760,"href":"https:\/\/vocesparalelas.com.ar\/sitio\/wp-json\/wp\/v2\/posts\/86757\/revisions\/86760"}],"wp:featuredmedia":[{"embeddable":true,"href":"https:\/\/vocesparalelas.com.ar\/sitio\/wp-json\/wp\/v2\/media\/81112"}],"wp:attachment":[{"href":"https:\/\/vocesparalelas.com.ar\/sitio\/wp-json\/wp\/v2\/media?parent=86757"}],"wp:term":[{"taxonomy":"category","embeddable":true,"href":"https:\/\/vocesparalelas.com.ar\/sitio\/wp-json\/wp\/v2\/categories?post=86757"},{"taxonomy":"post_tag","embeddable":true,"href":"https:\/\/vocesparalelas.com.ar\/sitio\/wp-json\/wp\/v2\/tags?post=86757"}],"curies":[{"name":"wp","href":"https:\/\/api.w.org\/{rel}","templated":true}]}}