{"id":86668,"date":"2025-05-22T20:38:56","date_gmt":"2025-05-22T23:38:56","guid":{"rendered":"https:\/\/vocesparalelas.com.ar\/sitio\/?p=86668"},"modified":"2025-05-22T20:38:56","modified_gmt":"2025-05-22T23:38:56","slug":"aprobo-el-convenio-de-educacion-digital-por-la-camara-de-diputados-de-san-juan","status":"publish","type":"post","link":"https:\/\/vocesparalelas.com.ar\/sitio\/aprobo-el-convenio-de-educacion-digital-por-la-camara-de-diputados-de-san-juan\/","title":{"rendered":"Aprob\u00f3 el Convenio de Educaci\u00f3n Digital por la C\u00e1mara de Diputados de San Juan"},"content":{"rendered":"<p>La C\u00e1mara de Diputados de San Juan ratific\u00f3 un convenio de colaboraci\u00f3n celebrado entre el Ministerio de Familia y Desarrollo Humano y la Fundaci\u00f3n Telef\u00f3nica Argentina que tiene por objeto planificar, desarrollar y ejecutar acciones en forma conjunta y\/o coordinada en materia de educaci\u00f3n digital.<\/p>\n<p>Asimismo, el cuerpo legislativo aprob\u00f3 otros convenios:<\/p>\n<ul>\n<li>Uno firmado entre el Gobierno de la provincia y la Municipalidad de San Juan para la elaboraci\u00f3n de un Plan Estrat\u00e9gico de Desarrollo Local.<\/li>\n<li>Un segundo acuerdo firmado entre el Ministerio de Infraestructura, Agua y Energ\u00eda; la Secretar\u00eda de Recursos H\u00eddricos y Energ\u00edas Renovables y el Foro de Abogados de San Juan con el objeto de brindarse asistencia mutua para actividades acad\u00e9micas, cient\u00edficas y capacitaciones de proyecci\u00f3n social y comunitaria.<\/li>\n<li>Un tercer convenio firmado entre el Ministerio de Turismo, Cultura y Deporte de la provincia y la Comisi\u00f3n Municipal de Folklore de Cosqu\u00edn con el objeto de posibilitar la puesta en escena de artistas locales en el Festival de Cosqu\u00edn 2025.<\/li>\n<li>Un cuarto convenio celebrado entre el Ministerio de Familia y Desarrollo Humano y el Ministerio de Capital Humano para establecer un marco de relaci\u00f3n interinstitucional de colaboraci\u00f3n, capacitaci\u00f3n e intercambio de informaci\u00f3n.<\/li>\n<li>Un quinto, refrendado entre el Ministerio de Familia y Desarrollo Humano, y la Asociaci\u00f3n Civil Sociedad Amigos del Hospital de Ni\u00f1os de San Juan para planificar, desarrollar y ejecutar acciones en forma conjunta y\/o coordinada para acompa\u00f1ar a los chicos que realizan tratamientos ambulatorios y a las madres que asisten a esos chicos en el Hospital Rawson y en el Hospital Marcial Quiroga.<\/li>\n<li>Y, por \u00faltimo, un convenio firmado entre el Ministerio de Salud de San Juan y la Facultad de Medicina de la Universidad de Buenos Aires para brindarse asistencia mutua en el desarrollo de actividades de investigaci\u00f3n, acad\u00e9micas, de difusi\u00f3n de la cultura y extensi\u00f3n de servicios.<\/li>\n<\/ul>\n<p>Por otro lado, el cuerpo legislativo modific\u00f3 el art\u00edculo 44 de la Ley N\u00ba 2730-I, Ley Impositiva, y aprob\u00f3 la Adenda IV celebrada entre el Ministerio de Transporte de la Naci\u00f3n y la provincia de San Juan.<\/p>\n<p>Asimismo, declar\u00f3 de inter\u00e9s las siguientes actividades: el Encuentro XVII Jornadas Argentina de Tratamiento de Minerales (JATRAMI); el Simposio Internacional sobre la calidad de la energ\u00eda el\u00e9ctrica XII SICEL 2025; el II Reuni\u00f3n de Junta de Gobierno de la Federaci\u00f3n Argentina de Colegio de Abogados; el II Reuni\u00f3n Plenaria Anual de la Comisi\u00f3n Nacional de la Abogac\u00eda Joven FACA. (Interbloque Cambia San Juan); el 124\u00ba aniversario de la Fundaci\u00f3n de Club Atl\u00e9tico Huaco; las actividades a realizarse en el marco del D\u00eda del Bombero Voluntario; el 4\u00ba Congreso Nacional de Seguridad Vial; el 54\u00ba Aniversario de la Uni\u00f3n Vecinal 17 de junio del Barrio G\u00fcemes; el XVII Encuentro Nacional de la Red de Alzheimer y Demencias de Argentina y la II Jornada de Oto\u00f1o: Ciencia, Comunidad y Bienestar.<\/p>\n<p>Adem\u00e1s, la Legislatura declar\u00f3 Hu\u00e9sped de Honor al reconocido tenor internacional Jos\u00e9 Carraras; y expres\u00f3 su benepl\u00e1cito por la asunci\u00f3n del Papa Le\u00f3n XIV.<\/p>\n<p><span style=\"color: #800080;\"><strong>Convenio con la Fundaci\u00f3n Telef\u00f3nica Argentina<\/strong><\/span><\/p>\n<p>Tras los fundamentos brindados por la diputada Alejandra Leonardo, la Legislatura aprob\u00f3 el\u00a0Convenio de Colaboraci\u00f3n celebrado entre el Ministerio de Familia y Desarrollo Humano y la Fundaci\u00f3n Telef\u00f3nica Argentina.<\/p>\n<p>El objeto consiste en establecer una relaci\u00f3n de colaboraci\u00f3n entre las partes con el fin de realizar sus mejores esfuerzos para planificar, desarrollar y ejecutar acciones en forma conjunta y\/o coordinada en materia de educaci\u00f3n digital, mediante la realizaci\u00f3n de diversas actividades, incluyendo (aunque sin limitarse a giras educativas), talleres, exposiciones, conferencias, charlas, conversatorios, capacitaciones presenciales y virtuales, propuestas de empleabilidad en formato presencial y\/o virtual, as\u00ed como la puesta a, disposici\u00f3n de cursos, formaciones y contenido l\u00fadico-educativo en formato audiovisual, acciones de voluntariado, cooperativo y toda actividad educativa que se considere pertinente, dirigidas a aquellas personas que las partes expresamente determinen en cada propuesta conforme lo establecido.<\/p>\n<p><iframe loading=\"lazy\" title=\"Diputadas Alejandra Leonardo y Mar\u00eda Rita Lascano\" width=\"800\" height=\"450\" src=\"https:\/\/www.youtube.com\/embed\/nTm1n0tsCUs?feature=oembed\" frameborder=\"0\" allow=\"accelerometer; autoplay; clipboard-write; encrypted-media; gyroscope; picture-in-picture; web-share\" referrerpolicy=\"strict-origin-when-cross-origin\" allowfullscreen><\/iframe><\/p>\n<p><span style=\"color: #800080;\"><strong>Adenda con el Ministerio de Transporte de la Naci\u00f3n<\/strong><\/span><\/p>\n<p>Luego, la Legislatura aprob\u00f3 la\u00a0Adenda IV celebrada entre el Ministerio de Transporte de la Naci\u00f3n y la provincia de San Juan.Cabe se\u00f1alar que este asunto fue fundamentado por la diputada Mar\u00eda Lascano. Habl\u00f3 tambi\u00e9n la legisladora Marisa L\u00f3pez manifestando su acompa\u00f1amiento al proyecto.<\/p>\n<p>El objeto consiste en continuar otorgando asistencia financiera para los servicios de Transporte P\u00fablico Automotor Urbano, a trav\u00e9s del denominado Fondo Compensador.<\/p>\n<p><span style=\"color: #800080;\"><strong>Convenio con la Municipalidad de San Juan<\/strong><\/span><\/p>\n<p>Luego, los legisladores ratificaron el\u00a0Convenio Marco de Colaboraci\u00f3n entre el Gobierno de la provincia de San Juan y la Municipalidad de San Juan, en el marco de la planificaci\u00f3n estrat\u00e9gica provincial. La presentaci\u00f3n de los argumentos de este punto del Orden del D\u00eda fueron expuestos por la diputada M\u00f3nica Gonz\u00e1lez.<\/p>\n<p>La finalidad de este acuerdo consiste en que la Provincia y el Municipio elaboren un \u00abPlan Estrat\u00e9gico de Desarrollo Local\u00bb, debiendo ser planificado y confeccionado en armon\u00eda con el Plan Estrat\u00e9gico Provincial, el cual estar\u00e1 a cargo del Consejo para la Planificaci\u00f3n Estrat\u00e9gica de San Juan (CoPESJ), por su especificidad y experiencia en materia de planificaci\u00f3n estrat\u00e9gica, seg\u00fan prev\u00e9 la Cl\u00e1usula Segunda del mencionado convenio.<\/p>\n<p><span style=\"color: #800080;\"><strong>Convenio con el Foro de Abogados<\/strong><\/span><\/p>\n<p>Por otro lado, el diputado Carlos Jaime Quiroga explic\u00f3 los fundamentos como miembro informante del\u00a0Convenio Marco de Mutua Asistencia T\u00e9cnica, celebrado entre el Ministerio de Infraestructura, Agua y Energ\u00eda, la Secretar\u00eda de Recursos H\u00eddricos y Energ\u00edas Renovables y el Foro de Abogados de San Juan.<\/p>\n<p>Este asunto result\u00f3 aprobado por el cuerpo legislativo y tiene por objeto que las partes se brinden asistencia t\u00e9cnica con la finalidad de satisfacer necesidades de orden acad\u00e9mico, cient\u00edfico, de asesoramiento t\u00e9cnico, y capacitaci\u00f3n de proyecci\u00f3n social y comunitaria, \u00fatiles para el funcionamiento de las diversas \u00e1reas de la Secretaria y que constituyen \u00e1reas de las disciplinas objeto de estudio del Foro.<\/p>\n<p><span style=\"color: #800080;\"><strong>Convenio con la Comisi\u00f3n Municipal de Folklore de Cosqu\u00edn<\/strong><\/span><\/p>\n<p>Tambi\u00e9n, la Legislatura ratific\u00f3 el\u00a0Convenio Delegaci\u00f3n Provincial suscripto entre el Ministerio de Turismo, Cultura y Deporte de la Provincia y la Comisi\u00f3n Municipal de Folklore de Cosqu\u00edn. Este punto del orden del d\u00eda tuvo despacho favorable de las comisiones de Legislaci\u00f3n y Asuntos Constitucionales, y Educaci\u00f3n, Ciencia, T\u00e9cnica y Cultura.<\/p>\n<p>El objeto consiste en realizar una puesta en escena de artistas aut\u00f3ctonos de dieciocho (18) minutos en el 65\u00b0 Festival Nacional de Folklore de Cosqu\u00edn 2025. En esta oportunidad habl\u00f3 como miembro informante la diputada Rosana Luque.<\/p>\n<p><span style=\"color: #800080;\"><strong>Convenio con el Ministerio de Capital Humano<\/strong><\/span><\/p>\n<p>Despu\u00e9s, la C\u00e1mara de Diputados aprob\u00f3 el\u00a0Convenio de Colaboraci\u00f3n y Asistencia T\u00e9cnica celebrado entre el Ministerio de Familia y Desarrollo Humano y el Ministerio de Capital Humano.<\/p>\n<p>La diputada Marcela Quiroga fue la encargada de brindar los fundamentos de este proyecto de Ley que tiene por objeto establecer un marco de relaci\u00f3n interinstitucional de colaboraci\u00f3n, capacitaci\u00f3n e intercambio de informaci\u00f3n como as\u00ed tambi\u00e9n de asistencia t\u00e9cnica entre las partes, generando canales comunicacionales para la ejecuci\u00f3n de acciones que promuevan y garanticen la coordinaci\u00f3n de las pol\u00edticas sociales nacionales y\/o provinciales a fin de mejorar la gesti\u00f3n de gobierno.<\/p>\n<p><span style=\"color: #800080;\"><strong>Convenio con la Sociedad Amigos del Hospital de Ni\u00f1os (Casa SAHNI)<\/strong><\/span><\/p>\n<p>Tras la explicaci\u00f3n brindada por el diputado Gustavo N\u00fa\u00f1ez como miembro informante, la Legislatura ratific\u00f3 el\u00a0Convenio Marco de Colaboraci\u00f3n celebrado entre el Ministerio de Familia y del Desarrollo Humano y la Asociaci\u00f3n Civil Sociedad Amigos del Hospital de Ni\u00f1os de San Juan (SAHNI).<\/p>\n<p>El objeto de este acuerdo consiste en establecer una relaci\u00f3n de colaboraci\u00f3n entre las partes, con el fin de realizar sus mejores esfuerzos para planificar, desarrollar y ejecutar acciones en forma conjunta y\/o coordinada para acompa\u00f1ar a los chicos que realizan tratamientos ambulatorios y a las madres que asisten a esos chicos en el Hospital Rawson y en el Hospital Marcial Quiroga.<\/p>\n<p><span style=\"color: #800080;\"><strong>Modificaci\u00f3n de la Ley Impositiva<\/strong><\/span><\/p>\n<p>M\u00e1s tarde, el cuerpo parlamentario modific\u00f3el art\u00edculo 44, apartado 1, de la Ley\u00a0Tributaria Anual 2025 (LP-2730-I) por haberse advertido un error material el cual merece ser abordado de forma inmediata por la Legislatura.<\/p>\n<p>Del an\u00e1lisis de la ley de marras se advierte un error, donde se repite el monto del a\u00f1o 2024, vista esta situaci\u00f3n, donde la actual ley reza:\u00a0\u00ab&#8230;Excepto las concesiones de uso hidroenerg\u00e9tico y los valores que contempla para Permisos Temporarios por extracciones mensuales de agua en todo el \u00e1mbito de la Provincia, $460,00 (son Pesos Cuatrocientos Sesenta con 00\/100) por cada metro c\u00fabico (m3) de agua a extraer.\u00bb.<\/p>\n<p>Tras haber realizado las consultas correspondientes con el Ministerio de Hacienda, analizadas las variables y los par\u00e1metros de precios y costos, corresponde que la ley diga\u00a0\u00ab&#8230;Excepto las concesiones de uso hidroenerg\u00e9tico y los valores que contempla para Permisos Temporarios por extracciones mensuales de agua en todo el \u00e1mbito de la Provincia, $1460,00 (son Pesos Mil Cuatrocientos Sesenta con 00\/100) por cada metro c\u00fabico (m3) de agua a extraer.\u00bb<\/p>\n<p>Este punto del Orden del D\u00eda fue fundamentado por el diputado Juan de la Cruz C\u00f3rdoba. Tambi\u00e9n hizo sus aportes la diputada Marisa L\u00f3pez.<\/p>\n<p><span style=\"color: #800080;\"><strong>Convenio con la Facultad de Medicina de la Universidad de Buenos Aires<\/strong><\/span><\/p>\n<p>La Legislatura ratific\u00f3 el\u00a0Convenio Marco de Asistencia T\u00e9cnica y\/o Capacitaci\u00f3n, suscripto entre el Ministerio de Salud de la provincia de San Juan y la Facultad de Medicina de la Universidad de Buenos Aires.\u00a0En esta oportunidad, habl\u00f3 la diputada Alejandra Leonardo como miembro informante.<\/p>\n<p>El objeto de este acuerdo consiste en la prestaci\u00f3n, en particular, de una mutua cooperaci\u00f3n entre las instituciones para la realizaci\u00f3n de actividades de investigaci\u00f3n, acad\u00e9micas, docentes, de difusi\u00f3n de la cultura y extensi\u00f3n de servicios, por parte de la Facultad al Ministerio de Salud en aquellos temas relacionados con las incumbencias de las carreras dictadas en la Facultad.<\/p>\n<p><span style=\"color: #800080;\"><strong>Resoluciones<\/strong><\/span><\/p>\n<p><strong>\u00a0<\/strong>Por otro lado, la Legislatura declar\u00f3 de inter\u00e9s:<\/p>\n<ul>\n<li><span style=\"color: #800080;\"><strong>E<\/strong><\/span><strong><span style=\"color: #800080;\">ducativo y social, el encuentro &#8216;XVII Jornadas Argentinas de Tratamiento de Minerales (XVII JATRAMI)\u00bb<\/span>,<\/strong>\u00a0que se llevar\u00e1 a cabo el d\u00eda los d\u00edas 22, 23 y 24 de octubre de 2025 en la Facultad de Ingenier\u00eda de la Universidad Nacional de San Juan. (Interbloque Cambia San Juan)<\/li>\n<li><span style=\"color: #800080;\"><strong>Acad\u00e9mico y social, las actividades que se llevar\u00e1n a cabo en el Simposio Internacional sobre la Calidad de la Energ\u00eda El\u00e9ctrica XII SICEL 2025\u00a0<\/strong><\/span>a desarrollarse los d\u00edas 21 al 24 de octubre de 2025, en el Instituto de Energ\u00eda El\u00e9ctrica UNSJ-CONICET, en la Provincia de San Juan. La II Reuni\u00f3n de Junta de Gobierno de la Federaci\u00f3n Argentina de Colegio de Abogados. (Diputado Omar Ortiz)<\/li>\n<li><strong><span style=\"color: #800080;\">Social, educativo y acad\u00e9mico, a la \u00abII Reuni\u00f3n de Junta de Gobierno de la Federaci\u00f3n Argentina Colegios Abogados<\/span> (FACA)\u00bb<\/strong>, a desarrollarse el 13 de junio en la Ciudad de San Juan. (Interbloque Cambia San Juan)<\/li>\n<li><strong><span style=\"color: #800080;\">Social, educativo y acad\u00e9mico, a la \u00abII Reuni\u00f3n Plenaria Anual de La Comisi\u00f3n Nacional de la Abogac\u00eda Joven FACA (Federaci\u00f3n Argentina de Colegios de Abogados)\u00bb<\/span>,<\/strong>\u00a0a desarrollarse el 14 de junio en la Ciudad de San Juan. (Interbloque Cambia San Juan)<\/li>\n<li><span style=\"color: #800080;\"><strong>Cultural, social y deportivo, el 124\u00b0 aniversario de la fundaci\u00f3n del Club Atl\u00e9tico Huaco<\/strong>,<\/span> el 25 de mayo en J\u00e1chal. (Interbloque Cambia San Juan)<\/li>\n<li><span style=\"color: #800080;\"><strong>Social y cultural, las actividades a realizarse en la provincia de San Juan, en el marco del d\u00eda del Bombero Voluntario<\/strong>\u00a0<\/span>el que se conmemora el 2 de junio del a\u00f1o 2025. (Bloque San Juan Te Quiero)<\/li>\n<li><span style=\"color: #800080;\"><strong>Social y educativo, al \u00ab4\u00b0 Congreso Nacional de Seguridad Vial\u00bb<\/strong>\u00a0<\/span>a desarrollarse los d\u00edas 4, 5 y 6 de junio de 2025 en la Provincia de San Juan. (Interbloque Cambia San Juan)<\/li>\n<li><span style=\"color: #800080;\"><strong>Social, cultural y comunitaria las actividades a realizarse en el marco del N\u00b054 Aniversario de la Uni\u00f3n Vecinal\u00a0<\/strong><\/span>\u00ab17 de junio\u00bb del Barrio G\u00fcemes, a realizarse en los meses de mayo y junio del corriente a\u00f1o. (Bloque Justicialista)<\/li>\n<li><span style=\"color: #800080;\"><strong>Social, educativo y cient\u00edfico, el XVII Encuentro Nacional de la Red de Alzheimer y Demencias de Argentina (RADA) y la II Jornada de Oto\u00f1o: Ciencia, Comunidad y Bienestar<\/strong>,<\/span> que se desarrollar\u00e1n en la Ciudad de San Juan los d\u00edas 5, 6 y 7 de junio de 2025 en el Centro de Convenciones. (Interbloque Cambia San Juan)<\/li>\n<\/ul>\n<p>Adem\u00e1s, el cuerpo Legislativo declar\u00f3 Hu\u00e9sped de Honor de la provincia de San Juan al reconocido tenor internacional Jos\u00e9 Carraras; y expres\u00f3 su benepl\u00e1cito por la asunci\u00f3n de su santidad el Papa Le\u00f3n XIV.<\/p>\n<p><span style=\"color: #800080;\"><strong>Proyecto de Comunicaci\u00f3n<\/strong><\/span><\/p>\n<p>Para finalizar y con tratamiento sobre tablas, el cuerpo Legislativo rechaz\u00f3 la aprobaci\u00f3n del proyecto de Comunicaci\u00f3n presentado por el bloque Justicialista (Expediente 1154) sobre los procesos de auditor\u00edas llevados a cabo sobre las pensiones no contributivas por invalidez laboral.<\/p>\n<p>Cabe destacar que, en una primera instancia, la votaci\u00f3n result\u00f3 empatada, por lo que fue necesario someterla a una segunda votaci\u00f3n, que tambi\u00e9n finaliz\u00f3 en empate. Ante esta situaci\u00f3n, el vicepresidente primero, diputado Enzo Cornejo debi\u00f3 desempatar, definiendo el resultado final con 17 votos negativos y 16 positivos.<\/p>\n<p>&nbsp;<\/p>\n<figure id=\"attachment_37951\" aria-describedby=\"caption-attachment-37951\" style=\"width: 800px\" class=\"wp-caption alignnone\"><img loading=\"lazy\" decoding=\"async\" class=\"size-full wp-image-37951\" src=\"https:\/\/vocesparalelas.com.ar\/sitio\/wp-content\/uploads\/2021\/05\/CAMARA-EDIFICIO.jpg\" alt=\"\" width=\"800\" height=\"515\" srcset=\"https:\/\/vocesparalelas.com.ar\/sitio\/wp-content\/uploads\/2021\/05\/CAMARA-EDIFICIO.jpg 800w, https:\/\/vocesparalelas.com.ar\/sitio\/wp-content\/uploads\/2021\/05\/CAMARA-EDIFICIO-300x193.jpg 300w, https:\/\/vocesparalelas.com.ar\/sitio\/wp-content\/uploads\/2021\/05\/CAMARA-EDIFICIO-768x494.jpg 768w\" sizes=\"auto, (max-width: 800px) 100vw, 800px\" \/><figcaption id=\"caption-attachment-37951\" class=\"wp-caption-text\">Legislatura Provincial de San Juan, Rep\u00fablica Argentina<\/figcaption><\/figure>\n","protected":false},"excerpt":{"rendered":"<p>La C\u00e1mara de Diputados de San Juan ratific\u00f3 un convenio de colaboraci\u00f3n celebrado entre el Ministerio de Familia y Desarrollo<\/p>\n","protected":false},"author":3,"featured_media":86671,"comment_status":"closed","ping_status":"closed","sticky":false,"template":"","format":"standard","meta":{"_acf_changed":false,"_seopress_robots_primary_cat":"none","_seopress_titles_title":"","_seopress_titles_desc":"","_seopress_robots_index":"","colormag_page_container_layout":"default_layout","colormag_page_sidebar_layout":"default_layout","footnotes":""},"categories":[1,7],"tags":[],"class_list":["post-86668","post","type-post","status-publish","format-standard","has-post-thumbnail","hentry","category-destacadas","category-videos"],"acf":[],"_links":{"self":[{"href":"https:\/\/vocesparalelas.com.ar\/sitio\/wp-json\/wp\/v2\/posts\/86668","targetHints":{"allow":["GET"]}}],"collection":[{"href":"https:\/\/vocesparalelas.com.ar\/sitio\/wp-json\/wp\/v2\/posts"}],"about":[{"href":"https:\/\/vocesparalelas.com.ar\/sitio\/wp-json\/wp\/v2\/types\/post"}],"author":[{"embeddable":true,"href":"https:\/\/vocesparalelas.com.ar\/sitio\/wp-json\/wp\/v2\/users\/3"}],"replies":[{"embeddable":true,"href":"https:\/\/vocesparalelas.com.ar\/sitio\/wp-json\/wp\/v2\/comments?post=86668"}],"version-history":[{"count":1,"href":"https:\/\/vocesparalelas.com.ar\/sitio\/wp-json\/wp\/v2\/posts\/86668\/revisions"}],"predecessor-version":[{"id":86672,"href":"https:\/\/vocesparalelas.com.ar\/sitio\/wp-json\/wp\/v2\/posts\/86668\/revisions\/86672"}],"wp:featuredmedia":[{"embeddable":true,"href":"https:\/\/vocesparalelas.com.ar\/sitio\/wp-json\/wp\/v2\/media\/86671"}],"wp:attachment":[{"href":"https:\/\/vocesparalelas.com.ar\/sitio\/wp-json\/wp\/v2\/media?parent=86668"}],"wp:term":[{"taxonomy":"category","embeddable":true,"href":"https:\/\/vocesparalelas.com.ar\/sitio\/wp-json\/wp\/v2\/categories?post=86668"},{"taxonomy":"post_tag","embeddable":true,"href":"https:\/\/vocesparalelas.com.ar\/sitio\/wp-json\/wp\/v2\/tags?post=86668"}],"curies":[{"name":"wp","href":"https:\/\/api.w.org\/{rel}","templated":true}]}}