{"id":86660,"date":"2025-05-22T19:31:50","date_gmt":"2025-05-22T22:31:50","guid":{"rendered":"https:\/\/vocesparalelas.com.ar\/sitio\/?p=86660"},"modified":"2025-05-24T01:02:11","modified_gmt":"2025-05-24T04:02:11","slug":"se-convoca-al-ofrecimiento-de-cargos-a-docentes-de-primaria-de-san-juan","status":"publish","type":"post","link":"https:\/\/vocesparalelas.com.ar\/sitio\/se-convoca-al-ofrecimiento-de-cargos-a-docentes-de-primaria-de-san-juan\/","title":{"rendered":"Se convoca al ofrecimiento de cargos a docentes de Primaria de San Juan"},"content":{"rendered":"<p>La Junta de Clasificaci\u00f3n Docente Rama Primaria del Ministerio de Educaci\u00f3n del Gobierno de San Juan informa de acuerdo con la resoluci\u00f3n N\u00ba 7657-ME-2025 se convoca al ofrecimiento de cargos por art\u00edculo 29 de la Ley 64-H.<\/p>\n<p>El acto de ofrecimiento de cargos se desarrolla el 29 de Mayo de 2025, a las 9,30 hs.; en la sede de ese organismo, Tucum\u00e1n 75 &#8211; N -, Capital<\/p>\n<p><span style=\"color: #ff6600;\"><strong>Los docentes deben concurrir con la siguiente documentaci\u00f3n<\/strong><\/span><\/p>\n<ul>\n<li>DNI y fotocopia de DNI.<\/li>\n<li>Declaraci\u00f3n Jurada de Cargos emitida por el SIGE.<\/li>\n<li>Certificado de antecedentes emitido por la Polic\u00eda de San Juan, actualizado y original, con su Planilla Prontuarial.<\/li>\n<\/ul>\n<p>Para la entrega del Certificado Definitivo, debe presentar Certificado de Aptitud Psicof\u00edsica original (cartilla sanitaria), especificando estar apto para ejercer la docencia.<\/p>\n<p>Asimismo, la exhibici\u00f3n de la lista de cargos vacantes est\u00e1 disponible en<\/p>\n<p><a href=\"https:\/\/educacion.sanjuan.gob.ar\/?uid=frame-https:\/\/archivoseducacion.sanjuan.gob.ar\/educacion\/consultas.html?c=juntas\">https:\/\/educacion.sanjuan.gob.ar\/?uid=frame-https:\/\/archivoseducacion.sanjuan.gob.ar\/educacion\/consultas.html?c=juntas<\/a><\/p>\n<p>de la Web del Ministerio de Educaci\u00f3n del Gobierno de San Juan.<\/p>\n<p><img loading=\"lazy\" decoding=\"async\" class=\"alignnone size-full wp-image-28629\" src=\"https:\/\/vocesparalelas.com.ar\/sitio\/wp-content\/uploads\/2020\/05\/MINISTERIO-EDUCACION-SJ.jpg\" alt=\"\" width=\"800\" height=\"533\" srcset=\"https:\/\/vocesparalelas.com.ar\/sitio\/wp-content\/uploads\/2020\/05\/MINISTERIO-EDUCACION-SJ.jpg 800w, https:\/\/vocesparalelas.com.ar\/sitio\/wp-content\/uploads\/2020\/05\/MINISTERIO-EDUCACION-SJ-300x200.jpg 300w, https:\/\/vocesparalelas.com.ar\/sitio\/wp-content\/uploads\/2020\/05\/MINISTERIO-EDUCACION-SJ-768x512.jpg 768w\" sizes=\"auto, (max-width: 800px) 100vw, 800px\" \/><\/p>\n","protected":false},"excerpt":{"rendered":"<p>La Junta de Clasificaci\u00f3n Docente Rama Primaria del Ministerio de Educaci\u00f3n del Gobierno de San Juan informa de acuerdo con<\/p>\n","protected":false},"author":3,"featured_media":5000,"comment_status":"closed","ping_status":"closed","sticky":false,"template":"","format":"standard","meta":{"_acf_changed":false,"_seopress_robots_primary_cat":"none","_seopress_titles_title":"","_seopress_titles_desc":"","_seopress_robots_index":"","colormag_page_container_layout":"default_layout","colormag_page_sidebar_layout":"default_layout","footnotes":""},"categories":[5],"tags":[],"class_list":["post-86660","post","type-post","status-publish","format-standard","has-post-thumbnail","hentry","category-ofrecimientos"],"acf":[],"_links":{"self":[{"href":"https:\/\/vocesparalelas.com.ar\/sitio\/wp-json\/wp\/v2\/posts\/86660","targetHints":{"allow":["GET"]}}],"collection":[{"href":"https:\/\/vocesparalelas.com.ar\/sitio\/wp-json\/wp\/v2\/posts"}],"about":[{"href":"https:\/\/vocesparalelas.com.ar\/sitio\/wp-json\/wp\/v2\/types\/post"}],"author":[{"embeddable":true,"href":"https:\/\/vocesparalelas.com.ar\/sitio\/wp-json\/wp\/v2\/users\/3"}],"replies":[{"embeddable":true,"href":"https:\/\/vocesparalelas.com.ar\/sitio\/wp-json\/wp\/v2\/comments?post=86660"}],"version-history":[{"count":1,"href":"https:\/\/vocesparalelas.com.ar\/sitio\/wp-json\/wp\/v2\/posts\/86660\/revisions"}],"predecessor-version":[{"id":86663,"href":"https:\/\/vocesparalelas.com.ar\/sitio\/wp-json\/wp\/v2\/posts\/86660\/revisions\/86663"}],"wp:featuredmedia":[{"embeddable":true,"href":"https:\/\/vocesparalelas.com.ar\/sitio\/wp-json\/wp\/v2\/media\/5000"}],"wp:attachment":[{"href":"https:\/\/vocesparalelas.com.ar\/sitio\/wp-json\/wp\/v2\/media?parent=86660"}],"wp:term":[{"taxonomy":"category","embeddable":true,"href":"https:\/\/vocesparalelas.com.ar\/sitio\/wp-json\/wp\/v2\/categories?post=86660"},{"taxonomy":"post_tag","embeddable":true,"href":"https:\/\/vocesparalelas.com.ar\/sitio\/wp-json\/wp\/v2\/tags?post=86660"}],"curies":[{"name":"wp","href":"https:\/\/api.w.org\/{rel}","templated":true}]}}