{"id":86632,"date":"2025-05-21T21:47:53","date_gmt":"2025-05-22T00:47:53","guid":{"rendered":"https:\/\/vocesparalelas.com.ar\/sitio\/?p=86632"},"modified":"2025-05-22T00:03:28","modified_gmt":"2025-05-22T03:03:28","slug":"encuentro-poetico-nacional-de-cuyo-cultura-en-san-juan","status":"publish","type":"post","link":"https:\/\/vocesparalelas.com.ar\/sitio\/encuentro-poetico-nacional-de-cuyo-cultura-en-san-juan\/","title":{"rendered":"Encuentro Po\u00e9tico Nacional de Cuyo-Cultura en San Juan"},"content":{"rendered":"<p>Del\u00a022 al 24 de Mayo de 2025, San Juan es sede de la poes\u00eda argentina con la realizaci\u00f3n del Encuentro Po\u00e9tico Nacional de Cuyo-Cultura, uno de los primeros encuentros regionales de poes\u00eda de esta magnitud en la provincia.<\/p>\n<p>El evento, que cuenta con la participaci\u00f3n de m\u00e1s de 20 poetas provenientes de distintos puntos del pa\u00eds, con el apoyo del Ministerio de Turismo, Cultura y Deporte del Gobierno de San Juan, a trav\u00e9s de la Direcci\u00f3n de Bibliotecas Populares y Actividades Literarias, la Secretaria de Cultura y Educaci\u00f3n de la Capital, el Museo Franklin Rawson y la galer\u00eda de arte Artify.<\/p>\n<p>La iniciativa es impulsada por la agrupaci\u00f3n \u201cLos Versos al Taller\u201d, coordinada por los escritores sanjuaninos Paolo Mu\u00f1oz y Tom\u00e1s Las Pe\u00f1as, y busca fomentar el intercambio cultural y literario entre poetas de Cuyo y otras regiones del pa\u00eds.<\/p>\n<p>Las actividades inician el Jueves 22 de Mayo, a las 15 hs, con un Conversatorio Po\u00e9tico. Actividad con enfoque en problem\u00e1ticas literarias regionales e intercambio entre poetas de Cuyo y otras provincias. Es destinado exclusivamente a poetas y el encuentro ser\u00e1 en la Direcci\u00f3n de Bibliotecas Populares y Actividades Literarias. El cronograma contin\u00faa a las 20 hs., en la Galer\u00eda Artify, con una charla de la poeta Vanesa Almada Noguer\u00f3n, destinada a todo p\u00fablico y con entrada libre y gratuita.<\/p>\n<p>El Viernes, 23 de Mayo, a las 9:45 hs, en la Facultad de Arquitectura, Urbanismo y Dise\u00f1o de la UNSJ, se realiza el conversatorio, \u201cPoes\u00eda Contempor\u00e1nera\u201d, destinado a alumnos de la Facultad. En tanto, el mismo d\u00eda a las 19, en el\u00a0Auditorio Museo Franklin Rawson se realiza el recital po\u00e9tico \u201cTodos Escuchamos\u201d\u00a0donde participar\u00e1n todos los poetas invitados y escritores locales. Apto para todo p\u00fablico. Entrada libre y gratuita.<\/p>\n<p>Finalmente, el encuentro finaliza el S\u00e1bado, 24 de Mayo, desde las 15 hs., con una feria literaria en el Anfiteatro \u201cEl Globito\u201d, en el Centro Cultural Estaci\u00f3n San Mart\u00edn y desde las 16, comenzar\u00e1 un recital po\u00e9tico, junto a n\u00fameros musicales. Participan todos los poetas invitados y grupos po\u00e9ticos locales. Apto para todo p\u00fablico. Entrada libre y gratuita.<\/p>\n<p>El encuentro, de gran relevancia para la cultura local, cuenta con la participaci\u00f3n de los siguientes poetas.<\/p>\n<ul>\n<li>Vanesa Almada Noguer\u00f3n (Mar del Plata),<\/li>\n<li>Claudio Archubi (CABA),<\/li>\n<li>Connie Sagripanti (Tucum\u00e1n),<\/li>\n<li>Dar\u00edo Oliva (San Luis),<\/li>\n<li>Diego E. Su\u00e1rez (Santa Fe),<\/li>\n<li>Gabriel Hoyos Izurieta (Santiago del Estero),<\/li>\n<li>Marcos Gabriel Freites (San Luis),<\/li>\n<li>Natalia Greta Mart\u00ednez (Mendoza),<\/li>\n<li>Laura Litvinoff (Buenos Aires),<\/li>\n<li>Karina Lerman (CABA),<\/li>\n<li>Leticia Auat (Santiago del Estero),<\/li>\n<li>Liliana Mainardi (San Luis),<\/li>\n<li>Mariana Suozzo (Buenos Aires),<\/li>\n<li>Marin\u00e9s Scelta (Mendoza),<\/li>\n<li>Noelia Fath (Salta),<\/li>\n<li>Noelia Ag\u00fcero (Mendoza),<\/li>\n<li>Oscar Ag\u00fa (Santa Fe),<\/li>\n<li>Sergio Mor\u00e1n (Mendoza) y<\/li>\n<li>Silvio Tejada (La Pampa).<\/li>\n<\/ul>\n<p>&nbsp;<\/p>\n<p>&nbsp;<\/p>\n","protected":false},"excerpt":{"rendered":"<p>Del\u00a022 al 24 de Mayo de 2025, San Juan es sede de la poes\u00eda argentina con la realizaci\u00f3n del Encuentro<\/p>\n","protected":false},"author":3,"featured_media":43758,"comment_status":"closed","ping_status":"closed","sticky":false,"template":"","format":"standard","meta":{"_acf_changed":false,"_seopress_robots_primary_cat":"none","_seopress_titles_title":"","_seopress_titles_desc":"","_seopress_robots_index":"","colormag_page_container_layout":"default_layout","colormag_page_sidebar_layout":"default_layout","footnotes":""},"categories":[20],"tags":[],"class_list":["post-86632","post","type-post","status-publish","format-standard","has-post-thumbnail","hentry","category-cartelera"],"acf":[],"_links":{"self":[{"href":"https:\/\/vocesparalelas.com.ar\/sitio\/wp-json\/wp\/v2\/posts\/86632","targetHints":{"allow":["GET"]}}],"collection":[{"href":"https:\/\/vocesparalelas.com.ar\/sitio\/wp-json\/wp\/v2\/posts"}],"about":[{"href":"https:\/\/vocesparalelas.com.ar\/sitio\/wp-json\/wp\/v2\/types\/post"}],"author":[{"embeddable":true,"href":"https:\/\/vocesparalelas.com.ar\/sitio\/wp-json\/wp\/v2\/users\/3"}],"replies":[{"embeddable":true,"href":"https:\/\/vocesparalelas.com.ar\/sitio\/wp-json\/wp\/v2\/comments?post=86632"}],"version-history":[{"count":1,"href":"https:\/\/vocesparalelas.com.ar\/sitio\/wp-json\/wp\/v2\/posts\/86632\/revisions"}],"predecessor-version":[{"id":86635,"href":"https:\/\/vocesparalelas.com.ar\/sitio\/wp-json\/wp\/v2\/posts\/86632\/revisions\/86635"}],"wp:featuredmedia":[{"embeddable":true,"href":"https:\/\/vocesparalelas.com.ar\/sitio\/wp-json\/wp\/v2\/media\/43758"}],"wp:attachment":[{"href":"https:\/\/vocesparalelas.com.ar\/sitio\/wp-json\/wp\/v2\/media?parent=86632"}],"wp:term":[{"taxonomy":"category","embeddable":true,"href":"https:\/\/vocesparalelas.com.ar\/sitio\/wp-json\/wp\/v2\/categories?post=86632"},{"taxonomy":"post_tag","embeddable":true,"href":"https:\/\/vocesparalelas.com.ar\/sitio\/wp-json\/wp\/v2\/tags?post=86632"}],"curies":[{"name":"wp","href":"https:\/\/api.w.org\/{rel}","templated":true}]}}