{"id":86623,"date":"2025-06-02T10:29:12","date_gmt":"2025-06-02T13:29:12","guid":{"rendered":"https:\/\/vocesparalelas.com.ar\/sitio\/?p=86623"},"modified":"2025-06-02T20:56:10","modified_gmt":"2025-06-02T23:56:10","slug":"inscribite-y-sumate-a-las-clases-de-apoyo-gratuito-para-los-estudiantes-de-nivel-secundario-de-san-juan","status":"publish","type":"post","link":"https:\/\/vocesparalelas.com.ar\/sitio\/inscribite-y-sumate-a-las-clases-de-apoyo-gratuito-para-los-estudiantes-de-nivel-secundario-de-san-juan\/","title":{"rendered":"Inscribite y sumate a las Clases de apoyo gratuito para los estudiantes de nivel secundario de San Juan"},"content":{"rendered":"<p>El Programa de Fortalecimiento Escolar Gratuito, que se enmarca en el Plan de Alfabetizaci\u00f3n Jurisdiccional Comprendo y Aprendo que desarrolla el Ministerio de Educaci\u00f3n del Gobierno de San Juan, abre los registros de inscripci\u00f3n a partir del 26 de Mayo.<\/p>\n<p>En esta ocasi\u00f3n, las clases de apoyo est\u00e1n dirigidas a estudiantes de nivel secundario de hasta 18 a\u00f1os de edad.<\/p>\n<p>Las inscripciones se reciben desde el 26 de Mayo en Conectar Lab, ubicado en Las Heras y Alberdi, para las sedes de los Departamentos Capital, Chimbas, Rawson, Rivadavia y Santa Luc\u00eda, de 8,30 a 12,30 hs; mientras que para la sede del Departamento Pocito es desde el 28 de Mayo, de 15 a 18 hs. en la Escuela Froil\u00e1n Ferrero.<\/p>\n<p><span style=\"color: #ff6600;\"><strong>Observaci\u00f3n<\/strong><\/span><\/p>\n<p>Siguen abiertas las inscripciones<\/p>\n<p>La ministra de Educaci\u00f3n, Lic, Silvia Fuentes, promueve esta l\u00ednea de apoyo escolar gratuito ya que no s\u00f3lo busca reducir la deserci\u00f3n escolar, sino tambi\u00e9n mejorar el rendimiento acad\u00e9mico y garantizar la igualdad de oportunidades de todos los estudiantes sanjuaninos. Por su parte, el programa le brinda colaboraci\u00f3n a familias sanjuaninas que no pueden pagar profesores particulares.<\/p>\n<p><strong><span style=\"color: #ff6600;\">Requisitos<\/span><\/strong><\/p>\n<ul>\n<li>Fotocopia del DNI del progenitor o tutor y del alumno.<\/li>\n<li>Fotocopia de la partida de nacimiento del estudiante.<\/li>\n<\/ul>\n<p>Las inscripciones est\u00e1n abiertas hasta completar los cupos disponibles.<\/p>\n<p>&nbsp;<\/p>\n<p><img loading=\"lazy\" decoding=\"async\" class=\"alignnone size-full wp-image-28629\" src=\"https:\/\/vocesparalelas.com.ar\/sitio\/wp-content\/uploads\/2020\/05\/MINISTERIO-EDUCACION-SJ.jpg\" alt=\"\" width=\"800\" height=\"533\" srcset=\"https:\/\/vocesparalelas.com.ar\/sitio\/wp-content\/uploads\/2020\/05\/MINISTERIO-EDUCACION-SJ.jpg 800w, https:\/\/vocesparalelas.com.ar\/sitio\/wp-content\/uploads\/2020\/05\/MINISTERIO-EDUCACION-SJ-300x200.jpg 300w, https:\/\/vocesparalelas.com.ar\/sitio\/wp-content\/uploads\/2020\/05\/MINISTERIO-EDUCACION-SJ-768x512.jpg 768w\" sizes=\"auto, (max-width: 800px) 100vw, 800px\" \/><\/p>\n","protected":false},"excerpt":{"rendered":"<p>El Programa de Fortalecimiento Escolar Gratuito, que se enmarca en el Plan de Alfabetizaci\u00f3n Jurisdiccional Comprendo y Aprendo que desarrolla<\/p>\n","protected":false},"author":3,"featured_media":68996,"comment_status":"closed","ping_status":"closed","sticky":false,"template":"","format":"standard","meta":{"_acf_changed":false,"_seopress_robots_primary_cat":"none","_seopress_titles_title":"","_seopress_titles_desc":"","_seopress_robots_index":"","colormag_page_container_layout":"default_layout","colormag_page_sidebar_layout":"default_layout","footnotes":""},"categories":[2],"tags":[],"class_list":["post-86623","post","type-post","status-publish","format-standard","has-post-thumbnail","hentry","category-convocatorias"],"acf":[],"_links":{"self":[{"href":"https:\/\/vocesparalelas.com.ar\/sitio\/wp-json\/wp\/v2\/posts\/86623","targetHints":{"allow":["GET"]}}],"collection":[{"href":"https:\/\/vocesparalelas.com.ar\/sitio\/wp-json\/wp\/v2\/posts"}],"about":[{"href":"https:\/\/vocesparalelas.com.ar\/sitio\/wp-json\/wp\/v2\/types\/post"}],"author":[{"embeddable":true,"href":"https:\/\/vocesparalelas.com.ar\/sitio\/wp-json\/wp\/v2\/users\/3"}],"replies":[{"embeddable":true,"href":"https:\/\/vocesparalelas.com.ar\/sitio\/wp-json\/wp\/v2\/comments?post=86623"}],"version-history":[{"count":3,"href":"https:\/\/vocesparalelas.com.ar\/sitio\/wp-json\/wp\/v2\/posts\/86623\/revisions"}],"predecessor-version":[{"id":87128,"href":"https:\/\/vocesparalelas.com.ar\/sitio\/wp-json\/wp\/v2\/posts\/86623\/revisions\/87128"}],"wp:featuredmedia":[{"embeddable":true,"href":"https:\/\/vocesparalelas.com.ar\/sitio\/wp-json\/wp\/v2\/media\/68996"}],"wp:attachment":[{"href":"https:\/\/vocesparalelas.com.ar\/sitio\/wp-json\/wp\/v2\/media?parent=86623"}],"wp:term":[{"taxonomy":"category","embeddable":true,"href":"https:\/\/vocesparalelas.com.ar\/sitio\/wp-json\/wp\/v2\/categories?post=86623"},{"taxonomy":"post_tag","embeddable":true,"href":"https:\/\/vocesparalelas.com.ar\/sitio\/wp-json\/wp\/v2\/tags?post=86623"}],"curies":[{"name":"wp","href":"https:\/\/api.w.org\/{rel}","templated":true}]}}