{"id":86613,"date":"2025-05-21T22:09:39","date_gmt":"2025-05-22T01:09:39","guid":{"rendered":"https:\/\/vocesparalelas.com.ar\/sitio\/?p=86613"},"modified":"2025-05-22T20:43:22","modified_gmt":"2025-05-22T23:43:22","slug":"se-obtuvo-la-indicacion-geografica-aceite-de-oliva-virgen-extra-de-san-juan","status":"publish","type":"post","link":"https:\/\/vocesparalelas.com.ar\/sitio\/se-obtuvo-la-indicacion-geografica-aceite-de-oliva-virgen-extra-de-san-juan\/","title":{"rendered":"Se obtuvo la indicaci\u00f3n geogr\u00e1fica \u201cAceite de Oliva Virgen Extra de San Juan\u00bb"},"content":{"rendered":"<p>Luego de eficientes gestiones a nivel nacional del Gobierno provincial, se logr\u00f3 destrabar un tr\u00e1mite iniciado tiempo atr\u00e1s y obtener el sello de origen para uno de los productos m\u00e1s preciados de nuestra producci\u00f3n agroindustrial<\/p>\n<p>El pedido para obtener la indicaci\u00f3n geogr\u00e1fica (IG) se inici\u00f3 a\u00f1os atr\u00e1s pero estaba literalmente frenado. Por indicaci\u00f3n del gobernador Marcelo Orrego, desde el ministerio de Producci\u00f3n Trabajo e Innovaci\u00f3n se iniciaron acciones para retomar la inquietud y gestionar ante las autoridades nacionales el sello que asociar\u00e1 a nuestra provincia de manera directa con la calidad de nuestros aceites de oliva virgen extra.<\/p>\n<p>As\u00ed, el secretario de Agricultura, Ganader\u00eda y Agroindustria Miguel Moreno, comenz\u00f3 las gestiones que lograron que finalmente la provincia de San Juan cuente ya con el \u00edndice Geogr\u00e1fico (IG) para el Aceite de Oliva Extra.<\/p>\n<p>\u201cEsto le da a nuestro producto un valor agregado, muestra nuestra historia, nuestra cultura, y habla de esa identidad particular que tienen nuestro aceite de oliva virgen extra\u201d, destac\u00f3 el secretario Moreno. A lo que a\u00f1adi\u00f3 que \u201cesto, nos permite entrar con un valor diferencial dentro de los mercados y mostrar a nuestra provincia de San Juan en cada una de las botellas que certifiquen este sello de origen\u201d.<\/p>\n<p>En el bolet\u00edn oficial bajo el n\u00famero de Expediente EX-2025-33477011- -APN-DNAYDR#MEC, se puede leer la buena noticia que es festejada por el sector agroproductivo local. El texto indica que el secretario de la Naci\u00f3n de Agricultura, Ganader\u00eda y Pesca, Sergio Iraeta, resolvi\u00f3:<\/p>\n<p>La aprobaci\u00f3n del Protocolo de Producci\u00f3n del \u201cACEITE DE OLIVA VIRGEN EXTRA DE SAN JUAN\u201d que ampara la INDICACI\u00d3N GEOGR\u00c1FICA ACEITE DE OLIVA VIRGEN EXTRA DE SAN JUAN\u201d que, como Adjunto (RE-2025-33476673-APN-DNAYDR#MEC), forma parte integrante de la presente medida.<\/p>\n<p>Que se reconozca, registre y proteja la INDICACI\u00d3N GEOGR\u00c1FICA \u201cACEITE DE OLIVA VIRGEN EXTRA DE SAN JUAN\u201d, cuya \u00e1rea de producci\u00f3n est\u00e1 delimitada conforme al mapa y localizaci\u00f3n de los puntos consignados en el citado Adjunto, en los t\u00e9rminos y con los alcances establecidos en el Art\u00edculo 26 de la Ley N\u00ba 25.380, modificada por su similar N\u00ba 25.966.<\/p>\n<p>Que se otorgue y se expida el Certificado de Derecho de Uso de la INDICACI\u00d3N GEOGR\u00c1FICA \u201cACEITE DE OLIVA VIRGEN EXTRA DE SAN JUAN\u201d a la \u201cC\u00e1mara de Olivicultores de San Juan Asociaci\u00f3n CIVIL\u201d con domicilio en la Provincia de SAN JUAN y Personer\u00eda Jur\u00eddica otorgada por el Gobierno de dicha provincia mediante Decreto el N\u00b0 4.384 de fecha 30 de octubre de 1972.<\/p>\n<p>Asimismo, que se aprueben los logos con los que se comercializar\u00e1n los productos amparados por la INDICACI\u00d3N GEOGR\u00c1FICA \u201cACEITE DE OLIVA VIRGEN EXTRA DE SAN JUAN\u201d que figuran en el mencionado Adjunto.<br \/>\nInstruy\u00f3 tambi\u00e9n para que se disponga la obligatoriedad del uso del signo distintivo correspondiente a la citada INDICACI\u00d3N GEOGR\u00c1FICA registrada, aprobado por la Resoluci\u00f3n N\u00ba 546 de fecha 5 de septiembre de 2011 de la ex-SECRETAR\u00cdA DE AGRICULTURA, GANADER\u00cdA Y PESCA del entonces MINISTERIO DE AGRICULTURA, GANADER\u00cdA Y PESCA, en todos los productos amparados por la INDICACI\u00d3N GEOGR\u00c1FICA \u201cACEITE DE OLIVA VIRGEN EXTRA DE SAN JUAN\u201d.<\/p>\n<p>Tambi\u00e9n pide la autoridad nacional que se haga saber a la \u201cC\u00e1mara de Olivicultores de San Juan Asociaci\u00f3n CIVIL\u201d, la obligatoriedad del uso del signo distintivo citado en el Art\u00edculo 5\u00ba y de los logos a los que se refiere el Art\u00edculo 4\u00ba; ambos de la presente medida, para aquellos productos destinados a la exportaci\u00f3n y respecto de los cuales se solicite la emisi\u00f3n de los certificados referidos en el Art\u00edculo 2\u00ba de la Resoluci\u00f3n N\u00ba 90 de fecha 12 de abril de 2017 del entonces MINISTERIO DE AGROINDUSTRIA y sus modificatorias, a los efectos del reintegro adicional establecido por el Art\u00edculo 5\u00ba del Decreto N\u00ba 1.341 de fecha 30 de diciembre de 2016.<\/p>\n<p>Que se fije el 1 de febrero de cada a\u00f1o calendario, como fecha de presentaci\u00f3n de la Declaraci\u00f3n Jurada Anual sobre estimaci\u00f3n de volumen comercializable de los productos amparados por la citada INDICACI\u00d3N GEOGR\u00c1FICA (I.G.), de acuerdo con el Modelo de Declaraci\u00f3n Jurada establecido en el Anexo (IF-2025-50324387-APN-DNAYDR#MEC) que forma parte integrante de la presente medida, y de conformidad con lo previsto por la Ley N\u00ba 25.380, modificada por su similar N\u00ba 25.966.<\/p>\n<p>Y que todo esto se comunique a la Direcci\u00f3n Nacional del Registro Oficial y al INSTITUTO NACIONAL DE LA PROPIEDAD INDUSTRIAL (INPI), organismo descentralizado en la \u00f3rbita de la SECRETAR\u00cdA DE INDUSTRIA Y COMERCIO del MINISTERIO DE ECONOM\u00cdA y a todo otro organismo nacional y\/o internacional de conformidad con lo dispuesto por el Art\u00edculo 22 de la Ley N\u00ba 25.380, modificada por su similar N\u00ba 25.966.<\/p>\n<p>&nbsp;<\/p>\n<p><img loading=\"lazy\" decoding=\"async\" class=\"alignnone size-full wp-image-65642\" src=\"https:\/\/vocesparalelas.com.ar\/sitio\/wp-content\/uploads\/2023\/11\/GOBIERNO-SAN-JUAN.jpg\" alt=\"\" width=\"800\" height=\"600\" srcset=\"https:\/\/vocesparalelas.com.ar\/sitio\/wp-content\/uploads\/2023\/11\/GOBIERNO-SAN-JUAN.jpg 800w, https:\/\/vocesparalelas.com.ar\/sitio\/wp-content\/uploads\/2023\/11\/GOBIERNO-SAN-JUAN-300x225.jpg 300w, https:\/\/vocesparalelas.com.ar\/sitio\/wp-content\/uploads\/2023\/11\/GOBIERNO-SAN-JUAN-768x576.jpg 768w\" sizes=\"auto, (max-width: 800px) 100vw, 800px\" \/><\/p>\n","protected":false},"excerpt":{"rendered":"<p>Luego de eficientes gestiones a nivel nacional del Gobierno provincial, se logr\u00f3 destrabar un tr\u00e1mite iniciado tiempo atr\u00e1s y obtener<\/p>\n","protected":false},"author":3,"featured_media":86616,"comment_status":"closed","ping_status":"closed","sticky":false,"template":"","format":"standard","meta":{"_acf_changed":false,"_seopress_robots_primary_cat":"none","_seopress_titles_title":"","_seopress_titles_desc":"","_seopress_robots_index":"","colormag_page_container_layout":"default_layout","colormag_page_sidebar_layout":"default_layout","footnotes":""},"categories":[8],"tags":[],"class_list":["post-86613","post","type-post","status-publish","format-standard","has-post-thumbnail","hentry","category-concursos"],"acf":[],"_links":{"self":[{"href":"https:\/\/vocesparalelas.com.ar\/sitio\/wp-json\/wp\/v2\/posts\/86613","targetHints":{"allow":["GET"]}}],"collection":[{"href":"https:\/\/vocesparalelas.com.ar\/sitio\/wp-json\/wp\/v2\/posts"}],"about":[{"href":"https:\/\/vocesparalelas.com.ar\/sitio\/wp-json\/wp\/v2\/types\/post"}],"author":[{"embeddable":true,"href":"https:\/\/vocesparalelas.com.ar\/sitio\/wp-json\/wp\/v2\/users\/3"}],"replies":[{"embeddable":true,"href":"https:\/\/vocesparalelas.com.ar\/sitio\/wp-json\/wp\/v2\/comments?post=86613"}],"version-history":[{"count":1,"href":"https:\/\/vocesparalelas.com.ar\/sitio\/wp-json\/wp\/v2\/posts\/86613\/revisions"}],"predecessor-version":[{"id":86617,"href":"https:\/\/vocesparalelas.com.ar\/sitio\/wp-json\/wp\/v2\/posts\/86613\/revisions\/86617"}],"wp:featuredmedia":[{"embeddable":true,"href":"https:\/\/vocesparalelas.com.ar\/sitio\/wp-json\/wp\/v2\/media\/86616"}],"wp:attachment":[{"href":"https:\/\/vocesparalelas.com.ar\/sitio\/wp-json\/wp\/v2\/media?parent=86613"}],"wp:term":[{"taxonomy":"category","embeddable":true,"href":"https:\/\/vocesparalelas.com.ar\/sitio\/wp-json\/wp\/v2\/categories?post=86613"},{"taxonomy":"post_tag","embeddable":true,"href":"https:\/\/vocesparalelas.com.ar\/sitio\/wp-json\/wp\/v2\/tags?post=86613"}],"curies":[{"name":"wp","href":"https:\/\/api.w.org\/{rel}","templated":true}]}}