{"id":86542,"date":"2025-05-19T20:50:46","date_gmt":"2025-05-19T23:50:46","guid":{"rendered":"https:\/\/vocesparalelas.com.ar\/sitio\/?p=86542"},"modified":"2025-05-20T21:23:36","modified_gmt":"2025-05-21T00:23:36","slug":"ii-jornada-de-la-residencia-de-psicologia-un-recorrido-de-formacion-y-experiencia-clinica-en-san-juan","status":"publish","type":"post","link":"https:\/\/vocesparalelas.com.ar\/sitio\/ii-jornada-de-la-residencia-de-psicologia-un-recorrido-de-formacion-y-experiencia-clinica-en-san-juan\/","title":{"rendered":"II Jornada de la Residencia de Psicolog\u00eda \u201cUn recorrido de formaci\u00f3n y experiencia cl\u00ednica\u201d en San Juan"},"content":{"rendered":"<p>La residencia de Psicolog\u00eda Cl\u00ednica del Hospital Dr. Marcial Quiroga organizo y desarrollo desarroll\u00f3 las II Jornada de la Residencia de Psicolog\u00eda \u201cUn recorrido de formaci\u00f3n y experiencia cl\u00ednica\u201d, en el Auditorio del Museo Provincial de Bellas Artes Franklin Rawson, en San Juan.<\/p>\n<p>La Residencia de Psicolog\u00eda se cre\u00f3 en 1993 como dispositivo de formaci\u00f3n inserto en el sistema de salud atraves\u00f3 cambios y movimientos acordes a la \u00e9poca y los requerimientos socio-sanitarios durante 32 a\u00f1os.<\/p>\n<p>El eje central fue generar un espacio de conversaci\u00f3n sobre el recorrido de formaci\u00f3n y los efectos en la inserci\u00f3n laboral del residente en el sistema de salud en el marco de la Ley de Salud Mental.<\/p>\n<p>Adem\u00e1s, se caracterizaron la formaci\u00f3n en servicio y la experiencia como pilares para trasladar a sus pares durante la Residencia a j\u00f3venes Profesionales interesados en ingresar.<\/p>\n<p>En este marco se idearon las II Jornadas de la Residencia de Psicolog\u00eda, apostando a generar un espacio de intercambio de experiencia y aprendizaje entre psic\u00f3logos egresados, residentes actuales, docentes, tutores y supervisores que acompa\u00f1an la formaci\u00f3n cotidiana.<\/p>\n<p>En tanto que el secretario de Planificaci\u00f3n y Control de Gesti\u00f3n del Ministerio de Salud, Dr. Gast\u00f3n Jofr\u00e9, enfatiz\u00f3 que \u201cnos toca celebrar los 32 a\u00f1os de la residencia de Psicolog\u00eda Cl\u00ednica y me complace acompa\u00f1arlos y ser parte de esto. Por eso pido que todos los a\u00f1os se renueve la vocaci\u00f3n de ser docentes para formar y ayudar a los residentes ingresantes, porque cuando los a\u00f1os pasen ellos nos van a atender a nosotros\u201d.<\/p>\n<p>Luego, en este contexto, el director ejecutivo del Hospital Dr. Marcial Quiroga, Dr. Juan Manuel Campayo expres\u00f3 que \u201cla Residencia de Psicolog\u00eda, integrada a esta visi\u00f3n, ha sido y contin\u00faa siendo un pilar en la formaci\u00f3n de profesionales competentes, \u00e9ticos y sensibles a las necesidades de la sociedad. Las Jornadas son el fruto del esfuerzo conjunto de residentes, instructores y profesionales que d\u00eda a d\u00eda contribuyen a la excelencia de la residencia.<\/p>\n<p>\u201cSon una oportunidad invaluable para reflexionar sobre los desaf\u00edos y avances en esta disciplina, para compartir experiencias enriquecedoras y para fortalecer los lazos que nos unen en la b\u00fasqueda del bienestar integral de los pacientes\u201d.<\/p>\n<p>\u201cEn un contexto social que nos interpela constantemente con nuevas problem\u00e1ticas y demandas en el \u00e1mbito de la salud mental, resulta crucial la existencia de espacios como este. Aqu\u00ed podremos debatir sobre las \u00faltimas investigaciones, explorar nuevas perspectivas te\u00f3rica\u201d &#8211; sintetiz\u00f3 el Dr. Juan Manuel Campayo dejando inaugurada las II Jornada de la Residencia de Psicolog\u00eda \u201cUn recorrido de formaci\u00f3n y experiencia cl\u00ednica\u201d .<\/p>\n<p>La tem\u00e1tica de la jornada consisti\u00f3 en cinco mesas de conversatorio con temas que fueron desde la salud mental comunitaria; pasando por la internaci\u00f3n y la urgencia en salud mental; los dispositivos intermedios; para cerrar con la formaci\u00f3n y acompa\u00f1amiento de residentes.<\/p>\n<p>&nbsp;<\/p>\n<p><img loading=\"lazy\" decoding=\"async\" class=\"alignnone size-full wp-image-50515\" src=\"https:\/\/vocesparalelas.com.ar\/sitio\/wp-content\/uploads\/2022\/07\/HMQ-FRENTE.jpg\" alt=\"\" width=\"800\" height=\"600\" srcset=\"https:\/\/vocesparalelas.com.ar\/sitio\/wp-content\/uploads\/2022\/07\/HMQ-FRENTE.jpg 800w, https:\/\/vocesparalelas.com.ar\/sitio\/wp-content\/uploads\/2022\/07\/HMQ-FRENTE-300x225.jpg 300w, https:\/\/vocesparalelas.com.ar\/sitio\/wp-content\/uploads\/2022\/07\/HMQ-FRENTE-768x576.jpg 768w\" sizes=\"auto, (max-width: 800px) 100vw, 800px\" \/><\/p>\n","protected":false},"excerpt":{"rendered":"<p>La residencia de Psicolog\u00eda Cl\u00ednica del Hospital Dr. Marcial Quiroga organizo y desarrollo desarroll\u00f3 las II Jornada de la Residencia<\/p>\n","protected":false},"author":3,"featured_media":86545,"comment_status":"closed","ping_status":"closed","sticky":false,"template":"","format":"standard","meta":{"_acf_changed":false,"_seopress_robots_primary_cat":"none","_seopress_titles_title":"","_seopress_titles_desc":"","_seopress_robots_index":"","colormag_page_container_layout":"default_layout","colormag_page_sidebar_layout":"default_layout","footnotes":""},"categories":[15],"tags":[],"class_list":["post-86542","post","type-post","status-publish","format-standard","has-post-thumbnail","hentry","category-posgrados"],"acf":[],"_links":{"self":[{"href":"https:\/\/vocesparalelas.com.ar\/sitio\/wp-json\/wp\/v2\/posts\/86542","targetHints":{"allow":["GET"]}}],"collection":[{"href":"https:\/\/vocesparalelas.com.ar\/sitio\/wp-json\/wp\/v2\/posts"}],"about":[{"href":"https:\/\/vocesparalelas.com.ar\/sitio\/wp-json\/wp\/v2\/types\/post"}],"author":[{"embeddable":true,"href":"https:\/\/vocesparalelas.com.ar\/sitio\/wp-json\/wp\/v2\/users\/3"}],"replies":[{"embeddable":true,"href":"https:\/\/vocesparalelas.com.ar\/sitio\/wp-json\/wp\/v2\/comments?post=86542"}],"version-history":[{"count":3,"href":"https:\/\/vocesparalelas.com.ar\/sitio\/wp-json\/wp\/v2\/posts\/86542\/revisions"}],"predecessor-version":[{"id":86548,"href":"https:\/\/vocesparalelas.com.ar\/sitio\/wp-json\/wp\/v2\/posts\/86542\/revisions\/86548"}],"wp:featuredmedia":[{"embeddable":true,"href":"https:\/\/vocesparalelas.com.ar\/sitio\/wp-json\/wp\/v2\/media\/86545"}],"wp:attachment":[{"href":"https:\/\/vocesparalelas.com.ar\/sitio\/wp-json\/wp\/v2\/media?parent=86542"}],"wp:term":[{"taxonomy":"category","embeddable":true,"href":"https:\/\/vocesparalelas.com.ar\/sitio\/wp-json\/wp\/v2\/categories?post=86542"},{"taxonomy":"post_tag","embeddable":true,"href":"https:\/\/vocesparalelas.com.ar\/sitio\/wp-json\/wp\/v2\/tags?post=86542"}],"curies":[{"name":"wp","href":"https:\/\/api.w.org\/{rel}","templated":true}]}}