{"id":86537,"date":"2025-05-19T20:00:32","date_gmt":"2025-05-19T23:00:32","guid":{"rendered":"https:\/\/vocesparalelas.com.ar\/sitio\/?p=86537"},"modified":"2025-05-20T13:40:13","modified_gmt":"2025-05-20T16:40:13","slug":"crudo-2025-festival-de-danza-independiente-en-san-juan","status":"publish","type":"post","link":"https:\/\/vocesparalelas.com.ar\/sitio\/crudo-2025-festival-de-danza-independiente-en-san-juan\/","title":{"rendered":"Crudo 2025 Festival de Danza Independiente en San Juan"},"content":{"rendered":"<p>En San Juan se desarrollo Crudo 2025 Festival de Danza Independiente 4\u00b0 edici\u00f3n, del 22 al 24 de Mayo, en la Cooperativa Teatro de Arte de San Juan.<\/p>\n<p>En esta nueva edici\u00f3n Crudo se propone tejer v\u00ednculos cruzando la cordillera: desde Santiago de Chile nos visita la colectiva Sudakas Sudadas. Dian C. Guevara y Camila Gutierrez \u201cLa Camisota\u201d nos comparten en tres intensivas jornadas, sus danzas, practicas esc\u00e9nicas y su pedagog\u00eda aplicada al movimiento. De este modo, el festival propone diferentes aristas con enfoque en clases de danza, residencia y programaci\u00f3n.<\/p>\n<p><strong><span style=\"color: #ff0000;\">Pr\u00e1cticas compartidas.<\/span><\/strong><\/p>\n<p>\u00bfEn que consisten estas pr\u00e1cticas? Son tres encuentros durante los cuales se propondr\u00e1 un entrenamiento en danza contempor\u00e1nea y twerk, guiado por las bailarinas, docentes y compositoras Camisota Gutierrez y Dian C. Guevara, que se realizar\u00e1n los d\u00edas 22, 23 y 24 de Mayo de 16 a 18 hs. Las clases requieren inscripci\u00f3n previa, v\u00eda Whatsapp al 2645674414. El valor normal del pack de Clases es de $30000. Precio especial de preventa hasta el 30 de abril $20000. Tambi\u00e9n pueden adquirirse las clases sueltas.<\/p>\n<p><strong><span style=\"color: #ff0000;\">Laboratorio de Frontera: Residencia de Creaci\u00f3n en Danza.<\/span><\/strong><\/p>\n<p>Esta Residencia contar\u00e1 con la participaci\u00f3n de Sudakas Sudadas en colaboraci\u00f3n con la bailarina y docente Julia De Nardi, como gu\u00edas de este encuentro. Bajo la consigna \u201dEncuentros creadores en torno al GOCE como pr\u00e1ctica para Resistir\u201d se seleccionar\u00e1n previamente 20 participantes con experiencia en danza, para formar parte de la grupalidad.<\/p>\n<p>La actividad se desarrollar\u00e1 los d\u00edas 22, 23 y 24 de Mayo, de 10 a 14 hs y el s\u00e1bado a las 20 hs se har\u00e1 una muestra del proceso realizado. La actividad del laboratorio es completamente gratuita y requiere inscripci\u00f3n previa v\u00eda formulario<\/p>\n<p><a href=\"https:\/\/forms.gle\/Zm1NernXBvoyd51r7\">https:\/\/forms.gle\/Zm1NernXBvoyd51r7<\/a><\/p>\n<p><strong><span style=\"color: #ff0000;\">Programaci\u00f3n especial<\/span><\/strong><\/p>\n<p>El d\u00eda viernes 23 de Mayo, a las 19 hs al cierre de las Pr\u00e1cticas Compartidas, en la Sala Cooperativa Teatro de<br \/>\nArte, las invitadas especiales de Crudo, Sudakas Sudadas, presentar\u00e1n su libro \u201cPedagog\u00edas acuerpadas<br \/>\nSudakas\u201d, (PAS) para trabajadoras\/es de las danzas; escrito que surge a partir de un programa presencial de<br \/>\nespecializaci\u00f3n y profesionalizaci\u00f3n para trabajadoras\/es de las danzas en el \u00e1rea pedag\u00f3gica. Adem\u00e1s<br \/>\ncontar\u00e1 con la participaci\u00f3n especial de Tania Leyes, Mariana Olivares y Giselle Slavutzky. La entrada es<br \/>\ngratuita.<\/p>\n<p><strong><span style=\"color: #ff0000;\">La Noche del Crudo<\/span><\/strong><\/p>\n<p>Como broche de oro y para finalizar la 4ta edici\u00f3n de Crudo Danza, el d\u00eda 24 de Mayo a las 20 hs comenzar\u00e1 el<br \/>\ncierre del Festival con la Muestra de Laboratorio de Archivo.<\/p>\n<p>A continuaci\u00f3n, a las 21.30 hs Sudakas Sudadas realizar\u00e1n la Muestra: RE-MEMORAR [Volver a pasar por el<br \/>\ncuerpo]. Un ejercicio en escena que teje pasado y presente, que rememora danzas que son parte del archivo<br \/>\ncorporal de las artistas y que son revisitadas y re-habitadas en la actualidad.<\/p>\n<p>El cierre de la jornada, estar\u00e1 cargo de Fabricio Montilla, DJ Montilla Selector que seleccionar\u00e1 grooves que<br \/>\nvan desde la folktronica y el pop-rock hasta el perreo existencial, ambientando espacios donde la m\u00fasica es el<br \/>\nlenguaje que une. Cada beat invitar\u00e1 a perderse\u2026 y reencontrarse en la pista.\u00bb<\/p>\n<p>La entrada de preventa es de $8000 y de $10000 en puerta, el d\u00eda del evento.<\/p>\n<p>Por inscripciones a clases , residencia o entradas para La Noche del Crudo, pueden contactarse a trav\u00e9s de<br \/>\nWhatsApp al 2645674414.<\/p>\n<p><span style=\"color: #ff0000;\"><strong>ACERCA DE CRUDO DANZA<\/strong><\/span><\/p>\n<p><span style=\"color: #ff0000;\"><strong>CRUDO DANZA<\/strong><\/span><\/p>\n<p>CRUDO es un colectivo integrado y gestionado por mujeres, dedicado a la difusi\u00f3n de la danza en la provincia de San<br \/>\nJuan que desde el a\u00f1o 2020 busca brindar un espacio para la danza independiente en todas sus expresiones desde la<br \/>\npuesta en escena, clases, investigaci\u00f3n, curadur\u00eda y gesti\u00f3n. Ha sido parte del Festival Remueve (Festival de Artes<br \/>\nEsc\u00e9nicas por la Memoria y la Identidad) organizado por la Representaci\u00f3n Provincial del Instituto Nacional del Teatro.<\/p>\n<p>A nivel nacional, ha pariticipado en el EGA (Encuentro de Gestores Artistas), organizado por el Festival Internacional de Danza Emergente. Tambi\u00e9n form\u00f3 parte del ciclo Argentina Florece Danza, a trav\u00e9s de la experiencia curadur\u00edas<br \/>\nconversadas, llevado adelante por la Secretar\u00eda de Gesti\u00f3n Cultural del Ministerio de Cultura de la Naci\u00f3n.<\/p>\n<p>A nivel provincial, el CRUDO teji\u00f3 experiencia de co-gesti\u00f3n con el Ministerio de Turismo y Cultura junto para las<br \/>\nediciones 2022 y 2023. Ademas, de octubre a diciembre de 2023, se realiz\u00f3 la edici\u00f3n especial Crudo Programa, un<br \/>\nciclo de obras en di\u00e1logo donde artistas locales y nacionales pusieron \u201cen dialogo\u201d obras, practicas escenicas y<br \/>\nentrenamientos en danza, en la Sala TeS de Rivadavia. En ese mismo a\u00f1o, CRUDO fue seleccionado por Mecenazgo<br \/>\nCultural para su proxima edici\u00f3n.<\/p>\n<p>Este a\u00f1o, con el patrocinio de Fundaci\u00f3n Banco San Juan, llega una nueva edici\u00f3n que busca crear v\u00ednculos transcordilleranos con la grupalidad SUDAKAS SUDADAS, del vecino pa\u00eds de Chile.<\/p>\n<p><strong><span style=\"color: #ff0000;\">ACERCA DE SUDAKAS SUDADAS<\/span><\/strong><\/p>\n<p><strong><span style=\"color: #ff0000;\">SUDAKAS SUDADAS<\/span><\/strong><\/p>\n<p>Es una pr\u00e1ctica de amor, resistencia y movimiento donde se investigan, hacen y comparten la DANZAS, incorporando una mirada territorial y comprensiva de las corporalidades y las pr\u00e1cticas desde el Sur global.<\/p>\n<p>Compuesto por Andrea Amaro Uribe, Camila Soto Guti\u00e9rrez y Dian C. Guevara, desde 2019 trabajan en espacios de<br \/>\nformaci\u00f3n, investigaci\u00f3n y creaci\u00f3n para las danzas, abordando el amplio espectro de espacios y lenguajes desde la<br \/>\nacademia a las danzas sociales urbanas, desarrollando lenguajes del sur de Am\u00e9rica del Sur.<\/p>\n<p><strong><span style=\"color: #ff0000;\">Dian C. Guevara<\/span><\/strong><\/p>\n<p>Artista esc\u00e9nica independiente. Trabaja como creador, int\u00e9rprete y core\u00f3grafa de diversos proyectos que contemplan<br \/>\nprocesos de exploraci\u00f3n e investigaci\u00f3n de car\u00e1cter colaborativos, colectivos e interdisciplinares, para la creaci\u00f3n y la<br \/>\nformaci\u00f3n situada en el contexto y territorio. Vincula y transita entre las danzas contempor\u00e1neas, las danzas sociales principalmente twerk y el funk brasile\u00f1o-y el teatro.<\/p>\n<p><strong><span style=\"color: #ff0000;\">Camila Soto Guti\u00e9rrez<\/span><\/strong><\/p>\n<p>Bailarina independiente, docente de danza, Dj de m\u00fasicas bailables sudakas. Aborda sus quehaceres desde el deseo<br \/>\ncomo impulsor y el placer como potencia transformadora.<\/p>\n<p>Actualmente trabaja como int\u00e9rprete-creadora en CUERPO ANTERIOR (Rosa Mar\u00eda) de Chery Matus, co-investigadora en el Archivo de las fiestas y las danzas en Chile, facilitadora de talleres de estimulaci\u00f3n sonora-som\u00e1tica para personas con TEA y necesidades especiales, como docente de la escuela de Artes Esc\u00e9nicas de la Universidad Academia de Humanismo Cristiano y como Dj de batallas de twerk, pr\u00e1cticas de danza y eventos de diversa \u00edndole. Tambi\u00e9n se encuentra cursando su \u00faltimo a\u00f1o de Magister en Arte Popular Latinoamericano.<\/p>\n<p>&nbsp;<\/p>\n<p><img loading=\"lazy\" decoding=\"async\" class=\"alignnone size-full wp-image-37259\" src=\"https:\/\/vocesparalelas.com.ar\/sitio\/wp-content\/uploads\/2021\/04\/DANZA-CONTEMPORANEA-02.jpg\" alt=\"\" width=\"800\" height=\"533\" srcset=\"https:\/\/vocesparalelas.com.ar\/sitio\/wp-content\/uploads\/2021\/04\/DANZA-CONTEMPORANEA-02.jpg 800w, https:\/\/vocesparalelas.com.ar\/sitio\/wp-content\/uploads\/2021\/04\/DANZA-CONTEMPORANEA-02-300x200.jpg 300w, https:\/\/vocesparalelas.com.ar\/sitio\/wp-content\/uploads\/2021\/04\/DANZA-CONTEMPORANEA-02-768x512.jpg 768w\" sizes=\"auto, (max-width: 800px) 100vw, 800px\" \/><\/p>\n","protected":false},"excerpt":{"rendered":"<p>En San Juan se desarrollo Crudo 2025 Festival de Danza Independiente 4\u00b0 edici\u00f3n, del 22 al 24 de Mayo, en<\/p>\n","protected":false},"author":3,"featured_media":86540,"comment_status":"closed","ping_status":"closed","sticky":false,"template":"","format":"standard","meta":{"_acf_changed":false,"_seopress_robots_primary_cat":"none","_seopress_titles_title":"","_seopress_titles_desc":"","_seopress_robots_index":"","colormag_page_container_layout":"default_layout","colormag_page_sidebar_layout":"default_layout","footnotes":""},"categories":[9],"tags":[],"class_list":["post-86537","post","type-post","status-publish","format-standard","has-post-thumbnail","hentry","category-cursos"],"acf":[],"_links":{"self":[{"href":"https:\/\/vocesparalelas.com.ar\/sitio\/wp-json\/wp\/v2\/posts\/86537","targetHints":{"allow":["GET"]}}],"collection":[{"href":"https:\/\/vocesparalelas.com.ar\/sitio\/wp-json\/wp\/v2\/posts"}],"about":[{"href":"https:\/\/vocesparalelas.com.ar\/sitio\/wp-json\/wp\/v2\/types\/post"}],"author":[{"embeddable":true,"href":"https:\/\/vocesparalelas.com.ar\/sitio\/wp-json\/wp\/v2\/users\/3"}],"replies":[{"embeddable":true,"href":"https:\/\/vocesparalelas.com.ar\/sitio\/wp-json\/wp\/v2\/comments?post=86537"}],"version-history":[{"count":1,"href":"https:\/\/vocesparalelas.com.ar\/sitio\/wp-json\/wp\/v2\/posts\/86537\/revisions"}],"predecessor-version":[{"id":86541,"href":"https:\/\/vocesparalelas.com.ar\/sitio\/wp-json\/wp\/v2\/posts\/86537\/revisions\/86541"}],"wp:featuredmedia":[{"embeddable":true,"href":"https:\/\/vocesparalelas.com.ar\/sitio\/wp-json\/wp\/v2\/media\/86540"}],"wp:attachment":[{"href":"https:\/\/vocesparalelas.com.ar\/sitio\/wp-json\/wp\/v2\/media?parent=86537"}],"wp:term":[{"taxonomy":"category","embeddable":true,"href":"https:\/\/vocesparalelas.com.ar\/sitio\/wp-json\/wp\/v2\/categories?post=86537"},{"taxonomy":"post_tag","embeddable":true,"href":"https:\/\/vocesparalelas.com.ar\/sitio\/wp-json\/wp\/v2\/tags?post=86537"}],"curies":[{"name":"wp","href":"https:\/\/api.w.org\/{rel}","templated":true}]}}