{"id":86527,"date":"2025-05-19T23:31:56","date_gmt":"2025-05-20T02:31:56","guid":{"rendered":"https:\/\/vocesparalelas.com.ar\/sitio\/?p=86527"},"modified":"2025-05-19T23:31:56","modified_gmt":"2025-05-20T02:31:56","slug":"continua-el-programa-mesa-de-dialogo-en-la-camara-de-diputados-de-san-juan","status":"publish","type":"post","link":"https:\/\/vocesparalelas.com.ar\/sitio\/continua-el-programa-mesa-de-dialogo-en-la-camara-de-diputados-de-san-juan\/","title":{"rendered":"Contin\u00faa el Programa \u00abMesa de di\u00e1logo\u00bb en la C\u00e1mara de Diputados de San Juan"},"content":{"rendered":"<p>El vicegobernador de San Juan, Dr. Fabi\u00e1n Mart\u00edn presidi\u00f3 la reuni\u00f3n de trabajo con representantes de la Localidad Mogna, Departamento J\u00e1chal en el marco de una mesa de di\u00e1logo articulada con distintos organismos del Estado provincial para dar respuesta a las inquietudes planteadas por vecinos y autoridades Municipales.<\/p>\n<p>El encuentro se desarroll\u00f3 como continuidad de la visita institucional realizada d\u00edas atr\u00e1s por el Vicegobernador a la localidad de Mogna. En aquella oportunidad, miembros de la comunidad transmitieron una serie de problem\u00e1ticas que fueron recibidas con el compromiso de buscar soluciones concretas.<\/p>\n<p>En primer t\u00e9rmino, el grupo de vecinos mantuvo reuniones en la sede de OSSE con autoridades de la instituci\u00f3n donde les dieron respuestas favorables a los pedidos realizados. Entre las tareas se encuentran realizar estudios t\u00e9cnicos\u00a0para determinar fuentes de agua de buena calidad en la zona y elaborar un proyecto de distribuci\u00f3n; colaborar en la construcci\u00f3n de\u00a0una planta potabilizadora\u00a0que garantice el abastecimiento de agua segura a toda la comunidad; y colaborar en la puesta en funcionamiento de la planta de \u00f3smosis inversa,\u00a0inaugurada en 2017, que nunca funcion\u00f3.<\/p>\n<p>A continuaci\u00f3n, se acercaron hasta el Anexo de la C\u00e1mara de Diputados donde los recibi\u00f3 el Vicegobernador y cont\u00f3 con la participaci\u00f3n de la secretaria de Educaci\u00f3n, Mariela Luege; el secretario de Infraestructura, Ariel Villavicencio; y el secretario de Recursos H\u00eddricos y Energ\u00edas Renovables, David Devia.<\/p>\n<p>Durante la mesa de trabajo se abordaron las principales necesidades de la zona y se analizaron posibles respuestas a corto y mediano plazo. Esta instancia de articulaci\u00f3n busca fortalecer el v\u00ednculo entre el Estado y las comunidades originarias, promoviendo pol\u00edticas p\u00fablicas con enfoque territorial y participaci\u00f3n activa.<\/p>\n<p>En este sentido, el compromiso fue analizar los pedidos concretos de los vecinos vinculados a: reparaci\u00f3n de caminos y puentes de acceso hasta Mogna, mejoras del regad\u00edo para plantaciones y animales, y lo mas resonante y en un hecho hist\u00f3rico es que se anunci\u00f3 que a la brevedad comenzar\u00e1 a funcionar la Escuela Secundaria.<\/p>\n<p>&nbsp;<\/p>\n<figure id=\"attachment_37951\" aria-describedby=\"caption-attachment-37951\" style=\"width: 800px\" class=\"wp-caption alignnone\"><img loading=\"lazy\" decoding=\"async\" class=\"size-full wp-image-37951\" src=\"https:\/\/vocesparalelas.com.ar\/sitio\/wp-content\/uploads\/2021\/05\/CAMARA-EDIFICIO.jpg\" alt=\"\" width=\"800\" height=\"515\" srcset=\"https:\/\/vocesparalelas.com.ar\/sitio\/wp-content\/uploads\/2021\/05\/CAMARA-EDIFICIO.jpg 800w, https:\/\/vocesparalelas.com.ar\/sitio\/wp-content\/uploads\/2021\/05\/CAMARA-EDIFICIO-300x193.jpg 300w, https:\/\/vocesparalelas.com.ar\/sitio\/wp-content\/uploads\/2021\/05\/CAMARA-EDIFICIO-768x494.jpg 768w\" sizes=\"auto, (max-width: 800px) 100vw, 800px\" \/><figcaption id=\"caption-attachment-37951\" class=\"wp-caption-text\">Legislatura Provincial de San Juan, Rep\u00fablica Argentina<\/figcaption><\/figure>\n","protected":false},"excerpt":{"rendered":"<p>El vicegobernador de San Juan, Dr. Fabi\u00e1n Mart\u00edn presidi\u00f3 la reuni\u00f3n de trabajo con representantes de la Localidad Mogna, Departamento<\/p>\n","protected":false},"author":3,"featured_media":86530,"comment_status":"closed","ping_status":"closed","sticky":false,"template":"","format":"standard","meta":{"_acf_changed":false,"_seopress_robots_primary_cat":"none","_seopress_titles_title":"","_seopress_titles_desc":"","_seopress_robots_index":"","colormag_page_container_layout":"default_layout","colormag_page_sidebar_layout":"default_layout","footnotes":""},"categories":[1],"tags":[],"class_list":["post-86527","post","type-post","status-publish","format-standard","has-post-thumbnail","hentry","category-destacadas"],"acf":[],"_links":{"self":[{"href":"https:\/\/vocesparalelas.com.ar\/sitio\/wp-json\/wp\/v2\/posts\/86527","targetHints":{"allow":["GET"]}}],"collection":[{"href":"https:\/\/vocesparalelas.com.ar\/sitio\/wp-json\/wp\/v2\/posts"}],"about":[{"href":"https:\/\/vocesparalelas.com.ar\/sitio\/wp-json\/wp\/v2\/types\/post"}],"author":[{"embeddable":true,"href":"https:\/\/vocesparalelas.com.ar\/sitio\/wp-json\/wp\/v2\/users\/3"}],"replies":[{"embeddable":true,"href":"https:\/\/vocesparalelas.com.ar\/sitio\/wp-json\/wp\/v2\/comments?post=86527"}],"version-history":[{"count":1,"href":"https:\/\/vocesparalelas.com.ar\/sitio\/wp-json\/wp\/v2\/posts\/86527\/revisions"}],"predecessor-version":[{"id":86531,"href":"https:\/\/vocesparalelas.com.ar\/sitio\/wp-json\/wp\/v2\/posts\/86527\/revisions\/86531"}],"wp:featuredmedia":[{"embeddable":true,"href":"https:\/\/vocesparalelas.com.ar\/sitio\/wp-json\/wp\/v2\/media\/86530"}],"wp:attachment":[{"href":"https:\/\/vocesparalelas.com.ar\/sitio\/wp-json\/wp\/v2\/media?parent=86527"}],"wp:term":[{"taxonomy":"category","embeddable":true,"href":"https:\/\/vocesparalelas.com.ar\/sitio\/wp-json\/wp\/v2\/categories?post=86527"},{"taxonomy":"post_tag","embeddable":true,"href":"https:\/\/vocesparalelas.com.ar\/sitio\/wp-json\/wp\/v2\/tags?post=86527"}],"curies":[{"name":"wp","href":"https:\/\/api.w.org\/{rel}","templated":true}]}}