{"id":86517,"date":"2025-05-19T21:49:42","date_gmt":"2025-05-20T00:49:42","guid":{"rendered":"https:\/\/vocesparalelas.com.ar\/sitio\/?p=86517"},"modified":"2025-05-20T13:41:00","modified_gmt":"2025-05-20T16:41:00","slug":"declaraciones-del-ministro-de-economia-finanzas-y-hacienda-de-san-juan-cpn-roberto-gutierrez","status":"publish","type":"post","link":"https:\/\/vocesparalelas.com.ar\/sitio\/declaraciones-del-ministro-de-economia-finanzas-y-hacienda-de-san-juan-cpn-roberto-gutierrez\/","title":{"rendered":"Declaraciones del Ministro de Econom\u00eda, Finanzas y Hacienda de San Juan, CPN Roberto Guti\u00e9rrez"},"content":{"rendered":"<p>El Ministro de Econom\u00eda, Finanzas y Hacienda del Gobierno de San Juan, CPN Roberto Guti\u00e9rrez, respondi\u00f3 preguntas de los Periodistas San Juan, en un momento de relax que se realiz\u00f3 en la Reuni\u00f3n con la Comitiva de la Uni\u00f3n Europea en San Juan<\/p>\n<p>&nbsp;<\/p>\n<p><iframe loading=\"lazy\" title=\"SAN JUAN ECONOM\u00cdA CPN ROBERTO GUTI\u00c9RREZ\" width=\"800\" height=\"450\" src=\"https:\/\/www.youtube.com\/embed\/gAD6hN8_O_E?feature=oembed\" frameborder=\"0\" allow=\"accelerometer; autoplay; clipboard-write; encrypted-media; gyroscope; picture-in-picture; web-share\" referrerpolicy=\"strict-origin-when-cross-origin\" allowfullscreen><\/iframe><\/p>\n<p>&nbsp;<\/p>\n<p><img loading=\"lazy\" decoding=\"async\" class=\"alignnone size-full wp-image-65642\" src=\"https:\/\/vocesparalelas.com.ar\/sitio\/wp-content\/uploads\/2023\/11\/GOBIERNO-SAN-JUAN.jpg\" alt=\"\" width=\"800\" height=\"600\" srcset=\"https:\/\/vocesparalelas.com.ar\/sitio\/wp-content\/uploads\/2023\/11\/GOBIERNO-SAN-JUAN.jpg 800w, https:\/\/vocesparalelas.com.ar\/sitio\/wp-content\/uploads\/2023\/11\/GOBIERNO-SAN-JUAN-300x225.jpg 300w, https:\/\/vocesparalelas.com.ar\/sitio\/wp-content\/uploads\/2023\/11\/GOBIERNO-SAN-JUAN-768x576.jpg 768w\" sizes=\"auto, (max-width: 800px) 100vw, 800px\" \/><\/p>\n","protected":false},"excerpt":{"rendered":"<p>El Ministro de Econom\u00eda, Finanzas y Hacienda del Gobierno de San Juan, CPN Roberto Guti\u00e9rrez, respondi\u00f3 preguntas de los Periodistas<\/p>\n","protected":false},"author":3,"featured_media":86520,"comment_status":"closed","ping_status":"closed","sticky":false,"template":"","format":"standard","meta":{"_acf_changed":false,"_seopress_robots_primary_cat":"none","_seopress_titles_title":"","_seopress_titles_desc":"","_seopress_robots_index":"","colormag_page_container_layout":"default_layout","colormag_page_sidebar_layout":"default_layout","footnotes":""},"categories":[10,7],"tags":[],"class_list":["post-86517","post","type-post","status-publish","format-standard","has-post-thumbnail","hentry","category-opiniones","category-videos"],"acf":[],"_links":{"self":[{"href":"https:\/\/vocesparalelas.com.ar\/sitio\/wp-json\/wp\/v2\/posts\/86517","targetHints":{"allow":["GET"]}}],"collection":[{"href":"https:\/\/vocesparalelas.com.ar\/sitio\/wp-json\/wp\/v2\/posts"}],"about":[{"href":"https:\/\/vocesparalelas.com.ar\/sitio\/wp-json\/wp\/v2\/types\/post"}],"author":[{"embeddable":true,"href":"https:\/\/vocesparalelas.com.ar\/sitio\/wp-json\/wp\/v2\/users\/3"}],"replies":[{"embeddable":true,"href":"https:\/\/vocesparalelas.com.ar\/sitio\/wp-json\/wp\/v2\/comments?post=86517"}],"version-history":[{"count":1,"href":"https:\/\/vocesparalelas.com.ar\/sitio\/wp-json\/wp\/v2\/posts\/86517\/revisions"}],"predecessor-version":[{"id":86521,"href":"https:\/\/vocesparalelas.com.ar\/sitio\/wp-json\/wp\/v2\/posts\/86517\/revisions\/86521"}],"wp:featuredmedia":[{"embeddable":true,"href":"https:\/\/vocesparalelas.com.ar\/sitio\/wp-json\/wp\/v2\/media\/86520"}],"wp:attachment":[{"href":"https:\/\/vocesparalelas.com.ar\/sitio\/wp-json\/wp\/v2\/media?parent=86517"}],"wp:term":[{"taxonomy":"category","embeddable":true,"href":"https:\/\/vocesparalelas.com.ar\/sitio\/wp-json\/wp\/v2\/categories?post=86517"},{"taxonomy":"post_tag","embeddable":true,"href":"https:\/\/vocesparalelas.com.ar\/sitio\/wp-json\/wp\/v2\/tags?post=86517"}],"curies":[{"name":"wp","href":"https:\/\/api.w.org\/{rel}","templated":true}]}}