{"id":86491,"date":"2025-05-18T10:44:24","date_gmt":"2025-05-18T13:44:24","guid":{"rendered":"https:\/\/vocesparalelas.com.ar\/sitio\/?p=86491"},"modified":"2025-05-20T00:53:14","modified_gmt":"2025-05-20T03:53:14","slug":"gala-patria-2025-latidos-de-mayo-en-san-juan","status":"publish","type":"post","link":"https:\/\/vocesparalelas.com.ar\/sitio\/gala-patria-2025-latidos-de-mayo-en-san-juan\/","title":{"rendered":"Gala Patria 2025 \u00abLatidos de Mayo\u00bb en San Juan"},"content":{"rendered":"<p>El Ministerio de Turismo, Cultura y Deporte del Gobierno de San Juan, a trav\u00e9s de la Secretaria de Cultura invita a los interesados a disfrutar del espect\u00e1culo Latidos de Mayo. Un homenaje al pulso profundo del nacimiento de nuestra naci\u00f3n, desde los ecos que anteceden al 1800, se enciende la llama de la revoluci\u00f3n que a\u00fan arde en cada rinc\u00f3n del suelo argentino.<\/p>\n<p>La puesta, es un recorrido emocional por gestas colectivas, s\u00edmbolos patrios y luchas silenciadas. Cada movimiento es un retorno de resistencia, una voz que revela, una chispa que arde e inyecta el compromiso y el deseo de libertad, reviviendo el esp\u00edritu de quienes so\u00f1aron romper cadenas y sembrar esperanza.<\/p>\n<p>La Gala Patria se realizar\u00e1 en el Teatro del Bicentenario el 24 de Mayo. a las 21.30 hs.; y la reposici\u00f3n ser\u00e1 el 25 de Mayo, a las 19 hs.<\/p>\n<p>Las entradas pueden retirarse por boleter\u00eda a partir del Mi\u00e9rcoles, 21 de Mayo, a las 10 hs. Se entregan dos entradas por persona hasta agotar disponibilidad.<\/p>\n<figure id=\"attachment_59510\" aria-describedby=\"caption-attachment-59510\" style=\"width: 800px\" class=\"wp-caption alignnone\"><img loading=\"lazy\" decoding=\"async\" class=\"size-full wp-image-59510\" src=\"https:\/\/vocesparalelas.com.ar\/sitio\/wp-content\/uploads\/2023\/05\/TB-PATRIO.jpg\" alt=\"\" width=\"800\" height=\"534\" srcset=\"https:\/\/vocesparalelas.com.ar\/sitio\/wp-content\/uploads\/2023\/05\/TB-PATRIO.jpg 800w, https:\/\/vocesparalelas.com.ar\/sitio\/wp-content\/uploads\/2023\/05\/TB-PATRIO-300x200.jpg 300w, https:\/\/vocesparalelas.com.ar\/sitio\/wp-content\/uploads\/2023\/05\/TB-PATRIO-768x513.jpg 768w\" sizes=\"auto, (max-width: 800px) 100vw, 800px\" \/><figcaption id=\"caption-attachment-59510\" class=\"wp-caption-text\">Teatro Bicentenario en la Provincia de San Juan, Rep\u00fablica Argentina<\/figcaption><\/figure>\n","protected":false},"excerpt":{"rendered":"<p>El Ministerio de Turismo, Cultura y Deporte del Gobierno de San Juan, a trav\u00e9s de la Secretaria de Cultura invita<\/p>\n","protected":false},"author":3,"featured_media":73598,"comment_status":"closed","ping_status":"closed","sticky":false,"template":"","format":"standard","meta":{"_acf_changed":false,"_seopress_robots_primary_cat":"none","_seopress_titles_title":"","_seopress_titles_desc":"","_seopress_robots_index":"","colormag_page_container_layout":"default_layout","colormag_page_sidebar_layout":"default_layout","footnotes":""},"categories":[20],"tags":[],"class_list":["post-86491","post","type-post","status-publish","format-standard","has-post-thumbnail","hentry","category-cartelera"],"acf":[],"_links":{"self":[{"href":"https:\/\/vocesparalelas.com.ar\/sitio\/wp-json\/wp\/v2\/posts\/86491","targetHints":{"allow":["GET"]}}],"collection":[{"href":"https:\/\/vocesparalelas.com.ar\/sitio\/wp-json\/wp\/v2\/posts"}],"about":[{"href":"https:\/\/vocesparalelas.com.ar\/sitio\/wp-json\/wp\/v2\/types\/post"}],"author":[{"embeddable":true,"href":"https:\/\/vocesparalelas.com.ar\/sitio\/wp-json\/wp\/v2\/users\/3"}],"replies":[{"embeddable":true,"href":"https:\/\/vocesparalelas.com.ar\/sitio\/wp-json\/wp\/v2\/comments?post=86491"}],"version-history":[{"count":1,"href":"https:\/\/vocesparalelas.com.ar\/sitio\/wp-json\/wp\/v2\/posts\/86491\/revisions"}],"predecessor-version":[{"id":86494,"href":"https:\/\/vocesparalelas.com.ar\/sitio\/wp-json\/wp\/v2\/posts\/86491\/revisions\/86494"}],"wp:featuredmedia":[{"embeddable":true,"href":"https:\/\/vocesparalelas.com.ar\/sitio\/wp-json\/wp\/v2\/media\/73598"}],"wp:attachment":[{"href":"https:\/\/vocesparalelas.com.ar\/sitio\/wp-json\/wp\/v2\/media?parent=86491"}],"wp:term":[{"taxonomy":"category","embeddable":true,"href":"https:\/\/vocesparalelas.com.ar\/sitio\/wp-json\/wp\/v2\/categories?post=86491"},{"taxonomy":"post_tag","embeddable":true,"href":"https:\/\/vocesparalelas.com.ar\/sitio\/wp-json\/wp\/v2\/tags?post=86491"}],"curies":[{"name":"wp","href":"https:\/\/api.w.org\/{rel}","templated":true}]}}