{"id":86481,"date":"2025-05-17T21:13:09","date_gmt":"2025-05-18T00:13:09","guid":{"rendered":"https:\/\/vocesparalelas.com.ar\/sitio\/?p=86481"},"modified":"2025-05-19T21:29:15","modified_gmt":"2025-05-20T00:29:15","slug":"los-primeros-diez-dias-del-papa-leon-xiv-sencillez-continuidad-y-esperanza","status":"publish","type":"post","link":"https:\/\/vocesparalelas.com.ar\/sitio\/los-primeros-diez-dias-del-papa-leon-xiv-sencillez-continuidad-y-esperanza\/","title":{"rendered":"Los primeros diez d\u00edas del Papa Le\u00f3n XIV: sencillez, continuidad y esperanza"},"content":{"rendered":"<p>Por el\u00a0Arzobispo de San Juan de Cuyo, Monse\u00f1or Jorge Eduardo Lozano<\/p>\n<p>En un mundo que necesita signos de humanidad y esperanza, los primeros diez d\u00edas del pontificado del Papa Le\u00f3n XIV han sido una brisa serena en el rostro. Su estilo austero, su cercan\u00eda con los pobres y su mirada dirigida a Cristo como centro de la historia marcan un comienzo lleno de gestos elocuentes, que recuerdan el legado de su predecesor, el Papa Francisco, al que no s\u00f3lo honra con sus palabras, sino con su propia vida.<\/p>\n<p>Las primeras im\u00e1genes que dieron la vuelta al mundo mostraron al obispo Roberto Francisco Prevost sirviendo platos en un comedor popular, con aire sencillo y sonrisa abierta. No era una aparici\u00f3n fugaz para las c\u00e1maras, sino una presencia extendida, compartiendo comida y tiempo, escuchando relatos, bendiciendo a quienes se acercaban con humildad y esperanza. \u00abEl que quiera ser el primero, que se haga servidor de todos\u00bb, dijo citando a Jes\u00fas, pero tambi\u00e9n evocando gestos que recordaban las visitas de Francisco a Lampedusa, a las villas miserias, a los campos de refugiados. Para servir a Jes\u00fas hay que estar entre los \u00faltimos.<\/p>\n<p>Simult\u00e1neamente aparecieron fotos que lo mostraron caminando con botas altas en medio de una inundaci\u00f3n en una zona afectada por tormentas. No lleg\u00f3 en helic\u00f3ptero ni en auto blindado. Camin\u00f3, se embarr\u00f3, habl\u00f3 con las familias que lo hab\u00edan perdido todo. Es el estilo que el Papa parece querer imprimir a su pontificado: vivir con los pies en la tierra y el coraz\u00f3n en el cielo.<\/p>\n<p>Le\u00f3n XIV dijo a los Cardenales en su primera reuni\u00f3n el s\u00e1bado 10 de mayo: \u201cquisiera que renov\u00e1ramos juntos, hoy, nuestra plena adhesi\u00f3n a ese camino, a la v\u00eda que desde hace ya decenios la Iglesia universal est\u00e1 recorriendo tras las huellas del Concilio Vaticano II. El Papa Francisco ha recordado y actualizado magistralmente su contenido en la Exhortaci\u00f3n apost\u00f3lica Evangelii gaudium, de la que me gustar\u00eda destacar algunas notas fundamentales: el regreso al primado de Cristo en el anuncio (cf. n. 11); la conversi\u00f3n misionera de toda la comunidad cristiana (cf. n. 9); el crecimiento en la colegialidad y en sinodalidad (cf. n. 33); la atenci\u00f3n al <em>sensus fidei<\/em> (cf. nn. 119-120), especialmente en sus formas m\u00e1s propias e inclusivas, como la piedad popular (cf. 123); el cuidado amoroso de los<\/p>\n<p>d\u00e9biles y descartados (cf.n. 53); el di\u00e1logo valiente y confiado con el mundo contempor\u00e1neo en sus diferentes componentes y realidades (cf. n. 84, CONCILIO VATICANO II, Const. past. Gaudium et spes, 1-2).<\/p>\n<p>Uno de los gestos m\u00e1s conmovedores fue su visita a la tumba del Papa Francisco en la Bas\u00edlica de Santa Mar\u00eda la Mayor. All\u00ed, en silencio, se arrodill\u00f3 largo rato. Luego coloc\u00f3 una flor blanca sobre la piedra que lleva el nombre de quien marc\u00f3 a fuego la Iglesia en el inicio del siglo XXI. Fue un acto de delicadeza y gratitud. No hubo palabras, pero el lenguaje del coraz\u00f3n habl\u00f3 con fuerza.<\/p>\n<p>Al mismo tiempo, no ha ocultado su simpat\u00eda por el deporte. Amigos suyos destacaron el espacio que se daba los s\u00e1bados para jugar tenis.<\/p>\n<p>En cada intervenci\u00f3n, el Papa ha sido claro en se\u00f1alar que su pontificado tendr\u00e1 como prioridad poner a Jesucristo en el centro de la vida eclesial. Sin \u00c9l, somos solo una organizaci\u00f3n m\u00e1s. Con \u00c9l, somos sacramento de salvaci\u00f3n. Su preocupaci\u00f3n por la paz tambi\u00e9n ha sido notoria, desde su saludo inicial en el balc\u00f3n de la Bas\u00edlica de San Pedro, y reiterado en varias oportunidades.<\/p>\n<p>Los primeros d\u00edas del Papa Le\u00f3n XIV han dejado claro que no se trata s\u00f3lo de un cambio de pont\u00edfice, sino de una continuidad con nuevo impulso y su impronta particular. Con gestos concretos, palabras medidas y una ternura que no es debilidad sino fortaleza, Le\u00f3n XIV ha comenzado a escribir su historia. Lo hace de la mano de los pobres, los que sufren, los que creen, los que dudan. Naci\u00f3 en Estados Unidos, vivi\u00f3 muchos a\u00f1os en Roma, recorri\u00f3 el mundo como Prior General de los Sacerdotes Agustinos, sirvi\u00f3 como misionero y obispo en Per\u00fa (de all\u00ed es su pasaporte), y se presenta con una sola bandera: la del Evangelio de Jes\u00fas.<\/p>\n<p>Cuando leas estas l\u00edneas, querido lector, querida lectora, seguramente ya habr\u00e1 sucedido en las escalinatas de la Bas\u00edlica de San Pedro la misa grande en la que Le\u00f3n XIV inaugure su ministerio como pont\u00edfice. Habr\u00e1 palabras, gestos, presencias, miradas. Su magisterio ya est\u00e1 en marcha resonando en nuestros corazones.<\/p>\n<p><iframe loading=\"lazy\" title=\"SAN JUAN MONSE\u00d1OR JORGE LOZANO\" width=\"800\" height=\"450\" src=\"https:\/\/www.youtube.com\/embed\/p9iTQ1DZt44?feature=oembed\" frameborder=\"0\" allow=\"accelerometer; autoplay; clipboard-write; encrypted-media; gyroscope; picture-in-picture; web-share\" referrerpolicy=\"strict-origin-when-cross-origin\" allowfullscreen><\/iframe><\/p>\n<p>&nbsp;<\/p>\n<p><img loading=\"lazy\" decoding=\"async\" class=\"alignnone size-full wp-image-61416\" src=\"https:\/\/vocesparalelas.com.ar\/sitio\/wp-content\/uploads\/2023\/07\/ARZOBISPADO-EDIFICIO.jpg\" alt=\"\" width=\"800\" height=\"600\" srcset=\"https:\/\/vocesparalelas.com.ar\/sitio\/wp-content\/uploads\/2023\/07\/ARZOBISPADO-EDIFICIO.jpg 800w, https:\/\/vocesparalelas.com.ar\/sitio\/wp-content\/uploads\/2023\/07\/ARZOBISPADO-EDIFICIO-300x225.jpg 300w, https:\/\/vocesparalelas.com.ar\/sitio\/wp-content\/uploads\/2023\/07\/ARZOBISPADO-EDIFICIO-768x576.jpg 768w\" sizes=\"auto, (max-width: 800px) 100vw, 800px\" \/><\/p>\n","protected":false},"excerpt":{"rendered":"<p>Por el\u00a0Arzobispo de San Juan de Cuyo, Monse\u00f1or Jorge Eduardo Lozano En un mundo que necesita signos de humanidad y<\/p>\n","protected":false},"author":3,"featured_media":86044,"comment_status":"closed","ping_status":"closed","sticky":false,"template":"","format":"standard","meta":{"_acf_changed":false,"_seopress_robots_primary_cat":"none","_seopress_titles_title":"","_seopress_titles_desc":"","_seopress_robots_index":"","colormag_page_container_layout":"default_layout","colormag_page_sidebar_layout":"default_layout","footnotes":""},"categories":[10,7],"tags":[],"class_list":["post-86481","post","type-post","status-publish","format-standard","has-post-thumbnail","hentry","category-opiniones","category-videos"],"acf":[],"_links":{"self":[{"href":"https:\/\/vocesparalelas.com.ar\/sitio\/wp-json\/wp\/v2\/posts\/86481","targetHints":{"allow":["GET"]}}],"collection":[{"href":"https:\/\/vocesparalelas.com.ar\/sitio\/wp-json\/wp\/v2\/posts"}],"about":[{"href":"https:\/\/vocesparalelas.com.ar\/sitio\/wp-json\/wp\/v2\/types\/post"}],"author":[{"embeddable":true,"href":"https:\/\/vocesparalelas.com.ar\/sitio\/wp-json\/wp\/v2\/users\/3"}],"replies":[{"embeddable":true,"href":"https:\/\/vocesparalelas.com.ar\/sitio\/wp-json\/wp\/v2\/comments?post=86481"}],"version-history":[{"count":1,"href":"https:\/\/vocesparalelas.com.ar\/sitio\/wp-json\/wp\/v2\/posts\/86481\/revisions"}],"predecessor-version":[{"id":86484,"href":"https:\/\/vocesparalelas.com.ar\/sitio\/wp-json\/wp\/v2\/posts\/86481\/revisions\/86484"}],"wp:featuredmedia":[{"embeddable":true,"href":"https:\/\/vocesparalelas.com.ar\/sitio\/wp-json\/wp\/v2\/media\/86044"}],"wp:attachment":[{"href":"https:\/\/vocesparalelas.com.ar\/sitio\/wp-json\/wp\/v2\/media?parent=86481"}],"wp:term":[{"taxonomy":"category","embeddable":true,"href":"https:\/\/vocesparalelas.com.ar\/sitio\/wp-json\/wp\/v2\/categories?post=86481"},{"taxonomy":"post_tag","embeddable":true,"href":"https:\/\/vocesparalelas.com.ar\/sitio\/wp-json\/wp\/v2\/tags?post=86481"}],"curies":[{"name":"wp","href":"https:\/\/api.w.org\/{rel}","templated":true}]}}