{"id":86478,"date":"2025-05-17T20:39:26","date_gmt":"2025-05-17T23:39:26","guid":{"rendered":"https:\/\/vocesparalelas.com.ar\/sitio\/?p=86478"},"modified":"2025-05-17T23:00:30","modified_gmt":"2025-05-18T02:00:30","slug":"se-inauguro-la-remodelacion-e-iluminacion-de-la-plaza-la-cabana-del-barrio-stotac-en-rivadavia","status":"publish","type":"post","link":"https:\/\/vocesparalelas.com.ar\/sitio\/se-inauguro-la-remodelacion-e-iluminacion-de-la-plaza-la-cabana-del-barrio-stotac-en-rivadavia\/","title":{"rendered":"Se inaugur\u00f3 la Remodelaci\u00f3n e Iluminaci\u00f3n de la Plaza \u00abLa Caba\u00f1a\u00bb del Barrio STOTAC en Rivadavia"},"content":{"rendered":"<p>La Municipalidad de la Ciudad de Rivadavia trabajo se inaugur\u00f3 la Remodelaci\u00f3n\u00a0 e Iluminaci\u00f3n de la Plaza \u00abLa Caba\u00f1a\u00bb del Barrio STOTAC.<\/p>\n<p>En este contexto, el Intendente de la Municipalidad de la Ciudad de Rivadavia, Sergio Miodowsky explic\u00f3 el trabajo que se realiz\u00f3 en la plaza y los avances que se realizaron para el bienestar de los vecinos.<\/p>\n<p><iframe loading=\"lazy\" title=\"RIVADAVIA INTENDENTE SERGIO MIODOWSKY\" width=\"800\" height=\"450\" src=\"https:\/\/www.youtube.com\/embed\/jmkg821CIPw?feature=oembed\" frameborder=\"0\" allow=\"accelerometer; autoplay; clipboard-write; encrypted-media; gyroscope; picture-in-picture; web-share\" referrerpolicy=\"strict-origin-when-cross-origin\" allowfullscreen><\/iframe><\/p>\n<p>&nbsp;<\/p>\n<p>Adem\u00e1s, invit\u00f3 a los vecinos de Rivadavia y que tengan deudas en Renta Municipal que se sumen a la moratoria 2025.<\/p>\n<p><iframe loading=\"lazy\" title=\"RIVADAVIA MORATORIA 2025\" width=\"800\" height=\"450\" src=\"https:\/\/www.youtube.com\/embed\/V3u2HPesKS8?feature=oembed\" frameborder=\"0\" allow=\"accelerometer; autoplay; clipboard-write; encrypted-media; gyroscope; picture-in-picture; web-share\" referrerpolicy=\"strict-origin-when-cross-origin\" allowfullscreen><\/iframe><\/p>\n<p>&nbsp;<\/p>\n<p>El acto comenz\u00f3 con el descubrimiento del cartel que lleva el nombre de Plaza \u00abLa Caba\u00f1a\u00bb por las autoridades municipales y vecinos.<\/p>\n<p><img loading=\"lazy\" decoding=\"async\" class=\"alignnone size-full wp-image-86485\" src=\"https:\/\/vocesparalelas.com.ar\/sitio\/wp-content\/uploads\/2025\/05\/RIVADAVIA-PLAZA-CABANA-01.jpg\" alt=\"\" width=\"800\" height=\"533\" srcset=\"https:\/\/vocesparalelas.com.ar\/sitio\/wp-content\/uploads\/2025\/05\/RIVADAVIA-PLAZA-CABANA-01.jpg 800w, https:\/\/vocesparalelas.com.ar\/sitio\/wp-content\/uploads\/2025\/05\/RIVADAVIA-PLAZA-CABANA-01-300x200.jpg 300w, https:\/\/vocesparalelas.com.ar\/sitio\/wp-content\/uploads\/2025\/05\/RIVADAVIA-PLAZA-CABANA-01-768x512.jpg 768w\" sizes=\"auto, (max-width: 800px) 100vw, 800px\" \/><\/p>\n<p>Posteriormente, se dej\u00f3 inaugurada la iluminaci\u00f3n<\/p>\n<p><img loading=\"lazy\" decoding=\"async\" class=\"alignnone size-full wp-image-86486\" src=\"https:\/\/vocesparalelas.com.ar\/sitio\/wp-content\/uploads\/2025\/05\/RIVADAVIA-PLAZA-CABANA-02.jpg\" alt=\"\" width=\"800\" height=\"533\" srcset=\"https:\/\/vocesparalelas.com.ar\/sitio\/wp-content\/uploads\/2025\/05\/RIVADAVIA-PLAZA-CABANA-02.jpg 800w, https:\/\/vocesparalelas.com.ar\/sitio\/wp-content\/uploads\/2025\/05\/RIVADAVIA-PLAZA-CABANA-02-300x200.jpg 300w, https:\/\/vocesparalelas.com.ar\/sitio\/wp-content\/uploads\/2025\/05\/RIVADAVIA-PLAZA-CABANA-02-768x512.jpg 768w\" sizes=\"auto, (max-width: 800px) 100vw, 800px\" \/><\/p>\n<p>&nbsp;<\/p>\n<p>La Bande de M\u00fasica del RIM 22 interpret\u00f3 el Himno Nacional Argentino<\/p>\n<p><iframe loading=\"lazy\" title=\"RIVADAVIA RIM 22 HIMNO NACIONAL ARGENTINO\" width=\"800\" height=\"450\" src=\"https:\/\/www.youtube.com\/embed\/CZdVa7nCfes?feature=oembed\" frameborder=\"0\" allow=\"accelerometer; autoplay; clipboard-write; encrypted-media; gyroscope; picture-in-picture; web-share\" referrerpolicy=\"strict-origin-when-cross-origin\" allowfullscreen><\/iframe><\/p>\n<p>&nbsp;<\/p>\n<p>Seguidamente, el Director de Obra P\u00fablica Municipal, Ing. Mario Garc\u00eda agradeci\u00f3 a los que trabajaron para que el proyecto se logre en la Plaza La Caba\u00f1a y que es l\u00ednea de de la gesti\u00f3n para que los vecinos puedan tener su pedido cumplido.<\/p>\n<p><iframe loading=\"lazy\" title=\"RIVADAVIA ING MARIO GARC\u00cdA\" width=\"800\" height=\"450\" src=\"https:\/\/www.youtube.com\/embed\/gGns6oazUiQ?feature=oembed\" frameborder=\"0\" allow=\"accelerometer; autoplay; clipboard-write; encrypted-media; gyroscope; picture-in-picture; web-share\" referrerpolicy=\"strict-origin-when-cross-origin\" allowfullscreen><\/iframe><\/p>\n<p>De esta manera, la Municipalidad de la Ciudad de Rivadavia cumpli\u00f3 el pedido de los vecinos del Barrio STOTAC\u00a0 y de otros barrios que utilizan y disfrutan en familia el remodelado espacio verde.<\/p>\n<p><img loading=\"lazy\" decoding=\"async\" class=\"alignnone size-full wp-image-66896\" src=\"https:\/\/vocesparalelas.com.ar\/sitio\/wp-content\/uploads\/2023\/12\/RIVADAVIA-LOGO-NUEVO.jpg\" alt=\"\" width=\"800\" height=\"533\" srcset=\"https:\/\/vocesparalelas.com.ar\/sitio\/wp-content\/uploads\/2023\/12\/RIVADAVIA-LOGO-NUEVO.jpg 800w, https:\/\/vocesparalelas.com.ar\/sitio\/wp-content\/uploads\/2023\/12\/RIVADAVIA-LOGO-NUEVO-300x200.jpg 300w, https:\/\/vocesparalelas.com.ar\/sitio\/wp-content\/uploads\/2023\/12\/RIVADAVIA-LOGO-NUEVO-768x512.jpg 768w\" sizes=\"auto, (max-width: 800px) 100vw, 800px\" \/><\/p>\n","protected":false},"excerpt":{"rendered":"<p>La Municipalidad de la Ciudad de Rivadavia trabajo se inaugur\u00f3 la Remodelaci\u00f3n\u00a0 e Iluminaci\u00f3n de la Plaza \u00abLa Caba\u00f1a\u00bb del<\/p>\n","protected":false},"author":3,"featured_media":86487,"comment_status":"closed","ping_status":"closed","sticky":false,"template":"","format":"standard","meta":{"_acf_changed":false,"_seopress_robots_primary_cat":"none","_seopress_titles_title":"","_seopress_titles_desc":"","_seopress_robots_index":"","colormag_page_container_layout":"default_layout","colormag_page_sidebar_layout":"default_layout","footnotes":""},"categories":[1,7],"tags":[],"class_list":["post-86478","post","type-post","status-publish","format-standard","has-post-thumbnail","hentry","category-destacadas","category-videos"],"acf":[],"_links":{"self":[{"href":"https:\/\/vocesparalelas.com.ar\/sitio\/wp-json\/wp\/v2\/posts\/86478","targetHints":{"allow":["GET"]}}],"collection":[{"href":"https:\/\/vocesparalelas.com.ar\/sitio\/wp-json\/wp\/v2\/posts"}],"about":[{"href":"https:\/\/vocesparalelas.com.ar\/sitio\/wp-json\/wp\/v2\/types\/post"}],"author":[{"embeddable":true,"href":"https:\/\/vocesparalelas.com.ar\/sitio\/wp-json\/wp\/v2\/users\/3"}],"replies":[{"embeddable":true,"href":"https:\/\/vocesparalelas.com.ar\/sitio\/wp-json\/wp\/v2\/comments?post=86478"}],"version-history":[{"count":2,"href":"https:\/\/vocesparalelas.com.ar\/sitio\/wp-json\/wp\/v2\/posts\/86478\/revisions"}],"predecessor-version":[{"id":86489,"href":"https:\/\/vocesparalelas.com.ar\/sitio\/wp-json\/wp\/v2\/posts\/86478\/revisions\/86489"}],"wp:featuredmedia":[{"embeddable":true,"href":"https:\/\/vocesparalelas.com.ar\/sitio\/wp-json\/wp\/v2\/media\/86487"}],"wp:attachment":[{"href":"https:\/\/vocesparalelas.com.ar\/sitio\/wp-json\/wp\/v2\/media?parent=86478"}],"wp:term":[{"taxonomy":"category","embeddable":true,"href":"https:\/\/vocesparalelas.com.ar\/sitio\/wp-json\/wp\/v2\/categories?post=86478"},{"taxonomy":"post_tag","embeddable":true,"href":"https:\/\/vocesparalelas.com.ar\/sitio\/wp-json\/wp\/v2\/tags?post=86478"}],"curies":[{"name":"wp","href":"https:\/\/api.w.org\/{rel}","templated":true}]}}