{"id":86474,"date":"2025-05-17T15:11:05","date_gmt":"2025-05-17T18:11:05","guid":{"rendered":"https:\/\/vocesparalelas.com.ar\/sitio\/?p=86474"},"modified":"2025-05-19T23:35:51","modified_gmt":"2025-05-20T02:35:51","slug":"curso-certificacion-pedagogica-en-la-ensenanza-de-la-matematica-para-el-nivel-secundario-en-san-juan","status":"publish","type":"post","link":"https:\/\/vocesparalelas.com.ar\/sitio\/curso-certificacion-pedagogica-en-la-ensenanza-de-la-matematica-para-el-nivel-secundario-en-san-juan\/","title":{"rendered":"Curso \u00abCertificaci\u00f3n pedag\u00f3gica en la ense\u00f1anza de la Matem\u00e1tica para el Nivel Secundario\u00bb en San Juan"},"content":{"rendered":"<p>el Jueves 22 de mayo del 2025, de 16:30 a 20:30 hs.; en el Colegio Superior N\u00b0 1 de Rawson de desarrolla el Curso \u00abCertificaci\u00f3n pedag\u00f3gica en la ense\u00f1anza de la Matem\u00e1tica para el Nivel Secundario\u00bb.<\/p>\n<p><strong><span style=\"color: #ff6600;\">Destinatarios<\/span><\/strong><\/p>\n<ul>\n<li>Profesores de ense\u00f1anza primaria en ejercicio de la disciplina Matem\u00e1tica<\/li>\n<li>Profesores del Nivel Secundario.<\/li>\n<\/ul>\n<p><strong><span style=\"color: #ff6600;\">Inicio<\/span><\/strong><\/p>\n<p>Comienza el Jueves 22 de mayo del 2025, de 16:30 a 20:30 hs.; en el Colegio Superior N\u00b0 1 de Rawson. Presencial con resoluci\u00f3n ministerial en tr\u00e1mite. Con 180 horas reloj.<\/p>\n<p><strong><span style=\"color: #ff6600;\">Inscripci\u00f3n<\/span><\/strong><\/p>\n<p><a href=\"https:\/\/forms.gle\/exSLm9uWF3ugx4kL7\">https:\/\/forms.gle\/exSLm9uWF3ugx4kL7<\/a><\/p>\n<p><img loading=\"lazy\" decoding=\"async\" class=\"alignnone size-full wp-image-28629\" src=\"https:\/\/vocesparalelas.com.ar\/sitio\/wp-content\/uploads\/2020\/05\/MINISTERIO-EDUCACION-SJ.jpg\" alt=\"\" width=\"800\" height=\"533\" srcset=\"https:\/\/vocesparalelas.com.ar\/sitio\/wp-content\/uploads\/2020\/05\/MINISTERIO-EDUCACION-SJ.jpg 800w, https:\/\/vocesparalelas.com.ar\/sitio\/wp-content\/uploads\/2020\/05\/MINISTERIO-EDUCACION-SJ-300x200.jpg 300w, https:\/\/vocesparalelas.com.ar\/sitio\/wp-content\/uploads\/2020\/05\/MINISTERIO-EDUCACION-SJ-768x512.jpg 768w\" sizes=\"auto, (max-width: 800px) 100vw, 800px\" \/><\/p>\n","protected":false},"excerpt":{"rendered":"<p>el Jueves 22 de mayo del 2025, de 16:30 a 20:30 hs.; en el Colegio Superior N\u00b0 1 de Rawson<\/p>\n","protected":false},"author":3,"featured_media":13754,"comment_status":"closed","ping_status":"closed","sticky":false,"template":"","format":"standard","meta":{"_acf_changed":false,"_seopress_robots_primary_cat":"none","_seopress_titles_title":"","_seopress_titles_desc":"","_seopress_robots_index":"","colormag_page_container_layout":"default_layout","colormag_page_sidebar_layout":"default_layout","footnotes":""},"categories":[9],"tags":[],"class_list":["post-86474","post","type-post","status-publish","format-standard","has-post-thumbnail","hentry","category-cursos"],"acf":[],"_links":{"self":[{"href":"https:\/\/vocesparalelas.com.ar\/sitio\/wp-json\/wp\/v2\/posts\/86474","targetHints":{"allow":["GET"]}}],"collection":[{"href":"https:\/\/vocesparalelas.com.ar\/sitio\/wp-json\/wp\/v2\/posts"}],"about":[{"href":"https:\/\/vocesparalelas.com.ar\/sitio\/wp-json\/wp\/v2\/types\/post"}],"author":[{"embeddable":true,"href":"https:\/\/vocesparalelas.com.ar\/sitio\/wp-json\/wp\/v2\/users\/3"}],"replies":[{"embeddable":true,"href":"https:\/\/vocesparalelas.com.ar\/sitio\/wp-json\/wp\/v2\/comments?post=86474"}],"version-history":[{"count":1,"href":"https:\/\/vocesparalelas.com.ar\/sitio\/wp-json\/wp\/v2\/posts\/86474\/revisions"}],"predecessor-version":[{"id":86477,"href":"https:\/\/vocesparalelas.com.ar\/sitio\/wp-json\/wp\/v2\/posts\/86474\/revisions\/86477"}],"wp:featuredmedia":[{"embeddable":true,"href":"https:\/\/vocesparalelas.com.ar\/sitio\/wp-json\/wp\/v2\/media\/13754"}],"wp:attachment":[{"href":"https:\/\/vocesparalelas.com.ar\/sitio\/wp-json\/wp\/v2\/media?parent=86474"}],"wp:term":[{"taxonomy":"category","embeddable":true,"href":"https:\/\/vocesparalelas.com.ar\/sitio\/wp-json\/wp\/v2\/categories?post=86474"},{"taxonomy":"post_tag","embeddable":true,"href":"https:\/\/vocesparalelas.com.ar\/sitio\/wp-json\/wp\/v2\/tags?post=86474"}],"curies":[{"name":"wp","href":"https:\/\/api.w.org\/{rel}","templated":true}]}}